{"id":100250,"date":"2024-07-29T06:30:30","date_gmt":"2024-07-29T09:30:30","guid":{"rendered":"https:\/\/www.correspondentevianopolino.com.br\/site\/?p=100250"},"modified":"2024-07-30T12:19:54","modified_gmt":"2024-07-30T15:19:54","slug":"falece-vicente-rodrigues-siqueira-fazendeiro-de-familia-tradicional-de-nossa-regiao","status":"publish","type":"post","link":"https:\/\/www.correspondentevianopolino.com.br\/site\/falece-vicente-rodrigues-siqueira-fazendeiro-de-familia-tradicional-de-nossa-regiao\/","title":{"rendered":"FALECE VICENTE RODRIGUES SIQUEIRA, FAZENDEIRO DE FAM\u00cdLIA TRADICIONAL DE NOSSA REGI\u00c3O"},"content":{"rendered":"\n<figure class=\"wp-block-image size-large\"><img decoding=\"async\" width=\"819\" height=\"1024\" src=\"https:\/\/www.correspondentevianopolino.com.br\/site\/wp-content\/uploads\/2024\/07\/IMG-20240716-WA0386-819x1024.jpg\" alt=\"\" class=\"wp-image-99958\" srcset=\"https:\/\/www.correspondentevianopolino.com.br\/site\/wp-content\/uploads\/2024\/07\/IMG-20240716-WA0386-819x1024.jpg 819w, https:\/\/www.correspondentevianopolino.com.br\/site\/wp-content\/uploads\/2024\/07\/IMG-20240716-WA0386-240x300.jpg 240w, https:\/\/www.correspondentevianopolino.com.br\/site\/wp-content\/uploads\/2024\/07\/IMG-20240716-WA0386-465x582.jpg 465w, https:\/\/www.correspondentevianopolino.com.br\/site\/wp-content\/uploads\/2024\/07\/IMG-20240716-WA0386-768x960.jpg 768w, https:\/\/www.correspondentevianopolino.com.br\/site\/wp-content\/uploads\/2024\/07\/IMG-20240716-WA0386-1228x1536.jpg 1228w, https:\/\/www.correspondentevianopolino.com.br\/site\/wp-content\/uploads\/2024\/07\/IMG-20240716-WA0386-1638x2048.jpg 1638w, https:\/\/www.correspondentevianopolino.com.br\/site\/wp-content\/uploads\/2024\/07\/IMG-20240716-WA0386-248x310.jpg 248w, https:\/\/www.correspondentevianopolino.com.br\/site\/wp-content\/uploads\/2024\/07\/IMG-20240716-WA0386-170x213.jpg 170w, https:\/\/www.correspondentevianopolino.com.br\/site\/wp-content\/uploads\/2024\/07\/IMG-20240716-WA0386-163x204.jpg 163w, https:\/\/www.correspondentevianopolino.com.br\/site\/wp-content\/uploads\/2024\/07\/IMG-20240716-WA0386-152x190.jpg 152w, https:\/\/www.correspondentevianopolino.com.br\/site\/wp-content\/uploads\/2024\/07\/IMG-20240716-WA0386.jpg 2047w\" sizes=\"(max-width: 819px) 100vw, 819px\" \/><\/figure>\n\n\n\n<p>Faleceu na madrugada de hoje, 29\/07, em sua propriedade rural na regi\u00e3o do Rio dos Bois, munic\u00edpio de S\u00e3o Miguel do Passa Quatro, <strong>VICENTE RODRIGUES SIQUEIRA<\/strong>, de fam\u00edlia tradicional e muito conhecido em nossa regi\u00e3o.<\/p>\n\n\n\n<p>Ele que faleceu aos 74 anos de idade lutava contra um c\u00e2ncer h\u00e1 diversos meses.<\/p>\n\n\n\n<p>Infelizmente, veio a \u00f3bito.<\/p>\n\n\n\n<p>Vicente Rodrigues Siqueira era casado com Rosenilda Pires Siqueira e pai de Silma Maria Siqueira e dos saudosos, Sidon Jos\u00e9 Siqueira e Selma Maria Siqueira.<\/p>\n\n\n\n<p>Ele era irm\u00e3o, dentre outros, de Ant\u00f4nio Rodrigues Siqueira(Toninho Rodrigues).<\/p>\n\n\n\n<p>O corpo de Vicente Rodrigues Siqueira ser\u00e1 velado na Sala de Vel\u00f3rios da Funer\u00e1ria Pax Universo, pr\u00f3ximo a Du Carmo Eventos e sepultado \u00e0s 16h de hoje, 29\/07, no Cemit\u00e9rio Central da Rua Calil Elias Neto.<\/p>\n\n\n\n<p><strong>\u00c0 fam\u00edlia enlutada, nossas condol\u00eancias.<\/strong><\/p>\n\n\n<figure class=\"wp-block-post-featured-image\"><img decoding=\"async\" width=\"232\" height=\"309\" src=\"https:\/\/www.correspondentevianopolino.com.br\/site\/wp-content\/uploads\/2024\/07\/1000404636.jpg\" class=\"attachment-post-thumbnail size-post-thumbnail wp-post-image\" alt=\"\" style=\"object-fit:cover;\" srcset=\"https:\/\/www.correspondentevianopolino.com.br\/site\/wp-content\/uploads\/2024\/07\/1000404636.jpg 232w, https:\/\/www.correspondentevianopolino.com.br\/site\/wp-content\/uploads\/2024\/07\/1000404636-225x300.jpg 225w, https:\/\/www.correspondentevianopolino.com.br\/site\/wp-content\/uploads\/2024\/07\/1000404636-160x213.jpg 160w, https:\/\/www.correspondentevianopolino.com.br\/site\/wp-content\/uploads\/2024\/07\/1000404636-153x204.jpg 153w, https:\/\/www.correspondentevianopolino.com.br\/site\/wp-content\/uploads\/2024\/07\/1000404636-143x190.jpg 143w\" sizes=\"(max-width: 232px) 100vw, 232px\" \/><\/figure>\n\n\n<figure class=\"wp-block-image size-full\"><img decoding=\"async\" width=\"232\" height=\"309\" src=\"https:\/\/www.correspondentevianopolino.com.br\/site\/wp-content\/uploads\/2024\/07\/1000404636.jpg\" alt=\"\" class=\"wp-image-100251\" srcset=\"https:\/\/www.correspondentevianopolino.com.br\/site\/wp-content\/uploads\/2024\/07\/1000404636.jpg 232w, https:\/\/www.correspondentevianopolino.com.br\/site\/wp-content\/uploads\/2024\/07\/1000404636-225x300.jpg 225w, https:\/\/www.correspondentevianopolino.com.br\/site\/wp-content\/uploads\/2024\/07\/1000404636-160x213.jpg 160w, https:\/\/www.correspondentevianopolino.com.br\/site\/wp-content\/uploads\/2024\/07\/1000404636-153x204.jpg 153w, https:\/\/www.correspondentevianopolino.com.br\/site\/wp-content\/uploads\/2024\/07\/1000404636-143x190.jpg 143w\" sizes=\"(max-width: 232px) 100vw, 232px\" \/><\/figure>\n","protected":false},"excerpt":{"rendered":"<p>Faleceu na madrugada de hoje, 29\/07, em sua propriedade rural na regi\u00e3o do Rio dos Bois, munic\u00edpio de S\u00e3o Miguel [&hellip;]<\/p>\n","protected":false},"author":2,"featured_media":100251,"comment_status":"open","ping_status":"closed","sticky":false,"template":"","format":"standard","meta":{"_uag_custom_page_level_css":"","site-sidebar-layout":"default","site-content-layout":"","ast-site-content-layout":"default","site-content-style":"default","site-sidebar-style":"default","ast-global-header-display":"","ast-banner-title-visibility":"","ast-main-header-display":"","ast-hfb-above-header-display":"","ast-hfb-below-header-display":"","ast-hfb-mobile-header-display":"","site-post-title":"","ast-breadcrumbs-content":"","ast-featured-img":"","footer-sml-layout":"","ast-disable-related-posts":"","theme-transparent-header-meta":"","adv-header-id-meta":"","stick-header-meta":"","header-above-stick-meta":"","header-main-stick-meta":"","header-below-stick-meta":"","astra-migrate-meta-layouts":"default","ast-page-background-enabled":"default","ast-page-background-meta":{"desktop":{"background-color":"var(--ast-global-color-4)","background-image":"","background-repeat":"repeat","background-position":"center center","background-size":"auto","background-attachment":"scroll","background-type":"","background-media":"","overlay-type":"","overlay-color":"","overlay-opacity":"","overlay-gradient":""},"tablet":{"background-color":"","background-image":"","background-repeat":"repeat","background-position":"center center","background-size":"auto","background-attachment":"scroll","background-type":"","background-media":"","overlay-type":"","overlay-color":"","overlay-opacity":"","overlay-gradient":""},"mobile":{"background-color":"","background-image":"","background-repeat":"repeat","background-position":"center center","background-size":"auto","background-attachment":"scroll","background-type":"","background-media":"","overlay-type":"","overlay-color":"","overlay-opacity":"","overlay-gradient":""}},"ast-content-background-meta":{"desktop":{"background-color":"var(--ast-global-color-5)","background-image":"","background-repeat":"repeat","background-position":"center center","background-size":"auto","background-attachment":"scroll","background-type":"","background-media":"","overlay-type":"","overlay-color":"","overlay-opacity":"","overlay-gradient":""},"tablet":{"background-color":"var(--ast-global-color-5)","background-image":"","background-repeat":"repeat","background-position":"center center","background-size":"auto","background-attachment":"scroll","background-type":"","background-media":"","overlay-type":"","overlay-color":"","overlay-opacity":"","overlay-gradient":""},"mobile":{"background-color":"var(--ast-global-color-5)","background-image":"","background-repeat":"repeat","background-position":"center center","background-size":"auto","background-attachment":"scroll","background-type":"","background-media":"","overlay-type":"","overlay-color":"","overlay-opacity":"","overlay-gradient":""}},"footnotes":""},"categories":[1],"tags":[],"class_list":["post-100250","post","type-post","status-publish","format-standard","has-post-thumbnail","hentry","category-ultimas"],"uagb_featured_image_src":{"full":["https:\/\/www.correspondentevianopolino.com.br\/site\/wp-content\/uploads\/2024\/07\/1000404636.jpg",232,309,false],"thumbnail":["https:\/\/www.correspondentevianopolino.com.br\/site\/wp-content\/uploads\/2024\/07\/1000404636.jpg",232,309,false],"medium":["https:\/\/www.correspondentevianopolino.com.br\/site\/wp-content\/uploads\/2024\/07\/1000404636-225x300.jpg",225,300,true],"medium_large":["https:\/\/www.correspondentevianopolino.com.br\/site\/wp-content\/uploads\/2024\/07\/1000404636.jpg",232,309,false],"large":["https:\/\/www.correspondentevianopolino.com.br\/site\/wp-content\/uploads\/2024\/07\/1000404636.jpg",232,309,false],"1536x1536":["https:\/\/www.correspondentevianopolino.com.br\/site\/wp-content\/uploads\/2024\/07\/1000404636.jpg",232,309,false],"2048x2048":["https:\/\/www.correspondentevianopolino.com.br\/site\/wp-content\/uploads\/2024\/07\/1000404636.jpg",232,309,false]},"uagb_author_info":{"display_name":"Ol\u00edvio Lemos","author_link":"https:\/\/www.correspondentevianopolino.com.br\/site\/author\/olivio\/"},"uagb_comment_info":1,"uagb_excerpt":"Faleceu na madrugada de hoje, 29\/07, em sua propriedade rural na regi\u00e3o do Rio dos Bois, munic\u00edpio de S\u00e3o Miguel [&hellip;]","_links":{"self":[{"href":"https:\/\/www.correspondentevianopolino.com.br\/site\/wp-json\/wp\/v2\/posts\/100250","targetHints":{"allow":["GET"]}}],"collection":[{"href":"https:\/\/www.correspondentevianopolino.com.br\/site\/wp-json\/wp\/v2\/posts"}],"about":[{"href":"https:\/\/www.correspondentevianopolino.com.br\/site\/wp-json\/wp\/v2\/types\/post"}],"author":[{"embeddable":true,"href":"https:\/\/www.correspondentevianopolino.com.br\/site\/wp-json\/wp\/v2\/users\/2"}],"replies":[{"embeddable":true,"href":"https:\/\/www.correspondentevianopolino.com.br\/site\/wp-json\/wp\/v2\/comments?post=100250"}],"version-history":[{"count":0,"href":"https:\/\/www.correspondentevianopolino.com.br\/site\/wp-json\/wp\/v2\/posts\/100250\/revisions"}],"wp:featuredmedia":[{"embeddable":true,"href":"https:\/\/www.correspondentevianopolino.com.br\/site\/wp-json\/wp\/v2\/media\/100251"}],"wp:attachment":[{"href":"https:\/\/www.correspondentevianopolino.com.br\/site\/wp-json\/wp\/v2\/media?parent=100250"}],"wp:term":[{"taxonomy":"category","embeddable":true,"href":"https:\/\/www.correspondentevianopolino.com.br\/site\/wp-json\/wp\/v2\/categories?post=100250"},{"taxonomy":"post_tag","embeddable":true,"href":"https:\/\/www.correspondentevianopolino.com.br\/site\/wp-json\/wp\/v2\/tags?post=100250"}],"curies":[{"name":"wp","href":"https:\/\/api.w.org\/{rel}","templated":true}]}}