{"id":104319,"date":"2024-11-27T16:50:08","date_gmt":"2024-11-27T19:50:08","guid":{"rendered":"https:\/\/www.correspondentevianopolino.com.br\/site\/?p=104319"},"modified":"2024-11-27T16:54:22","modified_gmt":"2024-11-27T19:54:22","slug":"secretaria-municipal-de-educacao-e-agraciada-com-selop-ouro-pelo-ministerio-da-educacao-secretario-professor-kleber-fala-sobre-a-premiacao","status":"publish","type":"post","link":"https:\/\/www.correspondentevianopolino.com.br\/site\/secretaria-municipal-de-educacao-e-agraciada-com-selop-ouro-pelo-ministerio-da-educacao-secretario-professor-kleber-fala-sobre-a-premiacao\/","title":{"rendered":"SECRETARIA DE EDUCA\u00c7\u00c3O DE VIAN\u00d3POLIS \u00c9 AGRACIADA COM SELO OURO PELO MINIST\u00c9RIO DA EDUCA\u00c7\u00c3O&#8230; SECRET\u00c1RIO PROFESSOR KL\u00c9BER FALA SOBRE A PREMIA\u00c7\u00c3O"},"content":{"rendered":"\n<p><\/p>\n\n\n\n<div class=\"wp-block-uagb-image uagb-block-771104e4 wp-block-uagb-image--layout-default wp-block-uagb-image--effect-static wp-block-uagb-image--align-none\"><figure class=\"wp-block-uagb-image__figure\"><img decoding=\"async\" srcset=\"https:\/\/www.correspondentevianopolino.com.br\/site\/wp-content\/uploads\/2024\/11\/thumbnail-1-2-540x675.jpg ,https:\/\/www.correspondentevianopolino.com.br\/site\/wp-content\/uploads\/2024\/11\/thumbnail-1-2.jpg 780w, https:\/\/www.correspondentevianopolino.com.br\/site\/wp-content\/uploads\/2024\/11\/thumbnail-1-2.jpg 360w\" sizes=\"auto, (max-width: 480px) 150px\" src=\"https:\/\/www.correspondentevianopolino.com.br\/site\/wp-content\/uploads\/2024\/11\/thumbnail-1-2-540x675.jpg\" alt=\"\" class=\"uag-image-104296\" width=\"540\" height=\"675\" title=\"thumbnail (1)\" loading=\"lazy\" role=\"img\"\/><\/figure><\/div>\n\n\n\n<p>O Minist\u00e9rio da Educa\u00e7\u00e3o(MEC), por meio da Secretaria de Educa\u00e7\u00e3o B\u00e1sica, divulgou o resultado do Selo Nacional Compromisso com a Alfabetiza\u00e7\u00e3o\/2024.<\/p>\n\n\n\n<p>A iniciativa \u00e9 desenvolvida dentro do Compromisso Nacional Crian\u00e7a Alfabetizada e visa reconhecer as secretarias de educa\u00e7\u00e3o dos estados, munic\u00edpios e do distrito federal que cumpriram metas de alfabetiza\u00e7\u00e3o e redu\u00e7\u00e3o de desigualdades estabelecidas pelo Plano Nacional de Educa\u00e7\u00e3o.<\/p>\n\n\n\n<p>Entre os objetos do selo, est\u00e1 incentivar a ado\u00e7\u00e3o de pol\u00edticas, programas, estrat\u00e9gias e pr\u00e1ticas que apresentem resultados excelentes na alfabetiza\u00e7\u00e3o de crian\u00e7as.<\/p>\n\n\n\n<p>O emblema \u00e9 dividido em tr\u00eas categorias: bronze, prata e ouro.<\/p>\n\n\n\n<p><strong>O munic\u00edpio de Vian\u00f3polis por ter obtido nota 100 foi agraciado com o Selo Ouro.<\/strong><\/p>\n\n\n\n<p>Falando \u00e0 nossa reportagem, o Secret\u00e1rio Municipal de Educa\u00e7\u00e3o, Professor Kl\u00e9ber disse que a premia\u00e7\u00e3o \u00e9 o reconhecimento ao trabalho s\u00e9rio e desenvolvido com muita dedica\u00e7\u00e3o por sua equipe de colaboradores( Professores, Coordenadores e outros) nas escolas do munic\u00edpio.<\/p>\n\n\n\n<p>Ele afirmou que a Secretaria de Educa\u00e7\u00e3o de Vian\u00f3polis est\u00e1 comprometida em garantir o direito das crian\u00e7as a ler e escrever.<\/p>\n\n\n\n<p>Por fim, Professor Kl\u00e9ber agradeceu sua equipe de colaboradores da Secretaria de Educa\u00e7\u00e3o, assim como aqueles que nas escolas fizeram um trabalho de excel\u00eancia e que agora \u00e9 reconhecido pelo Minist\u00e9rio da Educa\u00e7\u00e3o.<\/p>\n\n\n\n<div class=\"wp-block-uagb-image uagb-block-f2c0dcf5 wp-block-uagb-image--layout-default wp-block-uagb-image--effect-static wp-block-uagb-image--align-none\"><figure class=\"wp-block-uagb-image__figure\"><img decoding=\"async\" srcset=\"https:\/\/www.correspondentevianopolino.com.br\/site\/wp-content\/uploads\/2024\/11\/KLEBER-PEREIRA-DE-OLIVEIRA-506x675.jpg ,https:\/\/www.correspondentevianopolino.com.br\/site\/wp-content\/uploads\/2024\/11\/KLEBER-PEREIRA-DE-OLIVEIRA.jpg 780w, https:\/\/www.correspondentevianopolino.com.br\/site\/wp-content\/uploads\/2024\/11\/KLEBER-PEREIRA-DE-OLIVEIRA.jpg 360w\" sizes=\"auto, (max-width: 480px) 150px\" src=\"https:\/\/www.correspondentevianopolino.com.br\/site\/wp-content\/uploads\/2024\/11\/KLEBER-PEREIRA-DE-OLIVEIRA-506x675.jpg\" alt=\"\" class=\"uag-image-104320\" width=\"720\" height=\"960\" title=\"KL\u00c9BER PEREIRA DE OLIVEIRA\" loading=\"lazy\" role=\"img\"\/><\/figure><\/div>\n","protected":false},"excerpt":{"rendered":"<p>O Minist\u00e9rio da Educa\u00e7\u00e3o(MEC), por meio da Secretaria de Educa\u00e7\u00e3o B\u00e1sica, divulgou o resultado do Selo Nacional Compromisso com a [&hellip;]<\/p>\n","protected":false},"author":2,"featured_media":104320,"comment_status":"open","ping_status":"closed","sticky":false,"template":"","format":"standard","meta":{"_uag_custom_page_level_css":"","site-sidebar-layout":"default","site-content-layout":"","ast-site-content-layout":"default","site-content-style":"default","site-sidebar-style":"default","ast-global-header-display":"","ast-banner-title-visibility":"","ast-main-header-display":"","ast-hfb-above-header-display":"","ast-hfb-below-header-display":"","ast-hfb-mobile-header-display":"","site-post-title":"","ast-breadcrumbs-content":"","ast-featured-img":"","footer-sml-layout":"","ast-disable-related-posts":"","theme-transparent-header-meta":"","adv-header-id-meta":"","stick-header-meta":"","header-above-stick-meta":"","header-main-stick-meta":"","header-below-stick-meta":"","astra-migrate-meta-layouts":"default","ast-page-background-enabled":"default","ast-page-background-meta":{"desktop":{"background-color":"var(--ast-global-color-4)","background-image":"","background-repeat":"repeat","background-position":"center center","background-size":"auto","background-attachment":"scroll","background-type":"","background-media":"","overlay-type":"","overlay-color":"","overlay-opacity":"","overlay-gradient":""},"tablet":{"background-color":"","background-image":"","background-repeat":"repeat","background-position":"center center","background-size":"auto","background-attachment":"scroll","background-type":"","background-media":"","overlay-type":"","overlay-color":"","overlay-opacity":"","overlay-gradient":""},"mobile":{"background-color":"","background-image":"","background-repeat":"repeat","background-position":"center center","background-size":"auto","background-attachment":"scroll","background-type":"","background-media":"","overlay-type":"","overlay-color":"","overlay-opacity":"","overlay-gradient":""}},"ast-content-background-meta":{"desktop":{"background-color":"var(--ast-global-color-5)","background-image":"","background-repeat":"repeat","background-position":"center center","background-size":"auto","background-attachment":"scroll","background-type":"","background-media":"","overlay-type":"","overlay-color":"","overlay-opacity":"","overlay-gradient":""},"tablet":{"background-color":"var(--ast-global-color-5)","background-image":"","background-repeat":"repeat","background-position":"center center","background-size":"auto","background-attachment":"scroll","background-type":"","background-media":"","overlay-type":"","overlay-color":"","overlay-opacity":"","overlay-gradient":""},"mobile":{"background-color":"var(--ast-global-color-5)","background-image":"","background-repeat":"repeat","background-position":"center center","background-size":"auto","background-attachment":"scroll","background-type":"","background-media":"","overlay-type":"","overlay-color":"","overlay-opacity":"","overlay-gradient":""}},"footnotes":""},"categories":[1],"tags":[],"class_list":["post-104319","post","type-post","status-publish","format-standard","has-post-thumbnail","hentry","category-ultimas","ColorsTitles-2b47ff"],"uagb_featured_image_src":{"full":["https:\/\/www.correspondentevianopolino.com.br\/site\/wp-content\/uploads\/2024\/11\/KLEBER-PEREIRA-DE-OLIVEIRA.jpg",720,960,false],"thumbnail":["https:\/\/www.correspondentevianopolino.com.br\/site\/wp-content\/uploads\/2024\/11\/KLEBER-PEREIRA-DE-OLIVEIRA-465x620.jpg",465,620,true],"medium":["https:\/\/www.correspondentevianopolino.com.br\/site\/wp-content\/uploads\/2024\/11\/KLEBER-PEREIRA-DE-OLIVEIRA-225x300.jpg",225,300,true],"medium_large":["https:\/\/www.correspondentevianopolino.com.br\/site\/wp-content\/uploads\/2024\/11\/KLEBER-PEREIRA-DE-OLIVEIRA.jpg",720,960,false],"large":["https:\/\/www.correspondentevianopolino.com.br\/site\/wp-content\/uploads\/2024\/11\/KLEBER-PEREIRA-DE-OLIVEIRA-506x675.jpg",506,675,true],"1536x1536":["https:\/\/www.correspondentevianopolino.com.br\/site\/wp-content\/uploads\/2024\/11\/KLEBER-PEREIRA-DE-OLIVEIRA.jpg",720,960,false],"2048x2048":["https:\/\/www.correspondentevianopolino.com.br\/site\/wp-content\/uploads\/2024\/11\/KLEBER-PEREIRA-DE-OLIVEIRA.jpg",720,960,false]},"uagb_author_info":{"display_name":"Ol\u00edvio Lemos","author_link":"https:\/\/www.correspondentevianopolino.com.br\/site\/author\/olivio\/"},"uagb_comment_info":8,"uagb_excerpt":"O Minist\u00e9rio da Educa\u00e7\u00e3o(MEC), por meio da Secretaria de Educa\u00e7\u00e3o B\u00e1sica, divulgou o resultado do Selo Nacional Compromisso com a [&hellip;]","_links":{"self":[{"href":"https:\/\/www.correspondentevianopolino.com.br\/site\/wp-json\/wp\/v2\/posts\/104319","targetHints":{"allow":["GET"]}}],"collection":[{"href":"https:\/\/www.correspondentevianopolino.com.br\/site\/wp-json\/wp\/v2\/posts"}],"about":[{"href":"https:\/\/www.correspondentevianopolino.com.br\/site\/wp-json\/wp\/v2\/types\/post"}],"author":[{"embeddable":true,"href":"https:\/\/www.correspondentevianopolino.com.br\/site\/wp-json\/wp\/v2\/users\/2"}],"replies":[{"embeddable":true,"href":"https:\/\/www.correspondentevianopolino.com.br\/site\/wp-json\/wp\/v2\/comments?post=104319"}],"version-history":[{"count":0,"href":"https:\/\/www.correspondentevianopolino.com.br\/site\/wp-json\/wp\/v2\/posts\/104319\/revisions"}],"wp:featuredmedia":[{"embeddable":true,"href":"https:\/\/www.correspondentevianopolino.com.br\/site\/wp-json\/wp\/v2\/media\/104320"}],"wp:attachment":[{"href":"https:\/\/www.correspondentevianopolino.com.br\/site\/wp-json\/wp\/v2\/media?parent=104319"}],"wp:term":[{"taxonomy":"category","embeddable":true,"href":"https:\/\/www.correspondentevianopolino.com.br\/site\/wp-json\/wp\/v2\/categories?post=104319"},{"taxonomy":"post_tag","embeddable":true,"href":"https:\/\/www.correspondentevianopolino.com.br\/site\/wp-json\/wp\/v2\/tags?post=104319"}],"curies":[{"name":"wp","href":"https:\/\/api.w.org\/{rel}","templated":true}]}}