{"id":107012,"date":"2025-03-08T21:34:48","date_gmt":"2025-03-09T00:34:48","guid":{"rendered":"https:\/\/www.correspondentevianopolino.com.br\/site\/?p=107012"},"modified":"2025-03-10T10:33:54","modified_gmt":"2025-03-10T13:33:54","slug":"esfaqueado","status":"publish","type":"post","link":"https:\/\/www.correspondentevianopolino.com.br\/site\/esfaqueado\/","title":{"rendered":"HOMEM \u00c9 ESFAQUEADO NO BAIRRO S\u00c3O JOS\u00c9 E SOFRE LES\u00d5ES NO BRA\u00c7O, M\u00c3O E QUEIXO"},"content":{"rendered":"\n<figure class=\"wp-block-image size-large\"><img decoding=\"async\" width=\"537\" height=\"675\" src=\"https:\/\/www.correspondentevianopolino.com.br\/site\/wp-content\/uploads\/2025\/02\/thumbnail-1-537x675.jpg\" alt=\"\" class=\"wp-image-106742\" srcset=\"https:\/\/www.correspondentevianopolino.com.br\/site\/wp-content\/uploads\/2025\/02\/thumbnail-1-537x675.jpg 537w, https:\/\/www.correspondentevianopolino.com.br\/site\/wp-content\/uploads\/2025\/02\/thumbnail-1-239x300.jpg 239w, https:\/\/www.correspondentevianopolino.com.br\/site\/wp-content\/uploads\/2025\/02\/thumbnail-1-465x585.jpg 465w, https:\/\/www.correspondentevianopolino.com.br\/site\/wp-content\/uploads\/2025\/02\/thumbnail-1-768x966.jpg 768w, https:\/\/www.correspondentevianopolino.com.br\/site\/wp-content\/uploads\/2025\/02\/thumbnail-1.jpg 1080w\" sizes=\"(max-width: 537px) 100vw, 537px\" \/><\/figure>\n\n\n\n<p><strong>Por Ol\u00edvio Lemos, com informa\u00e7\u00f5es do ZAP CATAL\u00c3O e Pol\u00edcia Militar de Vian\u00f3polis<\/strong><\/p>\n\n\n\n<p><\/p>\n\n\n\n<p>Um homem de 25 anos de idade ficou ferido ap\u00f3s ser atacado com arma branca na madrugada deste s\u00e1bado, 08\/03, no Bairro S\u00e3o Jos\u00e9 , segundo ocorr\u00eancia registrada por Policiais Militares de nossa cidade. Ele estava conversando com uma mulher, quando um elemento chegou e ficou o encarando, sendo que, em seguida, houve uma discuss\u00e3o que acabou em agress\u00f5es m\u00fatuas.<\/p>\n\n\n\n<p>O agressor, com o uso de uma arma branca, desferiu diversos golpes ferindo a v\u00edtima no bra\u00e7o, m\u00e3o e queixo.<\/p>\n\n\n\n<p>Um amigo do homem ferido interveio e evitou que a situa\u00e7\u00e3o tomasse propor\u00e7\u00f5es mais graves.<\/p>\n\n\n\n<p>A v\u00edtima foi levada para o Hospital e Maternidade S\u00e3o Sebasti\u00e3o, onde foi atendido e liberado em seguida.<\/p>\n\n\n\n<p>At\u00e9 o fechamento desta edi\u00e7\u00e3o, o agressor n\u00e3o havia sido preso.<\/p>\n\n\n\n<p>Os nomes da v\u00edtima e do agressor n\u00e3o foram divulgados pela Pol\u00edcia Militar.<\/p>\n\n\n\n<p>A ocorr\u00eancia foi atendida por uma equipe policial comandada pelo Tenente Santos.<\/p>\n","protected":false},"excerpt":{"rendered":"<p>Por Ol\u00edvio Lemos, com informa\u00e7\u00f5es do ZAP CATAL\u00c3O e Pol\u00edcia Militar de Vian\u00f3polis Um homem de 25 anos de idade [&hellip;]<\/p>\n","protected":false},"author":2,"featured_media":107013,"comment_status":"open","ping_status":"closed","sticky":false,"template":"","format":"standard","meta":{"_uag_custom_page_level_css":"","site-sidebar-layout":"default","site-content-layout":"","ast-site-content-layout":"default","site-content-style":"default","site-sidebar-style":"default","ast-global-header-display":"","ast-banner-title-visibility":"","ast-main-header-display":"","ast-hfb-above-header-display":"","ast-hfb-below-header-display":"","ast-hfb-mobile-header-display":"","site-post-title":"","ast-breadcrumbs-content":"","ast-featured-img":"","footer-sml-layout":"","ast-disable-related-posts":"","theme-transparent-header-meta":"","adv-header-id-meta":"","stick-header-meta":"","header-above-stick-meta":"","header-main-stick-meta":"","header-below-stick-meta":"","astra-migrate-meta-layouts":"default","ast-page-background-enabled":"default","ast-page-background-meta":{"desktop":{"background-color":"var(--ast-global-color-4)","background-image":"","background-repeat":"repeat","background-position":"center center","background-size":"auto","background-attachment":"scroll","background-type":"","background-media":"","overlay-type":"","overlay-color":"","overlay-opacity":"","overlay-gradient":""},"tablet":{"background-color":"","background-image":"","background-repeat":"repeat","background-position":"center center","background-size":"auto","background-attachment":"scroll","background-type":"","background-media":"","overlay-type":"","overlay-color":"","overlay-opacity":"","overlay-gradient":""},"mobile":{"background-color":"","background-image":"","background-repeat":"repeat","background-position":"center center","background-size":"auto","background-attachment":"scroll","background-type":"","background-media":"","overlay-type":"","overlay-color":"","overlay-opacity":"","overlay-gradient":""}},"ast-content-background-meta":{"desktop":{"background-color":"var(--ast-global-color-5)","background-image":"","background-repeat":"repeat","background-position":"center center","background-size":"auto","background-attachment":"scroll","background-type":"","background-media":"","overlay-type":"","overlay-color":"","overlay-opacity":"","overlay-gradient":""},"tablet":{"background-color":"var(--ast-global-color-5)","background-image":"","background-repeat":"repeat","background-position":"center center","background-size":"auto","background-attachment":"scroll","background-type":"","background-media":"","overlay-type":"","overlay-color":"","overlay-opacity":"","overlay-gradient":""},"mobile":{"background-color":"var(--ast-global-color-5)","background-image":"","background-repeat":"repeat","background-position":"center center","background-size":"auto","background-attachment":"scroll","background-type":"","background-media":"","overlay-type":"","overlay-color":"","overlay-opacity":"","overlay-gradient":""}},"footnotes":""},"categories":[1],"tags":[],"class_list":["post-107012","post","type-post","status-publish","format-standard","has-post-thumbnail","hentry","category-ultimas"],"uagb_featured_image_src":{"full":["https:\/\/www.correspondentevianopolino.com.br\/site\/wp-content\/uploads\/2025\/03\/Esfaqueado.png",1393,910,false],"thumbnail":["https:\/\/www.correspondentevianopolino.com.br\/site\/wp-content\/uploads\/2025\/03\/Esfaqueado-465x304.png",465,304,true],"medium":["https:\/\/www.correspondentevianopolino.com.br\/site\/wp-content\/uploads\/2025\/03\/Esfaqueado-300x196.png",300,196,true],"medium_large":["https:\/\/www.correspondentevianopolino.com.br\/site\/wp-content\/uploads\/2025\/03\/Esfaqueado-768x502.png",768,502,true],"large":["https:\/\/www.correspondentevianopolino.com.br\/site\/wp-content\/uploads\/2025\/03\/Esfaqueado-1033x675.png",1033,675,true],"1536x1536":["https:\/\/www.correspondentevianopolino.com.br\/site\/wp-content\/uploads\/2025\/03\/Esfaqueado.png",1393,910,false],"2048x2048":["https:\/\/www.correspondentevianopolino.com.br\/site\/wp-content\/uploads\/2025\/03\/Esfaqueado.png",1393,910,false]},"uagb_author_info":{"display_name":"Ol\u00edvio Lemos","author_link":"https:\/\/www.correspondentevianopolino.com.br\/site\/author\/olivio\/"},"uagb_comment_info":0,"uagb_excerpt":"Por Ol\u00edvio Lemos, com informa\u00e7\u00f5es do ZAP CATAL\u00c3O e Pol\u00edcia Militar de Vian\u00f3polis Um homem de 25 anos de idade [&hellip;]","_links":{"self":[{"href":"https:\/\/www.correspondentevianopolino.com.br\/site\/wp-json\/wp\/v2\/posts\/107012","targetHints":{"allow":["GET"]}}],"collection":[{"href":"https:\/\/www.correspondentevianopolino.com.br\/site\/wp-json\/wp\/v2\/posts"}],"about":[{"href":"https:\/\/www.correspondentevianopolino.com.br\/site\/wp-json\/wp\/v2\/types\/post"}],"author":[{"embeddable":true,"href":"https:\/\/www.correspondentevianopolino.com.br\/site\/wp-json\/wp\/v2\/users\/2"}],"replies":[{"embeddable":true,"href":"https:\/\/www.correspondentevianopolino.com.br\/site\/wp-json\/wp\/v2\/comments?post=107012"}],"version-history":[{"count":0,"href":"https:\/\/www.correspondentevianopolino.com.br\/site\/wp-json\/wp\/v2\/posts\/107012\/revisions"}],"wp:featuredmedia":[{"embeddable":true,"href":"https:\/\/www.correspondentevianopolino.com.br\/site\/wp-json\/wp\/v2\/media\/107013"}],"wp:attachment":[{"href":"https:\/\/www.correspondentevianopolino.com.br\/site\/wp-json\/wp\/v2\/media?parent=107012"}],"wp:term":[{"taxonomy":"category","embeddable":true,"href":"https:\/\/www.correspondentevianopolino.com.br\/site\/wp-json\/wp\/v2\/categories?post=107012"},{"taxonomy":"post_tag","embeddable":true,"href":"https:\/\/www.correspondentevianopolino.com.br\/site\/wp-json\/wp\/v2\/tags?post=107012"}],"curies":[{"name":"wp","href":"https:\/\/api.w.org\/{rel}","templated":true}]}}