{"id":107035,"date":"2025-03-09T18:19:04","date_gmt":"2025-03-09T21:19:04","guid":{"rendered":"https:\/\/www.correspondentevianopolino.com.br\/site\/?p=107035"},"modified":"2025-03-10T09:24:19","modified_gmt":"2025-03-10T12:24:19","slug":"onibus","status":"publish","type":"post","link":"https:\/\/www.correspondentevianopolino.com.br\/site\/onibus\/","title":{"rendered":"\u00d4NIBUS QUE FAZIA O TRANSPORTE DE TRABALHADORES RURAIS PEGA FOGO NAS PROXIMIDADES DE VIAN\u00d3POLIS"},"content":{"rendered":"\n<figure class=\"wp-block-image size-large\"><img decoding=\"async\" width=\"537\" height=\"675\" src=\"https:\/\/www.correspondentevianopolino.com.br\/site\/wp-content\/uploads\/2025\/02\/thumbnail-1-537x675.jpg\" alt=\"\" class=\"wp-image-106742\" srcset=\"https:\/\/www.correspondentevianopolino.com.br\/site\/wp-content\/uploads\/2025\/02\/thumbnail-1-537x675.jpg 537w, https:\/\/www.correspondentevianopolino.com.br\/site\/wp-content\/uploads\/2025\/02\/thumbnail-1-239x300.jpg 239w, https:\/\/www.correspondentevianopolino.com.br\/site\/wp-content\/uploads\/2025\/02\/thumbnail-1-465x585.jpg 465w, https:\/\/www.correspondentevianopolino.com.br\/site\/wp-content\/uploads\/2025\/02\/thumbnail-1-768x966.jpg 768w, https:\/\/www.correspondentevianopolino.com.br\/site\/wp-content\/uploads\/2025\/02\/thumbnail-1.jpg 1080w\" sizes=\"(max-width: 537px) 100vw, 537px\" \/><\/figure>\n\n\n\n<p><strong>Por Ol\u00edvio Lemos, com colabora\u00e7\u00e3o do Rep\u00f3rter Paulo Renner da R\u00e1dio Rio Vermelho FM de Silv\u00e2nia<\/strong><\/p>\n\n\n\n<p><\/p>\n\n\n\n<p>Um \u00f4nibus que fazia o transporte de trabalhadores rurais pegou fogo na manh\u00e3 deste domingo, 09\/03, na Rodovia GO-010 (Vian\u00f3polis\/Luzi\u00e2nia), no trecho entre Vian\u00f3polis e a localidade de Adelin\u00f3polis.<\/p>\n\n\n\n<p>Pelo que apurou nossa reportagem, um problema na parte el\u00e9trica provocou o inc\u00eandio que destruiu praticamente todo o ve\u00edculo.<\/p>\n\n\n\n<p>Felizmente, os trabalhadores que estavam sendo transportados conseguiram descer do \u00f4nibus e n\u00e3o se feriram. Assim sendo, s\u00f3 houve danos materiais.<\/p>\n\n\n\n<figure class=\"wp-block-video\"><video height=\"480\" style=\"aspect-ratio: 848 \/ 480;\" width=\"848\" controls src=\"https:\/\/www.correspondentevianopolino.com.br\/site\/wp-content\/uploads\/2025\/03\/Video-do-WhatsApp-de-2025-03-09-as-17.43.48_3980b202.mp4\"><\/video><\/figure>\n","protected":false},"excerpt":{"rendered":"<p>Por Ol\u00edvio Lemos, com colabora\u00e7\u00e3o do Rep\u00f3rter Paulo Renner da R\u00e1dio Rio Vermelho FM de Silv\u00e2nia Um \u00f4nibus que fazia [&hellip;]<\/p>\n","protected":false},"author":2,"featured_media":107036,"comment_status":"open","ping_status":"closed","sticky":false,"template":"","format":"standard","meta":{"_uag_custom_page_level_css":"","site-sidebar-layout":"default","site-content-layout":"","ast-site-content-layout":"default","site-content-style":"default","site-sidebar-style":"default","ast-global-header-display":"","ast-banner-title-visibility":"","ast-main-header-display":"","ast-hfb-above-header-display":"","ast-hfb-below-header-display":"","ast-hfb-mobile-header-display":"","site-post-title":"","ast-breadcrumbs-content":"","ast-featured-img":"","footer-sml-layout":"","ast-disable-related-posts":"","theme-transparent-header-meta":"","adv-header-id-meta":"","stick-header-meta":"","header-above-stick-meta":"","header-main-stick-meta":"","header-below-stick-meta":"","astra-migrate-meta-layouts":"default","ast-page-background-enabled":"default","ast-page-background-meta":{"desktop":{"background-color":"var(--ast-global-color-4)","background-image":"","background-repeat":"repeat","background-position":"center center","background-size":"auto","background-attachment":"scroll","background-type":"","background-media":"","overlay-type":"","overlay-color":"","overlay-opacity":"","overlay-gradient":""},"tablet":{"background-color":"","background-image":"","background-repeat":"repeat","background-position":"center center","background-size":"auto","background-attachment":"scroll","background-type":"","background-media":"","overlay-type":"","overlay-color":"","overlay-opacity":"","overlay-gradient":""},"mobile":{"background-color":"","background-image":"","background-repeat":"repeat","background-position":"center center","background-size":"auto","background-attachment":"scroll","background-type":"","background-media":"","overlay-type":"","overlay-color":"","overlay-opacity":"","overlay-gradient":""}},"ast-content-background-meta":{"desktop":{"background-color":"var(--ast-global-color-5)","background-image":"","background-repeat":"repeat","background-position":"center center","background-size":"auto","background-attachment":"scroll","background-type":"","background-media":"","overlay-type":"","overlay-color":"","overlay-opacity":"","overlay-gradient":""},"tablet":{"background-color":"var(--ast-global-color-5)","background-image":"","background-repeat":"repeat","background-position":"center center","background-size":"auto","background-attachment":"scroll","background-type":"","background-media":"","overlay-type":"","overlay-color":"","overlay-opacity":"","overlay-gradient":""},"mobile":{"background-color":"var(--ast-global-color-5)","background-image":"","background-repeat":"repeat","background-position":"center center","background-size":"auto","background-attachment":"scroll","background-type":"","background-media":"","overlay-type":"","overlay-color":"","overlay-opacity":"","overlay-gradient":""}},"footnotes":""},"categories":[1],"tags":[],"class_list":["post-107035","post","type-post","status-publish","format-standard","has-post-thumbnail","hentry","category-ultimas","ColorsTitles-2b47ff"],"uagb_featured_image_src":{"full":["https:\/\/www.correspondentevianopolino.com.br\/site\/wp-content\/uploads\/2025\/03\/onibus-em-Chamas.jpg",1393,910,false],"thumbnail":["https:\/\/www.correspondentevianopolino.com.br\/site\/wp-content\/uploads\/2025\/03\/onibus-em-Chamas-465x304.jpg",465,304,true],"medium":["https:\/\/www.correspondentevianopolino.com.br\/site\/wp-content\/uploads\/2025\/03\/onibus-em-Chamas-300x196.jpg",300,196,true],"medium_large":["https:\/\/www.correspondentevianopolino.com.br\/site\/wp-content\/uploads\/2025\/03\/onibus-em-Chamas-768x502.jpg",768,502,true],"large":["https:\/\/www.correspondentevianopolino.com.br\/site\/wp-content\/uploads\/2025\/03\/onibus-em-Chamas-1033x675.jpg",1033,675,true],"1536x1536":["https:\/\/www.correspondentevianopolino.com.br\/site\/wp-content\/uploads\/2025\/03\/onibus-em-Chamas.jpg",1393,910,false],"2048x2048":["https:\/\/www.correspondentevianopolino.com.br\/site\/wp-content\/uploads\/2025\/03\/onibus-em-Chamas.jpg",1393,910,false]},"uagb_author_info":{"display_name":"Ol\u00edvio Lemos","author_link":"https:\/\/www.correspondentevianopolino.com.br\/site\/author\/olivio\/"},"uagb_comment_info":3,"uagb_excerpt":"Por Ol\u00edvio Lemos, com colabora\u00e7\u00e3o do Rep\u00f3rter Paulo Renner da R\u00e1dio Rio Vermelho FM de Silv\u00e2nia Um \u00f4nibus que fazia [&hellip;]","_links":{"self":[{"href":"https:\/\/www.correspondentevianopolino.com.br\/site\/wp-json\/wp\/v2\/posts\/107035","targetHints":{"allow":["GET"]}}],"collection":[{"href":"https:\/\/www.correspondentevianopolino.com.br\/site\/wp-json\/wp\/v2\/posts"}],"about":[{"href":"https:\/\/www.correspondentevianopolino.com.br\/site\/wp-json\/wp\/v2\/types\/post"}],"author":[{"embeddable":true,"href":"https:\/\/www.correspondentevianopolino.com.br\/site\/wp-json\/wp\/v2\/users\/2"}],"replies":[{"embeddable":true,"href":"https:\/\/www.correspondentevianopolino.com.br\/site\/wp-json\/wp\/v2\/comments?post=107035"}],"version-history":[{"count":0,"href":"https:\/\/www.correspondentevianopolino.com.br\/site\/wp-json\/wp\/v2\/posts\/107035\/revisions"}],"wp:featuredmedia":[{"embeddable":true,"href":"https:\/\/www.correspondentevianopolino.com.br\/site\/wp-json\/wp\/v2\/media\/107036"}],"wp:attachment":[{"href":"https:\/\/www.correspondentevianopolino.com.br\/site\/wp-json\/wp\/v2\/media?parent=107035"}],"wp:term":[{"taxonomy":"category","embeddable":true,"href":"https:\/\/www.correspondentevianopolino.com.br\/site\/wp-json\/wp\/v2\/categories?post=107035"},{"taxonomy":"post_tag","embeddable":true,"href":"https:\/\/www.correspondentevianopolino.com.br\/site\/wp-json\/wp\/v2\/tags?post=107035"}],"curies":[{"name":"wp","href":"https:\/\/api.w.org\/{rel}","templated":true}]}}