{"id":114845,"date":"2026-01-05T07:55:58","date_gmt":"2026-01-05T10:55:58","guid":{"rendered":"https:\/\/www.correspondentevianopolino.com.br\/site\/?p=114845"},"modified":"2026-01-05T09:30:03","modified_gmt":"2026-01-05T12:30:03","slug":"diretores","status":"publish","type":"post","link":"https:\/\/www.correspondentevianopolino.com.br\/site\/diretores\/","title":{"rendered":"J\u00c1 FOI DEFINIDA A DATA DE POSSE DOS DIRETORES DAS ESCOLAS MUNICIPAIS DE VIAN\u00d3POLIS"},"content":{"rendered":"\n<figure class=\"wp-block-image size-large\"><img decoding=\"async\" width=\"538\" height=\"675\" src=\"https:\/\/www.correspondentevianopolino.com.br\/site\/wp-content\/uploads\/2026\/01\/1003999637-538x675.jpg\" alt=\"\" class=\"wp-image-114851\" srcset=\"https:\/\/www.correspondentevianopolino.com.br\/site\/wp-content\/uploads\/2026\/01\/1003999637-538x675.jpg 538w, https:\/\/www.correspondentevianopolino.com.br\/site\/wp-content\/uploads\/2026\/01\/1003999637-239x300.jpg 239w, https:\/\/www.correspondentevianopolino.com.br\/site\/wp-content\/uploads\/2026\/01\/1003999637-465x583.jpg 465w, https:\/\/www.correspondentevianopolino.com.br\/site\/wp-content\/uploads\/2026\/01\/1003999637-768x964.jpg 768w, https:\/\/www.correspondentevianopolino.com.br\/site\/wp-content\/uploads\/2026\/01\/1003999637.jpg 828w\" sizes=\"(max-width: 538px) 100vw, 538px\" \/><\/figure>\n\n\n\n<p>Acontecer\u00e1 no pr\u00f3ximo dia 12, segunda-feira vindoura, a posse dos diretores eleitos e nomeados para as escolas municipais.<\/p>\n\n\n\n<p>Em contato com a nossa reportagem, S\u00edlvia Cinara Santos, secret\u00e1ria municipal de Educa\u00e7\u00e3o, confirmou a data da solenidade de posse.<\/p>\n\n\n\n<p>Dos que ser\u00e3o empossados, cinco foram eleitos atrav\u00e9s de processo de consulta p\u00fablica e a diretora da Escola Municipal Lu\u00edza Viana foi nomeada pelo prefeito Marcelo Rezende, uma vez que naquele estabelecimento de ensino n\u00e3o foi realizada a consulta p\u00fablica.<\/p>\n\n\n\n<p><strong>M\u00e1rcia Lucinei de Assis <\/strong>ser\u00e1 empossada como diretora da Escola Municipal Paulo VI, do Bairro S\u00e3o Vicente.<\/p>\n\n\n\n<p>A professora <strong>T\u00e2nia Garcia Cotrim <\/strong>foi reeleita e ser\u00e1 empossada como diretora da Escola Municipal Maria das Dores de Souza(V\u00f3 Maria), do Bairro Michelle.<\/p>\n\n\n\n<p>A Professora <strong>Renata Tavares Chaves Lima<\/strong> ser\u00e1 empossada na dire\u00e7\u00e3o da Escola Municipal Ant\u00f4nio de Ara\u00fajo Moraes, em Ponte Funda.<\/p>\n\n\n\n<p><strong>Nadiane Batista de Souza<\/strong> foi eleita na consulta p\u00fablica e ser\u00e1 empossada diretora da Escola Municipal Zenaide Campos Roriz,<\/p>\n\n\n\n<p>J\u00e1 o professor e ex-secret\u00e1rio municipal de Educa\u00e7\u00e3o, <strong>Carlos de Souza Lobo<\/strong> ,que foi eleito Diretor da Escola Municipal de Cara\u00edba, ser\u00e1 empossado na pr\u00f3xima segunda-feira.<\/p>\n\n\n\n<p>J\u00e1 na Escola Lu\u00edza Viana, onde n\u00e3o houve consulta p\u00fablica, <strong>Patr\u00edcia Canedo Viegas<\/strong>, assumir\u00e1 o cargo de diretora, uma vez que foi nomeada pelo Prefeito Marcelo Rezende.<\/p>\n\n\n\n<p><\/p>\n","protected":false},"excerpt":{"rendered":"<p>Acontecer\u00e1 no pr\u00f3ximo dia 12, segunda-feira vindoura, a posse dos diretores eleitos e nomeados para as escolas municipais. Em contato [&hellip;]<\/p>\n","protected":false},"author":2,"featured_media":114918,"comment_status":"open","ping_status":"closed","sticky":false,"template":"","format":"standard","meta":{"_uag_custom_page_level_css":"","site-sidebar-layout":"default","site-content-layout":"","ast-site-content-layout":"default","site-content-style":"default","site-sidebar-style":"default","ast-global-header-display":"","ast-banner-title-visibility":"","ast-main-header-display":"","ast-hfb-above-header-display":"","ast-hfb-below-header-display":"","ast-hfb-mobile-header-display":"","site-post-title":"","ast-breadcrumbs-content":"","ast-featured-img":"","footer-sml-layout":"","ast-disable-related-posts":"","theme-transparent-header-meta":"","adv-header-id-meta":"","stick-header-meta":"","header-above-stick-meta":"","header-main-stick-meta":"","header-below-stick-meta":"","astra-migrate-meta-layouts":"default","ast-page-background-enabled":"default","ast-page-background-meta":{"desktop":{"background-color":"var(--ast-global-color-4)","background-image":"","background-repeat":"repeat","background-position":"center center","background-size":"auto","background-attachment":"scroll","background-type":"","background-media":"","overlay-type":"","overlay-color":"","overlay-opacity":"","overlay-gradient":""},"tablet":{"background-color":"","background-image":"","background-repeat":"repeat","background-position":"center center","background-size":"auto","background-attachment":"scroll","background-type":"","background-media":"","overlay-type":"","overlay-color":"","overlay-opacity":"","overlay-gradient":""},"mobile":{"background-color":"","background-image":"","background-repeat":"repeat","background-position":"center center","background-size":"auto","background-attachment":"scroll","background-type":"","background-media":"","overlay-type":"","overlay-color":"","overlay-opacity":"","overlay-gradient":""}},"ast-content-background-meta":{"desktop":{"background-color":"var(--ast-global-color-5)","background-image":"","background-repeat":"repeat","background-position":"center center","background-size":"auto","background-attachment":"scroll","background-type":"","background-media":"","overlay-type":"","overlay-color":"","overlay-opacity":"","overlay-gradient":""},"tablet":{"background-color":"var(--ast-global-color-5)","background-image":"","background-repeat":"repeat","background-position":"center center","background-size":"auto","background-attachment":"scroll","background-type":"","background-media":"","overlay-type":"","overlay-color":"","overlay-opacity":"","overlay-gradient":""},"mobile":{"background-color":"var(--ast-global-color-5)","background-image":"","background-repeat":"repeat","background-position":"center center","background-size":"auto","background-attachment":"scroll","background-type":"","background-media":"","overlay-type":"","overlay-color":"","overlay-opacity":"","overlay-gradient":""}},"footnotes":""},"categories":[1],"tags":[],"class_list":["post-114845","post","type-post","status-publish","format-standard","has-post-thumbnail","hentry","category-ultimas"],"uagb_featured_image_src":{"full":["https:\/\/www.correspondentevianopolino.com.br\/site\/wp-content\/uploads\/2026\/01\/Diretores-1.jpg",1900,1267,false],"thumbnail":["https:\/\/www.correspondentevianopolino.com.br\/site\/wp-content\/uploads\/2026\/01\/Diretores-1-465x310.jpg",465,310,true],"medium":["https:\/\/www.correspondentevianopolino.com.br\/site\/wp-content\/uploads\/2026\/01\/Diretores-1-300x200.jpg",300,200,true],"medium_large":["https:\/\/www.correspondentevianopolino.com.br\/site\/wp-content\/uploads\/2026\/01\/Diretores-1-768x512.jpg",768,512,true],"large":["https:\/\/www.correspondentevianopolino.com.br\/site\/wp-content\/uploads\/2026\/01\/Diretores-1-1012x675.jpg",1012,675,true],"1536x1536":["https:\/\/www.correspondentevianopolino.com.br\/site\/wp-content\/uploads\/2026\/01\/Diretores-1-1536x1024.jpg",1536,1024,true],"2048x2048":["https:\/\/www.correspondentevianopolino.com.br\/site\/wp-content\/uploads\/2026\/01\/Diretores-1.jpg",1900,1267,false]},"uagb_author_info":{"display_name":"Ol\u00edvio Lemos","author_link":"https:\/\/www.correspondentevianopolino.com.br\/site\/author\/olivio\/"},"uagb_comment_info":0,"uagb_excerpt":"Acontecer\u00e1 no pr\u00f3ximo dia 12, segunda-feira vindoura, a posse dos diretores eleitos e nomeados para as escolas municipais. Em contato [&hellip;]","_links":{"self":[{"href":"https:\/\/www.correspondentevianopolino.com.br\/site\/wp-json\/wp\/v2\/posts\/114845","targetHints":{"allow":["GET"]}}],"collection":[{"href":"https:\/\/www.correspondentevianopolino.com.br\/site\/wp-json\/wp\/v2\/posts"}],"about":[{"href":"https:\/\/www.correspondentevianopolino.com.br\/site\/wp-json\/wp\/v2\/types\/post"}],"author":[{"embeddable":true,"href":"https:\/\/www.correspondentevianopolino.com.br\/site\/wp-json\/wp\/v2\/users\/2"}],"replies":[{"embeddable":true,"href":"https:\/\/www.correspondentevianopolino.com.br\/site\/wp-json\/wp\/v2\/comments?post=114845"}],"version-history":[{"count":0,"href":"https:\/\/www.correspondentevianopolino.com.br\/site\/wp-json\/wp\/v2\/posts\/114845\/revisions"}],"wp:featuredmedia":[{"embeddable":true,"href":"https:\/\/www.correspondentevianopolino.com.br\/site\/wp-json\/wp\/v2\/media\/114918"}],"wp:attachment":[{"href":"https:\/\/www.correspondentevianopolino.com.br\/site\/wp-json\/wp\/v2\/media?parent=114845"}],"wp:term":[{"taxonomy":"category","embeddable":true,"href":"https:\/\/www.correspondentevianopolino.com.br\/site\/wp-json\/wp\/v2\/categories?post=114845"},{"taxonomy":"post_tag","embeddable":true,"href":"https:\/\/www.correspondentevianopolino.com.br\/site\/wp-json\/wp\/v2\/tags?post=114845"}],"curies":[{"name":"wp","href":"https:\/\/api.w.org\/{rel}","templated":true}]}}