{"id":114981,"date":"2026-01-09T10:01:53","date_gmt":"2026-01-09T13:01:53","guid":{"rendered":"https:\/\/www.correspondentevianopolino.com.br\/site\/?p=114981"},"modified":"2026-01-09T10:05:39","modified_gmt":"2026-01-09T13:05:39","slug":"educacao-2","status":"publish","type":"post","link":"https:\/\/www.correspondentevianopolino.com.br\/site\/educacao-2\/","title":{"rendered":"PREFEITO MARCELO REZENDE RECEBE HOJE, 09\/01, EM GOI\u00c2NA, MATERIAIS PEDAG\u00d3GICOS DO PROGRAMA ALFA MAIS"},"content":{"rendered":"\n<figure class=\"wp-block-image size-large\"><img decoding=\"async\" width=\"380\" height=\"675\" src=\"https:\/\/www.correspondentevianopolino.com.br\/site\/wp-content\/uploads\/2026\/01\/IMG-20260108-WA0450-380x675.jpg\" alt=\"\" class=\"wp-image-114985\" srcset=\"https:\/\/www.correspondentevianopolino.com.br\/site\/wp-content\/uploads\/2026\/01\/IMG-20260108-WA0450-380x675.jpg 380w, https:\/\/www.correspondentevianopolino.com.br\/site\/wp-content\/uploads\/2026\/01\/IMG-20260108-WA0450-169x300.jpg 169w, https:\/\/www.correspondentevianopolino.com.br\/site\/wp-content\/uploads\/2026\/01\/IMG-20260108-WA0450-465x826.jpg 465w, https:\/\/www.correspondentevianopolino.com.br\/site\/wp-content\/uploads\/2026\/01\/IMG-20260108-WA0450-768x1365.jpg 768w, https:\/\/www.correspondentevianopolino.com.br\/site\/wp-content\/uploads\/2026\/01\/IMG-20260108-WA0450.jpg 790w\" sizes=\"(max-width: 380px) 100vw, 380px\" \/><\/figure>\n\n\n\n<p><\/p>\n\n\n\n<p>Acompanhado do vice-prefeito, Cleydson Mascarenhas e da secret\u00e1ria municipal de Educa\u00e7\u00e3o, S\u00edlvia Cinara Santos, o prefeito Marcelo Rezende participa hoje, 09\/01, de solenidade de entrega de materiais pedag\u00f3gicos do Programa ALFA MAIS, iniciativa voltada ao fortalecimento da alfabetiza\u00e7\u00e3o na educa\u00e7\u00e3o b\u00e1sica.<br>Durante o evento, o prefeito Marcelo Rezende e a secretaria S\u00edlvia Cinara Santos v\u00e3o assinar Termo de Responsabilidade se comprometendo a continuar desenvolvendo o Programa ALFA MAIS em nosso munic\u00edpio.<br>A solenidade est\u00e1 marcada para \u00e0s 15h de hoje, 09\/01, no Audit\u00f3rio Ip\u00ea da secretaria de estado da Educa\u00e7\u00e3o no Setor Vila Nova, em Goi\u00e2nia.<br>Entrevistada por nossa reportagem, Luciana Cristina de Melo Tavares, coordenadora regional de Educa\u00e7\u00e3o, falou sobre o evento de hoje que ter\u00e1 a participa\u00e7\u00e3o de autoridades de nossa cidade.<br>Segundo Luciana Cristina, o nosso munic\u00edpio, que conquistou em anos anteriores, excelentes \u00edndices neste programa de alfabetiza\u00e7\u00e3o na educa\u00e7\u00e3o b\u00e1sica, com certeza, continuar\u00e1 se destacando dentre os munic\u00edpios do Estado de Goi\u00e1s.<\/p>\n\n\n\n<p><\/p>\n","protected":false},"excerpt":{"rendered":"<p>Acompanhado do vice-prefeito, Cleydson Mascarenhas e da secret\u00e1ria municipal de Educa\u00e7\u00e3o, S\u00edlvia Cinara Santos, o prefeito Marcelo Rezende participa hoje, [&hellip;]<\/p>\n","protected":false},"author":2,"featured_media":114991,"comment_status":"open","ping_status":"closed","sticky":false,"template":"","format":"standard","meta":{"_uag_custom_page_level_css":"","site-sidebar-layout":"default","site-content-layout":"","ast-site-content-layout":"default","site-content-style":"default","site-sidebar-style":"default","ast-global-header-display":"","ast-banner-title-visibility":"","ast-main-header-display":"","ast-hfb-above-header-display":"","ast-hfb-below-header-display":"","ast-hfb-mobile-header-display":"","site-post-title":"","ast-breadcrumbs-content":"","ast-featured-img":"","footer-sml-layout":"","ast-disable-related-posts":"","theme-transparent-header-meta":"","adv-header-id-meta":"","stick-header-meta":"","header-above-stick-meta":"","header-main-stick-meta":"","header-below-stick-meta":"","astra-migrate-meta-layouts":"default","ast-page-background-enabled":"default","ast-page-background-meta":{"desktop":{"background-color":"var(--ast-global-color-4)","background-image":"","background-repeat":"repeat","background-position":"center center","background-size":"auto","background-attachment":"scroll","background-type":"","background-media":"","overlay-type":"","overlay-color":"","overlay-opacity":"","overlay-gradient":""},"tablet":{"background-color":"","background-image":"","background-repeat":"repeat","background-position":"center center","background-size":"auto","background-attachment":"scroll","background-type":"","background-media":"","overlay-type":"","overlay-color":"","overlay-opacity":"","overlay-gradient":""},"mobile":{"background-color":"","background-image":"","background-repeat":"repeat","background-position":"center center","background-size":"auto","background-attachment":"scroll","background-type":"","background-media":"","overlay-type":"","overlay-color":"","overlay-opacity":"","overlay-gradient":""}},"ast-content-background-meta":{"desktop":{"background-color":"var(--ast-global-color-5)","background-image":"","background-repeat":"repeat","background-position":"center center","background-size":"auto","background-attachment":"scroll","background-type":"","background-media":"","overlay-type":"","overlay-color":"","overlay-opacity":"","overlay-gradient":""},"tablet":{"background-color":"var(--ast-global-color-5)","background-image":"","background-repeat":"repeat","background-position":"center center","background-size":"auto","background-attachment":"scroll","background-type":"","background-media":"","overlay-type":"","overlay-color":"","overlay-opacity":"","overlay-gradient":""},"mobile":{"background-color":"var(--ast-global-color-5)","background-image":"","background-repeat":"repeat","background-position":"center center","background-size":"auto","background-attachment":"scroll","background-type":"","background-media":"","overlay-type":"","overlay-color":"","overlay-opacity":"","overlay-gradient":""}},"footnotes":""},"categories":[1],"tags":[],"class_list":["post-114981","post","type-post","status-publish","format-standard","has-post-thumbnail","hentry","category-ultimas"],"uagb_featured_image_src":{"full":["https:\/\/www.correspondentevianopolino.com.br\/site\/wp-content\/uploads\/2026\/01\/download-10.jpg",300,168,false],"thumbnail":["https:\/\/www.correspondentevianopolino.com.br\/site\/wp-content\/uploads\/2026\/01\/download-10.jpg",300,168,false],"medium":["https:\/\/www.correspondentevianopolino.com.br\/site\/wp-content\/uploads\/2026\/01\/download-10.jpg",300,168,false],"medium_large":["https:\/\/www.correspondentevianopolino.com.br\/site\/wp-content\/uploads\/2026\/01\/download-10.jpg",300,168,false],"large":["https:\/\/www.correspondentevianopolino.com.br\/site\/wp-content\/uploads\/2026\/01\/download-10.jpg",300,168,false],"1536x1536":["https:\/\/www.correspondentevianopolino.com.br\/site\/wp-content\/uploads\/2026\/01\/download-10.jpg",300,168,false],"2048x2048":["https:\/\/www.correspondentevianopolino.com.br\/site\/wp-content\/uploads\/2026\/01\/download-10.jpg",300,168,false]},"uagb_author_info":{"display_name":"Ol\u00edvio Lemos","author_link":"https:\/\/www.correspondentevianopolino.com.br\/site\/author\/olivio\/"},"uagb_comment_info":0,"uagb_excerpt":"Acompanhado do vice-prefeito, Cleydson Mascarenhas e da secret\u00e1ria municipal de Educa\u00e7\u00e3o, S\u00edlvia Cinara Santos, o prefeito Marcelo Rezende participa hoje, [&hellip;]","_links":{"self":[{"href":"https:\/\/www.correspondentevianopolino.com.br\/site\/wp-json\/wp\/v2\/posts\/114981","targetHints":{"allow":["GET"]}}],"collection":[{"href":"https:\/\/www.correspondentevianopolino.com.br\/site\/wp-json\/wp\/v2\/posts"}],"about":[{"href":"https:\/\/www.correspondentevianopolino.com.br\/site\/wp-json\/wp\/v2\/types\/post"}],"author":[{"embeddable":true,"href":"https:\/\/www.correspondentevianopolino.com.br\/site\/wp-json\/wp\/v2\/users\/2"}],"replies":[{"embeddable":true,"href":"https:\/\/www.correspondentevianopolino.com.br\/site\/wp-json\/wp\/v2\/comments?post=114981"}],"version-history":[{"count":0,"href":"https:\/\/www.correspondentevianopolino.com.br\/site\/wp-json\/wp\/v2\/posts\/114981\/revisions"}],"wp:featuredmedia":[{"embeddable":true,"href":"https:\/\/www.correspondentevianopolino.com.br\/site\/wp-json\/wp\/v2\/media\/114991"}],"wp:attachment":[{"href":"https:\/\/www.correspondentevianopolino.com.br\/site\/wp-json\/wp\/v2\/media?parent=114981"}],"wp:term":[{"taxonomy":"category","embeddable":true,"href":"https:\/\/www.correspondentevianopolino.com.br\/site\/wp-json\/wp\/v2\/categories?post=114981"},{"taxonomy":"post_tag","embeddable":true,"href":"https:\/\/www.correspondentevianopolino.com.br\/site\/wp-json\/wp\/v2\/tags?post=114981"}],"curies":[{"name":"wp","href":"https:\/\/api.w.org\/{rel}","templated":true}]}}