{"id":114983,"date":"2026-01-08T15:40:36","date_gmt":"2026-01-08T18:40:36","guid":{"rendered":"https:\/\/www.correspondentevianopolino.com.br\/site\/?p=114983"},"modified":"2026-01-09T06:43:21","modified_gmt":"2026-01-09T09:43:21","slug":"eleita-em-dezembro-ultimo-professora-marilucia-das-gracas-bernardes-nascimento-sera-empossada-amanha-09-01-como-diretora-do-colegio-armindo-gomes","status":"publish","type":"post","link":"https:\/\/www.correspondentevianopolino.com.br\/site\/eleita-em-dezembro-ultimo-professora-marilucia-das-gracas-bernardes-nascimento-sera-empossada-amanha-09-01-como-diretora-do-colegio-armindo-gomes\/","title":{"rendered":"ELEITA EM DEZEMBRO \u00daLTIMO,A PROFESSORA MARIL\u00daCIA DAS GRA\u00c7AS BERNARDES NASCIMENTO SER\u00c1 EMPOSSADA HOJE, 09\/01, COMO DIRETORA DO COL\u00c9GIO ARMINDO GOMES"},"content":{"rendered":"\n<figure class=\"wp-block-image size-large\"><img decoding=\"async\" width=\"380\" height=\"675\" src=\"https:\/\/www.correspondentevianopolino.com.br\/site\/wp-content\/uploads\/2026\/01\/IMG-20260108-WA0450-380x675.jpg\" alt=\"\" class=\"wp-image-114985\" srcset=\"https:\/\/www.correspondentevianopolino.com.br\/site\/wp-content\/uploads\/2026\/01\/IMG-20260108-WA0450-380x675.jpg 380w, https:\/\/www.correspondentevianopolino.com.br\/site\/wp-content\/uploads\/2026\/01\/IMG-20260108-WA0450-169x300.jpg 169w, https:\/\/www.correspondentevianopolino.com.br\/site\/wp-content\/uploads\/2026\/01\/IMG-20260108-WA0450-465x826.jpg 465w, https:\/\/www.correspondentevianopolino.com.br\/site\/wp-content\/uploads\/2026\/01\/IMG-20260108-WA0450-768x1365.jpg 768w, https:\/\/www.correspondentevianopolino.com.br\/site\/wp-content\/uploads\/2026\/01\/IMG-20260108-WA0450.jpg 790w\" sizes=\"(max-width: 380px) 100vw, 380px\" \/><\/figure>\n\n\n\n<p>Eleita no in\u00edcio m\u00eas de dezembro, a professora Maril\u00facia das Gra\u00e7as Bernardes Nascimento toma posse na manh\u00e3 de hoje, 09\/01, em solenidade que ser\u00e1 realizada no Audit\u00f3rio Ip\u00ea da Secretaria de Educa\u00e7\u00e3o do Estado de Goi\u00e1s que fica no Setor Vila Nova, em Goi\u00e2nia.<\/p>\n\n\n\n<p>A posse ser\u00e1 conduzida pela secret\u00e1ria estadual de Educa\u00e7\u00e3o, F\u00e1tima Gavioli.<\/p>\n\n\n\n<p>Maril\u00facia das Gra\u00e7as Bernardes Nascimento retorna \u00e0 dire\u00e7\u00e3o do Col\u00e9gio Armindo Gomes, institui\u00e7\u00e3o na qual j\u00e1 atuou por v\u00e1rios anos.<\/p>\n\n\n\n<p>Com ampla experi\u00eancia e profundo conhecimento da realidade escolar, ela reassume o cargo de diretora com a confian\u00e7a da comunidade educacional.<\/p>\n\n\n\n<p>Com certeza, far\u00e1 uma gest\u00e3o respons\u00e1vel e eficiente, \u00e0 altura da tradi\u00e7\u00e3o e import\u00e2ncia do Col\u00e9gio Armindo Gomes para a educa\u00e7\u00e3o de nossa cidade.<\/p>\n\n\n\n<figure class=\"wp-block-image size-large\"><img decoding=\"async\" width=\"662\" height=\"675\" src=\"https:\/\/www.correspondentevianopolino.com.br\/site\/wp-content\/uploads\/2025\/12\/1003777000-662x675.jpg\" alt=\"\" class=\"wp-image-113881\" srcset=\"https:\/\/www.correspondentevianopolino.com.br\/site\/wp-content\/uploads\/2025\/12\/1003777000-662x675.jpg 662w, https:\/\/www.correspondentevianopolino.com.br\/site\/wp-content\/uploads\/2025\/12\/1003777000-294x300.jpg 294w, https:\/\/www.correspondentevianopolino.com.br\/site\/wp-content\/uploads\/2025\/12\/1003777000-465x474.jpg 465w, https:\/\/www.correspondentevianopolino.com.br\/site\/wp-content\/uploads\/2025\/12\/1003777000-768x783.jpg 768w, https:\/\/www.correspondentevianopolino.com.br\/site\/wp-content\/uploads\/2025\/12\/1003777000.jpg 892w\" sizes=\"(max-width: 662px) 100vw, 662px\" \/><\/figure>\n","protected":false},"excerpt":{"rendered":"<p>Eleita no in\u00edcio m\u00eas de dezembro, a professora Maril\u00facia das Gra\u00e7as Bernardes Nascimento toma posse na manh\u00e3 de hoje, 09\/01, [&hellip;]<\/p>\n","protected":false},"author":2,"featured_media":113935,"comment_status":"open","ping_status":"closed","sticky":false,"template":"","format":"standard","meta":{"_uag_custom_page_level_css":"","site-sidebar-layout":"default","site-content-layout":"","ast-site-content-layout":"default","site-content-style":"default","site-sidebar-style":"default","ast-global-header-display":"","ast-banner-title-visibility":"","ast-main-header-display":"","ast-hfb-above-header-display":"","ast-hfb-below-header-display":"","ast-hfb-mobile-header-display":"","site-post-title":"","ast-breadcrumbs-content":"","ast-featured-img":"","footer-sml-layout":"","ast-disable-related-posts":"","theme-transparent-header-meta":"","adv-header-id-meta":"","stick-header-meta":"","header-above-stick-meta":"","header-main-stick-meta":"","header-below-stick-meta":"","astra-migrate-meta-layouts":"default","ast-page-background-enabled":"default","ast-page-background-meta":{"desktop":{"background-color":"var(--ast-global-color-4)","background-image":"","background-repeat":"repeat","background-position":"center center","background-size":"auto","background-attachment":"scroll","background-type":"","background-media":"","overlay-type":"","overlay-color":"","overlay-opacity":"","overlay-gradient":""},"tablet":{"background-color":"","background-image":"","background-repeat":"repeat","background-position":"center center","background-size":"auto","background-attachment":"scroll","background-type":"","background-media":"","overlay-type":"","overlay-color":"","overlay-opacity":"","overlay-gradient":""},"mobile":{"background-color":"","background-image":"","background-repeat":"repeat","background-position":"center center","background-size":"auto","background-attachment":"scroll","background-type":"","background-media":"","overlay-type":"","overlay-color":"","overlay-opacity":"","overlay-gradient":""}},"ast-content-background-meta":{"desktop":{"background-color":"var(--ast-global-color-5)","background-image":"","background-repeat":"repeat","background-position":"center center","background-size":"auto","background-attachment":"scroll","background-type":"","background-media":"","overlay-type":"","overlay-color":"","overlay-opacity":"","overlay-gradient":""},"tablet":{"background-color":"var(--ast-global-color-5)","background-image":"","background-repeat":"repeat","background-position":"center center","background-size":"auto","background-attachment":"scroll","background-type":"","background-media":"","overlay-type":"","overlay-color":"","overlay-opacity":"","overlay-gradient":""},"mobile":{"background-color":"var(--ast-global-color-5)","background-image":"","background-repeat":"repeat","background-position":"center center","background-size":"auto","background-attachment":"scroll","background-type":"","background-media":"","overlay-type":"","overlay-color":"","overlay-opacity":"","overlay-gradient":""}},"footnotes":""},"categories":[1],"tags":[],"class_list":["post-114983","post","type-post","status-publish","format-standard","has-post-thumbnail","hentry","category-ultimas"],"uagb_featured_image_src":{"full":["https:\/\/www.correspondentevianopolino.com.br\/site\/wp-content\/uploads\/2025\/12\/Eleita.jpg",1920,1280,false],"thumbnail":["https:\/\/www.correspondentevianopolino.com.br\/site\/wp-content\/uploads\/2025\/12\/Eleita-465x310.jpg",465,310,true],"medium":["https:\/\/www.correspondentevianopolino.com.br\/site\/wp-content\/uploads\/2025\/12\/Eleita-300x200.jpg",300,200,true],"medium_large":["https:\/\/www.correspondentevianopolino.com.br\/site\/wp-content\/uploads\/2025\/12\/Eleita-768x512.jpg",768,512,true],"large":["https:\/\/www.correspondentevianopolino.com.br\/site\/wp-content\/uploads\/2025\/12\/Eleita-1013x675.jpg",1013,675,true],"1536x1536":["https:\/\/www.correspondentevianopolino.com.br\/site\/wp-content\/uploads\/2025\/12\/Eleita-1536x1024.jpg",1536,1024,true],"2048x2048":["https:\/\/www.correspondentevianopolino.com.br\/site\/wp-content\/uploads\/2025\/12\/Eleita.jpg",1920,1280,false]},"uagb_author_info":{"display_name":"Ol\u00edvio Lemos","author_link":"https:\/\/www.correspondentevianopolino.com.br\/site\/author\/olivio\/"},"uagb_comment_info":0,"uagb_excerpt":"Eleita no in\u00edcio m\u00eas de dezembro, a professora Maril\u00facia das Gra\u00e7as Bernardes Nascimento toma posse na manh\u00e3 de hoje, 09\/01, [&hellip;]","_links":{"self":[{"href":"https:\/\/www.correspondentevianopolino.com.br\/site\/wp-json\/wp\/v2\/posts\/114983","targetHints":{"allow":["GET"]}}],"collection":[{"href":"https:\/\/www.correspondentevianopolino.com.br\/site\/wp-json\/wp\/v2\/posts"}],"about":[{"href":"https:\/\/www.correspondentevianopolino.com.br\/site\/wp-json\/wp\/v2\/types\/post"}],"author":[{"embeddable":true,"href":"https:\/\/www.correspondentevianopolino.com.br\/site\/wp-json\/wp\/v2\/users\/2"}],"replies":[{"embeddable":true,"href":"https:\/\/www.correspondentevianopolino.com.br\/site\/wp-json\/wp\/v2\/comments?post=114983"}],"version-history":[{"count":0,"href":"https:\/\/www.correspondentevianopolino.com.br\/site\/wp-json\/wp\/v2\/posts\/114983\/revisions"}],"wp:featuredmedia":[{"embeddable":true,"href":"https:\/\/www.correspondentevianopolino.com.br\/site\/wp-json\/wp\/v2\/media\/113935"}],"wp:attachment":[{"href":"https:\/\/www.correspondentevianopolino.com.br\/site\/wp-json\/wp\/v2\/media?parent=114983"}],"wp:term":[{"taxonomy":"category","embeddable":true,"href":"https:\/\/www.correspondentevianopolino.com.br\/site\/wp-json\/wp\/v2\/categories?post=114983"},{"taxonomy":"post_tag","embeddable":true,"href":"https:\/\/www.correspondentevianopolino.com.br\/site\/wp-json\/wp\/v2\/tags?post=114983"}],"curies":[{"name":"wp","href":"https:\/\/api.w.org\/{rel}","templated":true}]}}