{"id":114996,"date":"2026-01-10T17:48:25","date_gmt":"2026-01-10T20:48:25","guid":{"rendered":"https:\/\/www.correspondentevianopolino.com.br\/site\/?p=114996"},"modified":"2026-01-12T06:55:28","modified_gmt":"2026-01-12T09:55:28","slug":"educacao-3","status":"publish","type":"post","link":"https:\/\/www.correspondentevianopolino.com.br\/site\/educacao-3\/","title":{"rendered":"NOVOS DIRETORES DA APAE, CRECHE MUNICIPAL E ESCOLAS MUNICIPAIS SER\u00c3O EMPOSSADOS NESTA SEGUNDA-FEIRA, 12\/01"},"content":{"rendered":"\n<figure class=\"wp-block-image size-large\"><img decoding=\"async\" width=\"380\" height=\"675\" src=\"https:\/\/www.correspondentevianopolino.com.br\/site\/wp-content\/uploads\/2026\/01\/IMG-20260108-WA0450-380x675.jpg\" alt=\"\" class=\"wp-image-114985\" srcset=\"https:\/\/www.correspondentevianopolino.com.br\/site\/wp-content\/uploads\/2026\/01\/IMG-20260108-WA0450-380x675.jpg 380w, https:\/\/www.correspondentevianopolino.com.br\/site\/wp-content\/uploads\/2026\/01\/IMG-20260108-WA0450-169x300.jpg 169w, https:\/\/www.correspondentevianopolino.com.br\/site\/wp-content\/uploads\/2026\/01\/IMG-20260108-WA0450-465x826.jpg 465w, https:\/\/www.correspondentevianopolino.com.br\/site\/wp-content\/uploads\/2026\/01\/IMG-20260108-WA0450-768x1365.jpg 768w, https:\/\/www.correspondentevianopolino.com.br\/site\/wp-content\/uploads\/2026\/01\/IMG-20260108-WA0450.jpg 790w\" sizes=\"(max-width: 380px) 100vw, 380px\" \/><\/figure>\n\n\n\n<p>Acontece nesta segunda-feira, 12\/01, a partir das 8h, no Espa\u00e7o Conviver, pr\u00f3ximo ao F\u00f3rum de Vian\u00f3polis, a posse dos diretores eleitos e nomeados pelo Prefeito Marcelo Rezende, para a Apae, Creche Municipal e Escolas municipais.<\/p>\n\n\n\n<p>M\u00e1rcia Lucinei de Assis ser\u00e1 empossada como diretora da Escola Municipal Paulo VI, do Bairro S\u00e3o Vicente.<\/p>\n\n\n\n<p>T\u00e2nia Garcia Cotrim foi reeleita e ser\u00e1 empossada como diretora da Escola Municipal Maria das Dores de Souza(V\u00f3 Maria), do Bairro Michelle.<\/p>\n\n\n\n<p>Renata Tavares Chaves Lima ser\u00e1 empossada na dire\u00e7\u00e3o da Escola Municipal Ant\u00f4nio de Ara\u00fajo Moraes, de Ponte Funda.<\/p>\n\n\n\n<p>Nadiane Batista de Souza foi eleita na consulta p\u00fablica e ser\u00e1 empossada diretora da Escola Municipal Zenaide Campos Roriz,<\/p>\n\n\n\n<p>Carlos de Souza Lobo que foi eleito Diretor da Escola Municipal de Cara\u00edba ser\u00e1 empossado nesta segunda-feira.<\/p>\n\n\n\n<p>Na Escola Lu\u00edza Viana, onde n\u00e3o houve consulta p\u00fablica, Patr\u00edcia Canedo Viegas, assumir\u00e1 o cargo de diretora, nomeada que foi pelo Prefeito Marcelo Rezende.<\/p>\n\n\n\n<p>No CMEI Joana Aparecida Caixeta(Creche Municipal), ser\u00e1 empossada como diretora, a professora Alana Maria Carneiro Caixeta, nomeada.<\/p>\n\n\n\n<p>J\u00e1 o Professor Kl\u00e8ber ser\u00e1 empossado como Diretor da Apae de Vian\u00f3polis, tamb\u00e9m nomeado.<\/p>\n\n\n\n<p>A posse dos diretores ser\u00e1 conduzida pelo Prefeito Marcelo Rezende.<\/p>\n\n\n\n<figure class=\"wp-block-image size-large\"><img decoding=\"async\" width=\"768\" height=\"675\" src=\"https:\/\/www.correspondentevianopolino.com.br\/site\/wp-content\/uploads\/2026\/01\/1004051448-768x675.jpg\" alt=\"\" class=\"wp-image-115005\" srcset=\"https:\/\/www.correspondentevianopolino.com.br\/site\/wp-content\/uploads\/2026\/01\/1004051448-768x675.jpg 768w, https:\/\/www.correspondentevianopolino.com.br\/site\/wp-content\/uploads\/2026\/01\/1004051448-300x264.jpg 300w, https:\/\/www.correspondentevianopolino.com.br\/site\/wp-content\/uploads\/2026\/01\/1004051448-465x409.jpg 465w, https:\/\/www.correspondentevianopolino.com.br\/site\/wp-content\/uploads\/2026\/01\/1004051448.jpg 1200w\" sizes=\"(max-width: 768px) 100vw, 768px\" \/><\/figure>\n\n\n\n<p>PROFESSOR KL\u00c8BER- DIRETOR DA APAE DE VIAN\u00d3POLIS <\/p>\n\n\n\n<figure class=\"wp-block-image size-large\"><img decoding=\"async\" width=\"488\" height=\"675\" src=\"https:\/\/www.correspondentevianopolino.com.br\/site\/wp-content\/uploads\/2026\/01\/1004051183-488x675.jpg\" alt=\"\" class=\"wp-image-115007\" srcset=\"https:\/\/www.correspondentevianopolino.com.br\/site\/wp-content\/uploads\/2026\/01\/1004051183-488x675.jpg 488w, https:\/\/www.correspondentevianopolino.com.br\/site\/wp-content\/uploads\/2026\/01\/1004051183-217x300.jpg 217w, https:\/\/www.correspondentevianopolino.com.br\/site\/wp-content\/uploads\/2026\/01\/1004051183-465x644.jpg 465w, https:\/\/www.correspondentevianopolino.com.br\/site\/wp-content\/uploads\/2026\/01\/1004051183-768x1063.jpg 768w, https:\/\/www.correspondentevianopolino.com.br\/site\/wp-content\/uploads\/2026\/01\/1004051183.jpg 1080w\" sizes=\"(max-width: 488px) 100vw, 488px\" \/><\/figure>\n\n\n\n<p>ALANA MARIA CARNEIRO CAIXETA- DIRETORA DA CRECHE MUNICIPAL <\/p>\n\n\n\n<figure class=\"wp-block-image size-large\"><img decoding=\"async\" width=\"515\" height=\"675\" src=\"https:\/\/www.correspondentevianopolino.com.br\/site\/wp-content\/uploads\/2025\/12\/1003809863-515x675.jpg\" alt=\"\" class=\"wp-image-114008\" srcset=\"https:\/\/www.correspondentevianopolino.com.br\/site\/wp-content\/uploads\/2025\/12\/1003809863-515x675.jpg 515w, https:\/\/www.correspondentevianopolino.com.br\/site\/wp-content\/uploads\/2025\/12\/1003809863-229x300.jpg 229w, https:\/\/www.correspondentevianopolino.com.br\/site\/wp-content\/uploads\/2025\/12\/1003809863-465x609.jpg 465w, https:\/\/www.correspondentevianopolino.com.br\/site\/wp-content\/uploads\/2025\/12\/1003809863-768x1006.jpg 768w, https:\/\/www.correspondentevianopolino.com.br\/site\/wp-content\/uploads\/2025\/12\/1003809863.jpg 1080w\" sizes=\"(max-width: 515px) 100vw, 515px\" \/><\/figure>\n\n\n\n<p>PATR\u00cdCIA CANEDO VIEGAS- DIRETORA DA ESCOLA LU\u00cdZA VIANA<\/p>\n\n\n\n<figure class=\"wp-block-image size-large\"><img decoding=\"async\" width=\"1013\" height=\"675\" src=\"https:\/\/www.correspondentevianopolino.com.br\/site\/wp-content\/uploads\/2025\/11\/Professores-6-1013x675.jpg\" alt=\"\" class=\"wp-image-113725\" srcset=\"https:\/\/www.correspondentevianopolino.com.br\/site\/wp-content\/uploads\/2025\/11\/Professores-6-1013x675.jpg 1013w, https:\/\/www.correspondentevianopolino.com.br\/site\/wp-content\/uploads\/2025\/11\/Professores-6-300x200.jpg 300w, https:\/\/www.correspondentevianopolino.com.br\/site\/wp-content\/uploads\/2025\/11\/Professores-6-465x310.jpg 465w, https:\/\/www.correspondentevianopolino.com.br\/site\/wp-content\/uploads\/2025\/11\/Professores-6-768x512.jpg 768w, https:\/\/www.correspondentevianopolino.com.br\/site\/wp-content\/uploads\/2025\/11\/Professores-6-1536x1024.jpg 1536w, https:\/\/www.correspondentevianopolino.com.br\/site\/wp-content\/uploads\/2025\/11\/Professores-6.jpg 1920w\" sizes=\"(max-width: 1013px) 100vw, 1013px\" \/><\/figure>\n\n\n\n<p>CARLOS DE SOUZA LOBO &#8211; DIRETOR DA ESCOLA MUNICIPAL DE CARA\u00cdBA<\/p>\n\n\n\n<figure class=\"wp-block-image size-large\"><img decoding=\"async\" width=\"1013\" height=\"675\" src=\"https:\/\/www.correspondentevianopolino.com.br\/site\/wp-content\/uploads\/2025\/11\/Professores-5-1013x675.jpg\" alt=\"\" class=\"wp-image-113724\" srcset=\"https:\/\/www.correspondentevianopolino.com.br\/site\/wp-content\/uploads\/2025\/11\/Professores-5-1013x675.jpg 1013w, https:\/\/www.correspondentevianopolino.com.br\/site\/wp-content\/uploads\/2025\/11\/Professores-5-300x200.jpg 300w, https:\/\/www.correspondentevianopolino.com.br\/site\/wp-content\/uploads\/2025\/11\/Professores-5-465x310.jpg 465w, https:\/\/www.correspondentevianopolino.com.br\/site\/wp-content\/uploads\/2025\/11\/Professores-5-768x512.jpg 768w, https:\/\/www.correspondentevianopolino.com.br\/site\/wp-content\/uploads\/2025\/11\/Professores-5-1536x1024.jpg 1536w, https:\/\/www.correspondentevianopolino.com.br\/site\/wp-content\/uploads\/2025\/11\/Professores-5.jpg 1920w\" sizes=\"(max-width: 1013px) 100vw, 1013px\" \/><\/figure>\n\n\n\n<p>NADIANE BATISTA DE SOUZA &#8211; DIRETORA DA ESCOLA ZENAIDE CAMPOS RORIZ<\/p>\n\n\n\n<figure class=\"wp-block-image size-large\"><img decoding=\"async\" width=\"1013\" height=\"675\" src=\"https:\/\/www.correspondentevianopolino.com.br\/site\/wp-content\/uploads\/2025\/11\/Professores-4-1013x675.jpg\" alt=\"\" class=\"wp-image-113723\" srcset=\"https:\/\/www.correspondentevianopolino.com.br\/site\/wp-content\/uploads\/2025\/11\/Professores-4-1013x675.jpg 1013w, https:\/\/www.correspondentevianopolino.com.br\/site\/wp-content\/uploads\/2025\/11\/Professores-4-300x200.jpg 300w, https:\/\/www.correspondentevianopolino.com.br\/site\/wp-content\/uploads\/2025\/11\/Professores-4-465x310.jpg 465w, https:\/\/www.correspondentevianopolino.com.br\/site\/wp-content\/uploads\/2025\/11\/Professores-4-768x512.jpg 768w, https:\/\/www.correspondentevianopolino.com.br\/site\/wp-content\/uploads\/2025\/11\/Professores-4-1536x1024.jpg 1536w, https:\/\/www.correspondentevianopolino.com.br\/site\/wp-content\/uploads\/2025\/11\/Professores-4.jpg 1920w\" sizes=\"(max-width: 1013px) 100vw, 1013px\" \/><\/figure>\n\n\n\n<p>T\u00c2NIA GARCIA COTRIM &#8211; DIRETORA DA ESCOLA V\u00d3 MARIA<\/p>\n\n\n\n<figure class=\"wp-block-image size-large\"><img decoding=\"async\" width=\"1013\" height=\"675\" src=\"https:\/\/www.correspondentevianopolino.com.br\/site\/wp-content\/uploads\/2025\/11\/Professores-3-1013x675.jpg\" alt=\"\" class=\"wp-image-113722\" srcset=\"https:\/\/www.correspondentevianopolino.com.br\/site\/wp-content\/uploads\/2025\/11\/Professores-3-1013x675.jpg 1013w, https:\/\/www.correspondentevianopolino.com.br\/site\/wp-content\/uploads\/2025\/11\/Professores-3-300x200.jpg 300w, https:\/\/www.correspondentevianopolino.com.br\/site\/wp-content\/uploads\/2025\/11\/Professores-3-465x310.jpg 465w, https:\/\/www.correspondentevianopolino.com.br\/site\/wp-content\/uploads\/2025\/11\/Professores-3-768x512.jpg 768w, https:\/\/www.correspondentevianopolino.com.br\/site\/wp-content\/uploads\/2025\/11\/Professores-3-1536x1024.jpg 1536w, https:\/\/www.correspondentevianopolino.com.br\/site\/wp-content\/uploads\/2025\/11\/Professores-3.jpg 1920w\" sizes=\"(max-width: 1013px) 100vw, 1013px\" \/><\/figure>\n\n\n\n<p>M\u00c1RCIA LUCINEI DE ASSIS &#8211; DIRETORA DA ESCOLA PAULO VI<\/p>\n\n\n\n<figure class=\"wp-block-image size-large\"><img decoding=\"async\" width=\"1013\" height=\"675\" src=\"https:\/\/www.correspondentevianopolino.com.br\/site\/wp-content\/uploads\/2025\/11\/Professores-2-1013x675.jpg\" alt=\"\" class=\"wp-image-113721\" srcset=\"https:\/\/www.correspondentevianopolino.com.br\/site\/wp-content\/uploads\/2025\/11\/Professores-2-1013x675.jpg 1013w, https:\/\/www.correspondentevianopolino.com.br\/site\/wp-content\/uploads\/2025\/11\/Professores-2-300x200.jpg 300w, https:\/\/www.correspondentevianopolino.com.br\/site\/wp-content\/uploads\/2025\/11\/Professores-2-465x310.jpg 465w, https:\/\/www.correspondentevianopolino.com.br\/site\/wp-content\/uploads\/2025\/11\/Professores-2-768x512.jpg 768w, https:\/\/www.correspondentevianopolino.com.br\/site\/wp-content\/uploads\/2025\/11\/Professores-2-1536x1024.jpg 1536w, https:\/\/www.correspondentevianopolino.com.br\/site\/wp-content\/uploads\/2025\/11\/Professores-2.jpg 1920w\" sizes=\"(max-width: 1013px) 100vw, 1013px\" \/><\/figure>\n\n\n\n<p>RENATA TAVARES CHAVES LIMA &#8211; DIRETORA DA ESCOLA DE PONTE FUNDA<\/p>\n","protected":false},"excerpt":{"rendered":"<p>Acontece nesta segunda-feira, 12\/01, a partir das 8h, no Espa\u00e7o Conviver, pr\u00f3ximo ao F\u00f3rum de Vian\u00f3polis, a posse dos diretores [&hellip;]<\/p>\n","protected":false},"author":2,"featured_media":115009,"comment_status":"open","ping_status":"closed","sticky":false,"template":"","format":"standard","meta":{"_uag_custom_page_level_css":"","site-sidebar-layout":"default","site-content-layout":"","ast-site-content-layout":"default","site-content-style":"default","site-sidebar-style":"default","ast-global-header-display":"","ast-banner-title-visibility":"","ast-main-header-display":"","ast-hfb-above-header-display":"","ast-hfb-below-header-display":"","ast-hfb-mobile-header-display":"","site-post-title":"","ast-breadcrumbs-content":"","ast-featured-img":"","footer-sml-layout":"","ast-disable-related-posts":"","theme-transparent-header-meta":"","adv-header-id-meta":"","stick-header-meta":"","header-above-stick-meta":"","header-main-stick-meta":"","header-below-stick-meta":"","astra-migrate-meta-layouts":"default","ast-page-background-enabled":"default","ast-page-background-meta":{"desktop":{"background-color":"var(--ast-global-color-4)","background-image":"","background-repeat":"repeat","background-position":"center center","background-size":"auto","background-attachment":"scroll","background-type":"","background-media":"","overlay-type":"","overlay-color":"","overlay-opacity":"","overlay-gradient":""},"tablet":{"background-color":"","background-image":"","background-repeat":"repeat","background-position":"center center","background-size":"auto","background-attachment":"scroll","background-type":"","background-media":"","overlay-type":"","overlay-color":"","overlay-opacity":"","overlay-gradient":""},"mobile":{"background-color":"","background-image":"","background-repeat":"repeat","background-position":"center center","background-size":"auto","background-attachment":"scroll","background-type":"","background-media":"","overlay-type":"","overlay-color":"","overlay-opacity":"","overlay-gradient":""}},"ast-content-background-meta":{"desktop":{"background-color":"var(--ast-global-color-5)","background-image":"","background-repeat":"repeat","background-position":"center center","background-size":"auto","background-attachment":"scroll","background-type":"","background-media":"","overlay-type":"","overlay-color":"","overlay-opacity":"","overlay-gradient":""},"tablet":{"background-color":"var(--ast-global-color-5)","background-image":"","background-repeat":"repeat","background-position":"center center","background-size":"auto","background-attachment":"scroll","background-type":"","background-media":"","overlay-type":"","overlay-color":"","overlay-opacity":"","overlay-gradient":""},"mobile":{"background-color":"var(--ast-global-color-5)","background-image":"","background-repeat":"repeat","background-position":"center center","background-size":"auto","background-attachment":"scroll","background-type":"","background-media":"","overlay-type":"","overlay-color":"","overlay-opacity":"","overlay-gradient":""}},"footnotes":""},"categories":[1],"tags":[],"class_list":["post-114996","post","type-post","status-publish","format-standard","has-post-thumbnail","hentry","category-ultimas"],"uagb_featured_image_src":{"full":["https:\/\/www.correspondentevianopolino.com.br\/site\/wp-content\/uploads\/2026\/01\/Diretores-2.jpg",1900,1267,false],"thumbnail":["https:\/\/www.correspondentevianopolino.com.br\/site\/wp-content\/uploads\/2026\/01\/Diretores-2-465x310.jpg",465,310,true],"medium":["https:\/\/www.correspondentevianopolino.com.br\/site\/wp-content\/uploads\/2026\/01\/Diretores-2-300x200.jpg",300,200,true],"medium_large":["https:\/\/www.correspondentevianopolino.com.br\/site\/wp-content\/uploads\/2026\/01\/Diretores-2-768x512.jpg",768,512,true],"large":["https:\/\/www.correspondentevianopolino.com.br\/site\/wp-content\/uploads\/2026\/01\/Diretores-2-1012x675.jpg",1012,675,true],"1536x1536":["https:\/\/www.correspondentevianopolino.com.br\/site\/wp-content\/uploads\/2026\/01\/Diretores-2-1536x1024.jpg",1536,1024,true],"2048x2048":["https:\/\/www.correspondentevianopolino.com.br\/site\/wp-content\/uploads\/2026\/01\/Diretores-2.jpg",1900,1267,false]},"uagb_author_info":{"display_name":"Ol\u00edvio Lemos","author_link":"https:\/\/www.correspondentevianopolino.com.br\/site\/author\/olivio\/"},"uagb_comment_info":0,"uagb_excerpt":"Acontece nesta segunda-feira, 12\/01, a partir das 8h, no Espa\u00e7o Conviver, pr\u00f3ximo ao F\u00f3rum de Vian\u00f3polis, a posse dos diretores [&hellip;]","_links":{"self":[{"href":"https:\/\/www.correspondentevianopolino.com.br\/site\/wp-json\/wp\/v2\/posts\/114996","targetHints":{"allow":["GET"]}}],"collection":[{"href":"https:\/\/www.correspondentevianopolino.com.br\/site\/wp-json\/wp\/v2\/posts"}],"about":[{"href":"https:\/\/www.correspondentevianopolino.com.br\/site\/wp-json\/wp\/v2\/types\/post"}],"author":[{"embeddable":true,"href":"https:\/\/www.correspondentevianopolino.com.br\/site\/wp-json\/wp\/v2\/users\/2"}],"replies":[{"embeddable":true,"href":"https:\/\/www.correspondentevianopolino.com.br\/site\/wp-json\/wp\/v2\/comments?post=114996"}],"version-history":[{"count":0,"href":"https:\/\/www.correspondentevianopolino.com.br\/site\/wp-json\/wp\/v2\/posts\/114996\/revisions"}],"wp:featuredmedia":[{"embeddable":true,"href":"https:\/\/www.correspondentevianopolino.com.br\/site\/wp-json\/wp\/v2\/media\/115009"}],"wp:attachment":[{"href":"https:\/\/www.correspondentevianopolino.com.br\/site\/wp-json\/wp\/v2\/media?parent=114996"}],"wp:term":[{"taxonomy":"category","embeddable":true,"href":"https:\/\/www.correspondentevianopolino.com.br\/site\/wp-json\/wp\/v2\/categories?post=114996"},{"taxonomy":"post_tag","embeddable":true,"href":"https:\/\/www.correspondentevianopolino.com.br\/site\/wp-json\/wp\/v2\/tags?post=114996"}],"curies":[{"name":"wp","href":"https:\/\/api.w.org\/{rel}","templated":true}]}}