{"id":115014,"date":"2026-01-12T05:35:40","date_gmt":"2026-01-12T08:35:40","guid":{"rendered":"https:\/\/www.correspondentevianopolino.com.br\/site\/?p=115014"},"modified":"2026-01-12T08:13:14","modified_gmt":"2026-01-12T11:13:14","slug":"policiais","status":"publish","type":"post","link":"https:\/\/www.correspondentevianopolino.com.br\/site\/policiais\/","title":{"rendered":"MILITAR VIANOPOLINO REFORMADO, SUBTENENTE ANT\u00d4NIO DE FARIA \u00c9 HOMENAGEADO PELA POL\u00cdCIA MILITAR DO ESTADO DE GOI\u00c1S"},"content":{"rendered":"\n<figure class=\"wp-block-image size-large\"><img decoding=\"async\" width=\"380\" height=\"675\" src=\"https:\/\/www.correspondentevianopolino.com.br\/site\/wp-content\/uploads\/2026\/01\/IMG-20260108-WA0450-380x675.jpg\" alt=\"\" class=\"wp-image-114985\" srcset=\"https:\/\/www.correspondentevianopolino.com.br\/site\/wp-content\/uploads\/2026\/01\/IMG-20260108-WA0450-380x675.jpg 380w, https:\/\/www.correspondentevianopolino.com.br\/site\/wp-content\/uploads\/2026\/01\/IMG-20260108-WA0450-169x300.jpg 169w, https:\/\/www.correspondentevianopolino.com.br\/site\/wp-content\/uploads\/2026\/01\/IMG-20260108-WA0450-465x826.jpg 465w, https:\/\/www.correspondentevianopolino.com.br\/site\/wp-content\/uploads\/2026\/01\/IMG-20260108-WA0450-768x1365.jpg 768w, https:\/\/www.correspondentevianopolino.com.br\/site\/wp-content\/uploads\/2026\/01\/IMG-20260108-WA0450.jpg 790w\" sizes=\"(max-width: 380px) 100vw, 380px\" \/><\/figure>\n\n\n\n<p>O Subtenente reformado Ant\u00f4nio de Faria, residente em Vian\u00f3polis, foi homenageado pela Pol\u00edcia Militar do Estado de Goi\u00e1s em reconhecimento aos relevantes servi\u00e7os prestados ao longo de seus 33 anos como militar.<\/p>\n\n\n\n<p>Durante sua carreira, o Subtenente Faria construiu uma trajet\u00f3ria marcada pelo compromisso com a seguran\u00e7a p\u00fablica, disciplina, respeito \u00e0 popula\u00e7\u00e3o e amor \u00e0 farda.<\/p>\n\n\n\n<p>Mesmo aposentado desde 2006, seu nome continua sendo lembrado com carinho e respeito pelos colegas de trabalho e pela  comunidade de Vian\u00f3polis e regi\u00e3o.<\/p>\n\n\n\n<p>Durante os anos em que esteve na ativa, o Subtenente Faria atuou, de forma destacada no policiamento ostensivo, sempre pautando seu trabalho com seriedade, coragem e senso de justi\u00e7a, contribuindo diretamente para a manuten\u00e7\u00e3o da ordem e da tranquilidade da popula\u00e7\u00e3o.<\/p>\n\n\n\n<p>Seu exemplo ultrapassou os limites da corpora\u00e7\u00e3o e inspirou muitas pessoas, inclusive dentro de casa.<\/p>\n\n\n\n<p>Dois de seus filhos seguiram seus passos e tamb\u00e9m escolheram a carreira militar, reflexo do legado de valores, disciplina e amor \u00e0 profiss\u00e3o constru\u00eddo pelo pai.<\/p>\n\n\n\n<p>Os dois pertencem a Pol\u00edcia Militar do Estado de Goi\u00e1s.<\/p>\n\n\n\n<p>Ant\u00f4nio de Faria \u00e9 vi\u00favo de Marli de Faria \u00e9 pai de Jefferson Rodrigues de Faria(2\u00ba Sargento De Faria), Keely dos Santos Faria Pereira, S\u00e9rgio Andrygo Rodrigues de Faria(2\u00ba Sargento Andrygo) e \u00cdtalo Bruno de Faria.<\/p>\n\n\n\n<p>A homenagem prestada ao Subtenente Faria pela PM de Goi\u00e1s representa o reconhecimento a um profissional que honrou a farda , sendo muito querido e respeitado em Vian\u00f3polis e regi\u00e3o.<\/p>\n\n\n\n<figure class=\"wp-block-image size-large\"><img decoding=\"async\" width=\"506\" height=\"675\" src=\"https:\/\/www.correspondentevianopolino.com.br\/site\/wp-content\/uploads\/2026\/01\/1004055481-506x675.jpg\" alt=\"\" class=\"wp-image-115024\" srcset=\"https:\/\/www.correspondentevianopolino.com.br\/site\/wp-content\/uploads\/2026\/01\/1004055481-506x675.jpg 506w, https:\/\/www.correspondentevianopolino.com.br\/site\/wp-content\/uploads\/2026\/01\/1004055481-225x300.jpg 225w, https:\/\/www.correspondentevianopolino.com.br\/site\/wp-content\/uploads\/2026\/01\/1004055481-465x620.jpg 465w, https:\/\/www.correspondentevianopolino.com.br\/site\/wp-content\/uploads\/2026\/01\/1004055481-768x1024.jpg 768w, https:\/\/www.correspondentevianopolino.com.br\/site\/wp-content\/uploads\/2026\/01\/1004055481.jpg 960w\" sizes=\"(max-width: 506px) 100vw, 506px\" \/><\/figure>\n\n\n\n<figure class=\"wp-block-image size-large\"><img decoding=\"async\" width=\"774\" height=\"675\" src=\"https:\/\/www.correspondentevianopolino.com.br\/site\/wp-content\/uploads\/2026\/01\/1004055484-774x675.jpg\" alt=\"\" class=\"wp-image-115025\" srcset=\"https:\/\/www.correspondentevianopolino.com.br\/site\/wp-content\/uploads\/2026\/01\/1004055484-774x675.jpg 774w, https:\/\/www.correspondentevianopolino.com.br\/site\/wp-content\/uploads\/2026\/01\/1004055484-300x262.jpg 300w, https:\/\/www.correspondentevianopolino.com.br\/site\/wp-content\/uploads\/2026\/01\/1004055484-465x405.jpg 465w, https:\/\/www.correspondentevianopolino.com.br\/site\/wp-content\/uploads\/2026\/01\/1004055484-768x670.jpg 768w, https:\/\/www.correspondentevianopolino.com.br\/site\/wp-content\/uploads\/2026\/01\/1004055484.jpg 1280w\" sizes=\"(max-width: 774px) 100vw, 774px\" \/><\/figure>\n\n\n\n<figure class=\"wp-block-image size-large\"><img decoding=\"async\" width=\"1012\" height=\"675\" src=\"https:\/\/www.correspondentevianopolino.com.br\/site\/wp-content\/uploads\/2026\/01\/Policiais-1012x675.jpg\" alt=\"\" class=\"wp-image-115015\" srcset=\"https:\/\/www.correspondentevianopolino.com.br\/site\/wp-content\/uploads\/2026\/01\/Policiais-1012x675.jpg 1012w, https:\/\/www.correspondentevianopolino.com.br\/site\/wp-content\/uploads\/2026\/01\/Policiais-300x200.jpg 300w, https:\/\/www.correspondentevianopolino.com.br\/site\/wp-content\/uploads\/2026\/01\/Policiais-465x310.jpg 465w, https:\/\/www.correspondentevianopolino.com.br\/site\/wp-content\/uploads\/2026\/01\/Policiais-768x512.jpg 768w, https:\/\/www.correspondentevianopolino.com.br\/site\/wp-content\/uploads\/2026\/01\/Policiais-1536x1024.jpg 1536w, https:\/\/www.correspondentevianopolino.com.br\/site\/wp-content\/uploads\/2026\/01\/Policiais.jpg 1900w\" sizes=\"(max-width: 1012px) 100vw, 1012px\" \/><\/figure>\n","protected":false},"excerpt":{"rendered":"<p>O Subtenente reformado Ant\u00f4nio de Faria, residente em Vian\u00f3polis, foi homenageado pela Pol\u00edcia Militar do Estado de Goi\u00e1s em reconhecimento [&hellip;]<\/p>\n","protected":false},"author":2,"featured_media":115015,"comment_status":"open","ping_status":"closed","sticky":false,"template":"","format":"standard","meta":{"_uag_custom_page_level_css":"","site-sidebar-layout":"default","site-content-layout":"","ast-site-content-layout":"default","site-content-style":"default","site-sidebar-style":"default","ast-global-header-display":"","ast-banner-title-visibility":"","ast-main-header-display":"","ast-hfb-above-header-display":"","ast-hfb-below-header-display":"","ast-hfb-mobile-header-display":"","site-post-title":"","ast-breadcrumbs-content":"","ast-featured-img":"","footer-sml-layout":"","ast-disable-related-posts":"","theme-transparent-header-meta":"","adv-header-id-meta":"","stick-header-meta":"","header-above-stick-meta":"","header-main-stick-meta":"","header-below-stick-meta":"","astra-migrate-meta-layouts":"default","ast-page-background-enabled":"default","ast-page-background-meta":{"desktop":{"background-color":"var(--ast-global-color-4)","background-image":"","background-repeat":"repeat","background-position":"center center","background-size":"auto","background-attachment":"scroll","background-type":"","background-media":"","overlay-type":"","overlay-color":"","overlay-opacity":"","overlay-gradient":""},"tablet":{"background-color":"","background-image":"","background-repeat":"repeat","background-position":"center center","background-size":"auto","background-attachment":"scroll","background-type":"","background-media":"","overlay-type":"","overlay-color":"","overlay-opacity":"","overlay-gradient":""},"mobile":{"background-color":"","background-image":"","background-repeat":"repeat","background-position":"center center","background-size":"auto","background-attachment":"scroll","background-type":"","background-media":"","overlay-type":"","overlay-color":"","overlay-opacity":"","overlay-gradient":""}},"ast-content-background-meta":{"desktop":{"background-color":"var(--ast-global-color-5)","background-image":"","background-repeat":"repeat","background-position":"center center","background-size":"auto","background-attachment":"scroll","background-type":"","background-media":"","overlay-type":"","overlay-color":"","overlay-opacity":"","overlay-gradient":""},"tablet":{"background-color":"var(--ast-global-color-5)","background-image":"","background-repeat":"repeat","background-position":"center center","background-size":"auto","background-attachment":"scroll","background-type":"","background-media":"","overlay-type":"","overlay-color":"","overlay-opacity":"","overlay-gradient":""},"mobile":{"background-color":"var(--ast-global-color-5)","background-image":"","background-repeat":"repeat","background-position":"center center","background-size":"auto","background-attachment":"scroll","background-type":"","background-media":"","overlay-type":"","overlay-color":"","overlay-opacity":"","overlay-gradient":""}},"footnotes":""},"categories":[1],"tags":[],"class_list":["post-115014","post","type-post","status-publish","format-standard","has-post-thumbnail","hentry","category-ultimas"],"uagb_featured_image_src":{"full":["https:\/\/www.correspondentevianopolino.com.br\/site\/wp-content\/uploads\/2026\/01\/Policiais.jpg",1900,1267,false],"thumbnail":["https:\/\/www.correspondentevianopolino.com.br\/site\/wp-content\/uploads\/2026\/01\/Policiais-465x310.jpg",465,310,true],"medium":["https:\/\/www.correspondentevianopolino.com.br\/site\/wp-content\/uploads\/2026\/01\/Policiais-300x200.jpg",300,200,true],"medium_large":["https:\/\/www.correspondentevianopolino.com.br\/site\/wp-content\/uploads\/2026\/01\/Policiais-768x512.jpg",768,512,true],"large":["https:\/\/www.correspondentevianopolino.com.br\/site\/wp-content\/uploads\/2026\/01\/Policiais-1012x675.jpg",1012,675,true],"1536x1536":["https:\/\/www.correspondentevianopolino.com.br\/site\/wp-content\/uploads\/2026\/01\/Policiais-1536x1024.jpg",1536,1024,true],"2048x2048":["https:\/\/www.correspondentevianopolino.com.br\/site\/wp-content\/uploads\/2026\/01\/Policiais.jpg",1900,1267,false]},"uagb_author_info":{"display_name":"Ol\u00edvio Lemos","author_link":"https:\/\/www.correspondentevianopolino.com.br\/site\/author\/olivio\/"},"uagb_comment_info":1,"uagb_excerpt":"O Subtenente reformado Ant\u00f4nio de Faria, residente em Vian\u00f3polis, foi homenageado pela Pol\u00edcia Militar do Estado de Goi\u00e1s em reconhecimento [&hellip;]","_links":{"self":[{"href":"https:\/\/www.correspondentevianopolino.com.br\/site\/wp-json\/wp\/v2\/posts\/115014","targetHints":{"allow":["GET"]}}],"collection":[{"href":"https:\/\/www.correspondentevianopolino.com.br\/site\/wp-json\/wp\/v2\/posts"}],"about":[{"href":"https:\/\/www.correspondentevianopolino.com.br\/site\/wp-json\/wp\/v2\/types\/post"}],"author":[{"embeddable":true,"href":"https:\/\/www.correspondentevianopolino.com.br\/site\/wp-json\/wp\/v2\/users\/2"}],"replies":[{"embeddable":true,"href":"https:\/\/www.correspondentevianopolino.com.br\/site\/wp-json\/wp\/v2\/comments?post=115014"}],"version-history":[{"count":0,"href":"https:\/\/www.correspondentevianopolino.com.br\/site\/wp-json\/wp\/v2\/posts\/115014\/revisions"}],"wp:featuredmedia":[{"embeddable":true,"href":"https:\/\/www.correspondentevianopolino.com.br\/site\/wp-json\/wp\/v2\/media\/115015"}],"wp:attachment":[{"href":"https:\/\/www.correspondentevianopolino.com.br\/site\/wp-json\/wp\/v2\/media?parent=115014"}],"wp:term":[{"taxonomy":"category","embeddable":true,"href":"https:\/\/www.correspondentevianopolino.com.br\/site\/wp-json\/wp\/v2\/categories?post=115014"},{"taxonomy":"post_tag","embeddable":true,"href":"https:\/\/www.correspondentevianopolino.com.br\/site\/wp-json\/wp\/v2\/tags?post=115014"}],"curies":[{"name":"wp","href":"https:\/\/api.w.org\/{rel}","templated":true}]}}