{"id":115121,"date":"2026-01-12T10:13:17","date_gmt":"2026-01-12T13:13:17","guid":{"rendered":"https:\/\/www.correspondentevianopolino.com.br\/site\/?p=115121"},"modified":"2026-01-12T11:10:32","modified_gmt":"2026-01-12T14:10:32","slug":"escolas-2","status":"publish","type":"post","link":"https:\/\/www.correspondentevianopolino.com.br\/site\/escolas-2\/","title":{"rendered":"FORAM EMPOSSADOS HOJE, 12\/01, OS NOVOS DIRETORES DA APAE, CRECHE MUNICIPAL E ESCOLAS ESCOLAS MUNICIPAIS"},"content":{"rendered":"\n<figure class=\"wp-block-image size-large\"><img decoding=\"async\" width=\"380\" height=\"675\" src=\"https:\/\/www.correspondentevianopolino.com.br\/site\/wp-content\/uploads\/2026\/01\/IMG-20260108-WA0450-380x675.jpg\" alt=\"\" class=\"wp-image-114985\" srcset=\"https:\/\/www.correspondentevianopolino.com.br\/site\/wp-content\/uploads\/2026\/01\/IMG-20260108-WA0450-380x675.jpg 380w, https:\/\/www.correspondentevianopolino.com.br\/site\/wp-content\/uploads\/2026\/01\/IMG-20260108-WA0450-169x300.jpg 169w, https:\/\/www.correspondentevianopolino.com.br\/site\/wp-content\/uploads\/2026\/01\/IMG-20260108-WA0450-465x826.jpg 465w, https:\/\/www.correspondentevianopolino.com.br\/site\/wp-content\/uploads\/2026\/01\/IMG-20260108-WA0450-768x1365.jpg 768w, https:\/\/www.correspondentevianopolino.com.br\/site\/wp-content\/uploads\/2026\/01\/IMG-20260108-WA0450.jpg 790w\" sizes=\"(max-width: 380px) 100vw, 380px\" \/><\/figure>\n\n\n\n<p>Aconteceu na manh\u00e3 de hoje, 12\/01, no Espa\u00e7o Conviver, pr\u00f3ximo ao F\u00f3rum de Vian\u00f3polis, a solenidade de posse dos diretores eleitos e nomeados pelo Prefeito Marcelo Rezende, para a Apae, Creche Municipal e Escolas municipais.<\/p>\n\n\n\n<p>Cinco diretores foram eleitos em consulta p\u00fablica, enquanto os diretores da APAE, Creche Municipal e Escola Lu\u00edza Viana, foram nomeados pelo Prefeito Marcelo Rezende.<\/p>\n\n\n\n<p><strong>M\u00e1rcia Lucinei de Assis(Foto Abaixo) <\/strong>foi empossada como diretora da Escola Municipal Paulo VI, do Bairro S\u00e3o Vicente.<\/p>\n\n\n\n<figure class=\"wp-block-image size-large\"><img decoding=\"async\" width=\"503\" height=\"675\" src=\"https:\/\/www.correspondentevianopolino.com.br\/site\/wp-content\/uploads\/2026\/01\/1004067686-503x675.jpg\" alt=\"\" class=\"wp-image-115125\" srcset=\"https:\/\/www.correspondentevianopolino.com.br\/site\/wp-content\/uploads\/2026\/01\/1004067686-503x675.jpg 503w, https:\/\/www.correspondentevianopolino.com.br\/site\/wp-content\/uploads\/2026\/01\/1004067686-224x300.jpg 224w, https:\/\/www.correspondentevianopolino.com.br\/site\/wp-content\/uploads\/2026\/01\/1004067686-465x624.jpg 465w, https:\/\/www.correspondentevianopolino.com.br\/site\/wp-content\/uploads\/2026\/01\/1004067686-768x1030.jpg 768w, https:\/\/www.correspondentevianopolino.com.br\/site\/wp-content\/uploads\/2026\/01\/1004067686-1145x1536.jpg 1145w, https:\/\/www.correspondentevianopolino.com.br\/site\/wp-content\/uploads\/2026\/01\/1004067686.jpg 1193w\" sizes=\"(max-width: 503px) 100vw, 503px\" \/><\/figure>\n\n\n\n<p><strong>T\u00e2nia Garcia Cotrim<strong>(Foto Abaixo)<\/strong> <\/strong>foi reeleita e empossada como diretora da Escola Municipal Maria das Dores de Souza(V\u00f3 Maria), do Bairro Michelle.<\/p>\n\n\n\n<figure class=\"wp-block-image size-large\"><img decoding=\"async\" width=\"543\" height=\"675\" src=\"https:\/\/www.correspondentevianopolino.com.br\/site\/wp-content\/uploads\/2026\/01\/1004067683-543x675.jpg\" alt=\"\" class=\"wp-image-115126\" srcset=\"https:\/\/www.correspondentevianopolino.com.br\/site\/wp-content\/uploads\/2026\/01\/1004067683-543x675.jpg 543w, https:\/\/www.correspondentevianopolino.com.br\/site\/wp-content\/uploads\/2026\/01\/1004067683-242x300.jpg 242w, https:\/\/www.correspondentevianopolino.com.br\/site\/wp-content\/uploads\/2026\/01\/1004067683-465x578.jpg 465w, https:\/\/www.correspondentevianopolino.com.br\/site\/wp-content\/uploads\/2026\/01\/1004067683-768x954.jpg 768w, https:\/\/www.correspondentevianopolino.com.br\/site\/wp-content\/uploads\/2026\/01\/1004067683-1236x1536.jpg 1236w, https:\/\/www.correspondentevianopolino.com.br\/site\/wp-content\/uploads\/2026\/01\/1004067683.jpg 1288w\" sizes=\"(max-width: 543px) 100vw, 543px\" \/><\/figure>\n\n\n\n<p><strong>Renata Tavares Chaves Lima(Foto Abaixo) <\/strong>foi empossada na dire\u00e7\u00e3o da Escola Municipal Ant\u00f4nio de Ara\u00fajo Morais, de Ponte Funda.<\/p>\n\n\n\n<figure class=\"wp-block-image size-large\"><img decoding=\"async\" width=\"605\" height=\"675\" src=\"https:\/\/www.correspondentevianopolino.com.br\/site\/wp-content\/uploads\/2026\/01\/1004067689-605x675.jpg\" alt=\"\" class=\"wp-image-115128\" srcset=\"https:\/\/www.correspondentevianopolino.com.br\/site\/wp-content\/uploads\/2026\/01\/1004067689-605x675.jpg 605w, https:\/\/www.correspondentevianopolino.com.br\/site\/wp-content\/uploads\/2026\/01\/1004067689-269x300.jpg 269w, https:\/\/www.correspondentevianopolino.com.br\/site\/wp-content\/uploads\/2026\/01\/1004067689-465x519.jpg 465w, https:\/\/www.correspondentevianopolino.com.br\/site\/wp-content\/uploads\/2026\/01\/1004067689-768x857.jpg 768w, https:\/\/www.correspondentevianopolino.com.br\/site\/wp-content\/uploads\/2026\/01\/1004067689.jpg 1076w\" sizes=\"(max-width: 605px) 100vw, 605px\" \/><\/figure>\n\n\n\n<p><strong>Nadiane Batista de Souza(Foto Abaixo) <\/strong>foi eleita na consulta p\u00fablica e empossada diretora da Escola Municipal Zenaide Campos Roriz.<\/p>\n\n\n\n<figure class=\"wp-block-image size-large\"><img decoding=\"async\" width=\"572\" height=\"675\" src=\"https:\/\/www.correspondentevianopolino.com.br\/site\/wp-content\/uploads\/2026\/01\/1004067665-572x675.jpg\" alt=\"\" class=\"wp-image-115129\" srcset=\"https:\/\/www.correspondentevianopolino.com.br\/site\/wp-content\/uploads\/2026\/01\/1004067665-572x675.jpg 572w, https:\/\/www.correspondentevianopolino.com.br\/site\/wp-content\/uploads\/2026\/01\/1004067665-254x300.jpg 254w, https:\/\/www.correspondentevianopolino.com.br\/site\/wp-content\/uploads\/2026\/01\/1004067665-465x549.jpg 465w, https:\/\/www.correspondentevianopolino.com.br\/site\/wp-content\/uploads\/2026\/01\/1004067665-768x906.jpg 768w, https:\/\/www.correspondentevianopolino.com.br\/site\/wp-content\/uploads\/2026\/01\/1004067665.jpg 1090w\" sizes=\"(max-width: 572px) 100vw, 572px\" \/><\/figure>\n\n\n\n<p><strong>Carlos de Souza Lobo(Foto Abaixo),<\/strong> eleito na consulta p\u00fablica, foi empossado Diretor da Escola Ant\u00f4nio de Souza Lobo Sobrinho, de Cara\u00edba.<\/p>\n\n\n\n<figure class=\"wp-block-image size-large\"><img decoding=\"async\" width=\"523\" height=\"675\" src=\"https:\/\/www.correspondentevianopolino.com.br\/site\/wp-content\/uploads\/2026\/01\/1004067674-523x675.jpg\" alt=\"\" class=\"wp-image-115130\" srcset=\"https:\/\/www.correspondentevianopolino.com.br\/site\/wp-content\/uploads\/2026\/01\/1004067674-523x675.jpg 523w, https:\/\/www.correspondentevianopolino.com.br\/site\/wp-content\/uploads\/2026\/01\/1004067674-232x300.jpg 232w, https:\/\/www.correspondentevianopolino.com.br\/site\/wp-content\/uploads\/2026\/01\/1004067674-465x600.jpg 465w, https:\/\/www.correspondentevianopolino.com.br\/site\/wp-content\/uploads\/2026\/01\/1004067674-768x991.jpg 768w, https:\/\/www.correspondentevianopolino.com.br\/site\/wp-content\/uploads\/2026\/01\/1004067674.jpg 1062w\" sizes=\"(max-width: 523px) 100vw, 523px\" \/><\/figure>\n\n\n\n<p>Na Escola Lu\u00edza Viana, onde n\u00e3o houve consulta p\u00fablica, <strong>Patr\u00edcia Canedo Viegas(Foto Abaixo)<\/strong>, assumiu o cargo de diretora, ap\u00f3s ser nomeada  pelo Prefeito Marcelo Rezende.<\/p>\n\n\n\n<figure class=\"wp-block-image size-large\"><img decoding=\"async\" width=\"489\" height=\"675\" src=\"https:\/\/www.correspondentevianopolino.com.br\/site\/wp-content\/uploads\/2026\/01\/1004067680-489x675.jpg\" alt=\"\" class=\"wp-image-115131\" srcset=\"https:\/\/www.correspondentevianopolino.com.br\/site\/wp-content\/uploads\/2026\/01\/1004067680-489x675.jpg 489w, https:\/\/www.correspondentevianopolino.com.br\/site\/wp-content\/uploads\/2026\/01\/1004067680-217x300.jpg 217w, https:\/\/www.correspondentevianopolino.com.br\/site\/wp-content\/uploads\/2026\/01\/1004067680-465x642.jpg 465w, https:\/\/www.correspondentevianopolino.com.br\/site\/wp-content\/uploads\/2026\/01\/1004067680-768x1060.jpg 768w, https:\/\/www.correspondentevianopolino.com.br\/site\/wp-content\/uploads\/2026\/01\/1004067680-1112x1536.jpg 1112w, https:\/\/www.correspondentevianopolino.com.br\/site\/wp-content\/uploads\/2026\/01\/1004067680.jpg 1158w\" sizes=\"(max-width: 489px) 100vw, 489px\" \/><\/figure>\n\n\n\n<p>No CMEI Joana Aparecida Caixeta(Creche Municipal), foi empossada como diretora, a professora <strong>Alana Maria Carneiro Caixeta<\/strong>(<strong>Foto Abaixo),<\/strong> nomeada.<\/p>\n\n\n\n<figure class=\"wp-block-image size-large\"><img decoding=\"async\" width=\"547\" height=\"675\" src=\"https:\/\/www.correspondentevianopolino.com.br\/site\/wp-content\/uploads\/2026\/01\/1004067706-547x675.jpg\" alt=\"\" class=\"wp-image-115132\" srcset=\"https:\/\/www.correspondentevianopolino.com.br\/site\/wp-content\/uploads\/2026\/01\/1004067706-547x675.jpg 547w, https:\/\/www.correspondentevianopolino.com.br\/site\/wp-content\/uploads\/2026\/01\/1004067706-243x300.jpg 243w, https:\/\/www.correspondentevianopolino.com.br\/site\/wp-content\/uploads\/2026\/01\/1004067706-465x574.jpg 465w, https:\/\/www.correspondentevianopolino.com.br\/site\/wp-content\/uploads\/2026\/01\/1004067706-768x948.jpg 768w, https:\/\/www.correspondentevianopolino.com.br\/site\/wp-content\/uploads\/2026\/01\/1004067706.jpg 1222w\" sizes=\"(max-width: 547px) 100vw, 547px\" \/><\/figure>\n\n\n\n<p>J\u00e1 o <strong>Professor Kl\u00e8ber(Foto Abaixo) <\/strong>foi empossado como Diretor da Apae de Vian\u00f3polis, tamb\u00e9m nomeado.<\/p>\n\n\n\n<figure class=\"wp-block-image size-large\"><img decoding=\"async\" width=\"508\" height=\"675\" src=\"https:\/\/www.correspondentevianopolino.com.br\/site\/wp-content\/uploads\/2026\/01\/1004067659-508x675.jpg\" alt=\"\" class=\"wp-image-115133\" srcset=\"https:\/\/www.correspondentevianopolino.com.br\/site\/wp-content\/uploads\/2026\/01\/1004067659-508x675.jpg 508w, https:\/\/www.correspondentevianopolino.com.br\/site\/wp-content\/uploads\/2026\/01\/1004067659-226x300.jpg 226w, https:\/\/www.correspondentevianopolino.com.br\/site\/wp-content\/uploads\/2026\/01\/1004067659-465x618.jpg 465w, https:\/\/www.correspondentevianopolino.com.br\/site\/wp-content\/uploads\/2026\/01\/1004067659-768x1021.jpg 768w, https:\/\/www.correspondentevianopolino.com.br\/site\/wp-content\/uploads\/2026\/01\/1004067659-1156x1536.jpg 1156w, https:\/\/www.correspondentevianopolino.com.br\/site\/wp-content\/uploads\/2026\/01\/1004067659.jpg 1204w\" sizes=\"(max-width: 508px) 100vw, 508px\" \/><\/figure>\n\n\n\n<p>A posse dos diretores foi conduzida pelo Prefeito Marcelo Rezende, em solenidade que contou com a presen\u00e7a do Vice-Prefeito, Cleydson Mascarenhas; Secret\u00e1ria de Educa\u00e7\u00e3o, S\u00edlvia Cinara Santos e de diversos vereadores, al\u00e9m de familiares dos empossados.<\/p>\n\n\n\n<p class=\"has-text-align-center\"><strong>VEJA MAIS FOTOS DA SOLENIDADE;<\/strong><\/p>\n\n\n\n<figure class=\"wp-block-image size-large\"><img decoding=\"async\" width=\"900\" height=\"675\" src=\"https:\/\/www.correspondentevianopolino.com.br\/site\/wp-content\/uploads\/2026\/01\/1004067644-900x675.jpg\" alt=\"\" class=\"wp-image-115135\" srcset=\"https:\/\/www.correspondentevianopolino.com.br\/site\/wp-content\/uploads\/2026\/01\/1004067644-900x675.jpg 900w, https:\/\/www.correspondentevianopolino.com.br\/site\/wp-content\/uploads\/2026\/01\/1004067644-300x225.jpg 300w, https:\/\/www.correspondentevianopolino.com.br\/site\/wp-content\/uploads\/2026\/01\/1004067644-465x349.jpg 465w, https:\/\/www.correspondentevianopolino.com.br\/site\/wp-content\/uploads\/2026\/01\/1004067644-768x576.jpg 768w, https:\/\/www.correspondentevianopolino.com.br\/site\/wp-content\/uploads\/2026\/01\/1004067644-1536x1152.jpg 1536w, https:\/\/www.correspondentevianopolino.com.br\/site\/wp-content\/uploads\/2026\/01\/1004067644.jpg 1600w\" sizes=\"(max-width: 900px) 100vw, 900px\" \/><\/figure>\n\n\n\n<figure class=\"wp-block-image size-large\"><img decoding=\"async\" width=\"358\" height=\"675\" src=\"https:\/\/www.correspondentevianopolino.com.br\/site\/wp-content\/uploads\/2026\/01\/IMG-20260112-WA0029-358x675.jpg\" alt=\"\" class=\"wp-image-115137\" srcset=\"https:\/\/www.correspondentevianopolino.com.br\/site\/wp-content\/uploads\/2026\/01\/IMG-20260112-WA0029-358x675.jpg 358w, https:\/\/www.correspondentevianopolino.com.br\/site\/wp-content\/uploads\/2026\/01\/IMG-20260112-WA0029-159x300.jpg 159w, https:\/\/www.correspondentevianopolino.com.br\/site\/wp-content\/uploads\/2026\/01\/IMG-20260112-WA0029-465x877.jpg 465w, https:\/\/www.correspondentevianopolino.com.br\/site\/wp-content\/uploads\/2026\/01\/IMG-20260112-WA0029-768x1449.jpg 768w, https:\/\/www.correspondentevianopolino.com.br\/site\/wp-content\/uploads\/2026\/01\/IMG-20260112-WA0029-814x1536.jpg 814w, https:\/\/www.correspondentevianopolino.com.br\/site\/wp-content\/uploads\/2026\/01\/IMG-20260112-WA0029.jpg 848w\" sizes=\"(max-width: 358px) 100vw, 358px\" \/><\/figure>\n\n\n\n<figure class=\"wp-block-image size-large\"><img decoding=\"async\" width=\"366\" height=\"675\" src=\"https:\/\/www.correspondentevianopolino.com.br\/site\/wp-content\/uploads\/2026\/01\/1004067241-366x675.jpg\" alt=\"\" class=\"wp-image-115138\" srcset=\"https:\/\/www.correspondentevianopolino.com.br\/site\/wp-content\/uploads\/2026\/01\/1004067241-366x675.jpg 366w, https:\/\/www.correspondentevianopolino.com.br\/site\/wp-content\/uploads\/2026\/01\/1004067241-163x300.jpg 163w, https:\/\/www.correspondentevianopolino.com.br\/site\/wp-content\/uploads\/2026\/01\/1004067241-465x857.jpg 465w, https:\/\/www.correspondentevianopolino.com.br\/site\/wp-content\/uploads\/2026\/01\/1004067241-768x1415.jpg 768w, https:\/\/www.correspondentevianopolino.com.br\/site\/wp-content\/uploads\/2026\/01\/1004067241-834x1536.jpg 834w, https:\/\/www.correspondentevianopolino.com.br\/site\/wp-content\/uploads\/2026\/01\/1004067241.jpg 868w\" sizes=\"(max-width: 366px) 100vw, 366px\" \/><\/figure>\n\n\n\n<figure class=\"wp-block-image size-large\"><img decoding=\"async\" width=\"969\" height=\"675\" src=\"https:\/\/www.correspondentevianopolino.com.br\/site\/wp-content\/uploads\/2026\/01\/1004067254-969x675.jpg\" alt=\"\" class=\"wp-image-115140\" srcset=\"https:\/\/www.correspondentevianopolino.com.br\/site\/wp-content\/uploads\/2026\/01\/1004067254-969x675.jpg 969w, https:\/\/www.correspondentevianopolino.com.br\/site\/wp-content\/uploads\/2026\/01\/1004067254-300x209.jpg 300w, https:\/\/www.correspondentevianopolino.com.br\/site\/wp-content\/uploads\/2026\/01\/1004067254-465x324.jpg 465w, https:\/\/www.correspondentevianopolino.com.br\/site\/wp-content\/uploads\/2026\/01\/1004067254-768x535.jpg 768w, https:\/\/www.correspondentevianopolino.com.br\/site\/wp-content\/uploads\/2026\/01\/1004067254-1536x1070.jpg 1536w, https:\/\/www.correspondentevianopolino.com.br\/site\/wp-content\/uploads\/2026\/01\/1004067254.jpg 1600w\" sizes=\"(max-width: 969px) 100vw, 969px\" \/><\/figure>\n\n\n\n<figure class=\"wp-block-image size-large\"><img decoding=\"async\" width=\"1200\" height=\"574\" src=\"https:\/\/www.correspondentevianopolino.com.br\/site\/wp-content\/uploads\/2026\/01\/1004067231-1200x574.jpg\" alt=\"\" class=\"wp-image-115141\" srcset=\"https:\/\/www.correspondentevianopolino.com.br\/site\/wp-content\/uploads\/2026\/01\/1004067231-1200x574.jpg 1200w, https:\/\/www.correspondentevianopolino.com.br\/site\/wp-content\/uploads\/2026\/01\/1004067231-300x143.jpg 300w, https:\/\/www.correspondentevianopolino.com.br\/site\/wp-content\/uploads\/2026\/01\/1004067231-465x222.jpg 465w, https:\/\/www.correspondentevianopolino.com.br\/site\/wp-content\/uploads\/2026\/01\/1004067231-768x367.jpg 768w, https:\/\/www.correspondentevianopolino.com.br\/site\/wp-content\/uploads\/2026\/01\/1004067231-1536x734.jpg 1536w, https:\/\/www.correspondentevianopolino.com.br\/site\/wp-content\/uploads\/2026\/01\/1004067231.jpg 1600w\" sizes=\"(max-width: 1200px) 100vw, 1200px\" \/><\/figure>\n\n\n\n<p>.<\/p>\n\n\n\n<figure class=\"wp-block-image size-large\"><img decoding=\"async\" width=\"371\" height=\"675\" src=\"https:\/\/www.correspondentevianopolino.com.br\/site\/wp-content\/uploads\/2026\/01\/1004067537-371x675.jpg\" alt=\"\" class=\"wp-image-115144\" srcset=\"https:\/\/www.correspondentevianopolino.com.br\/site\/wp-content\/uploads\/2026\/01\/1004067537-371x675.jpg 371w, https:\/\/www.correspondentevianopolino.com.br\/site\/wp-content\/uploads\/2026\/01\/1004067537-165x300.jpg 165w, https:\/\/www.correspondentevianopolino.com.br\/site\/wp-content\/uploads\/2026\/01\/1004067537-465x847.jpg 465w, https:\/\/www.correspondentevianopolino.com.br\/site\/wp-content\/uploads\/2026\/01\/1004067537-768x1399.jpg 768w, https:\/\/www.correspondentevianopolino.com.br\/site\/wp-content\/uploads\/2026\/01\/1004067537.jpg 799w\" sizes=\"(max-width: 371px) 100vw, 371px\" \/><\/figure>\n","protected":false},"excerpt":{"rendered":"<p>Aconteceu na manh\u00e3 de hoje, 12\/01, no Espa\u00e7o Conviver, pr\u00f3ximo ao F\u00f3rum de Vian\u00f3polis, a solenidade de posse dos diretores [&hellip;]<\/p>\n","protected":false},"author":2,"featured_media":115122,"comment_status":"open","ping_status":"closed","sticky":false,"template":"","format":"standard","meta":{"_uag_custom_page_level_css":"","site-sidebar-layout":"default","site-content-layout":"","ast-site-content-layout":"default","site-content-style":"default","site-sidebar-style":"default","ast-global-header-display":"","ast-banner-title-visibility":"","ast-main-header-display":"","ast-hfb-above-header-display":"","ast-hfb-below-header-display":"","ast-hfb-mobile-header-display":"","site-post-title":"","ast-breadcrumbs-content":"","ast-featured-img":"","footer-sml-layout":"","ast-disable-related-posts":"","theme-transparent-header-meta":"","adv-header-id-meta":"","stick-header-meta":"","header-above-stick-meta":"","header-main-stick-meta":"","header-below-stick-meta":"","astra-migrate-meta-layouts":"default","ast-page-background-enabled":"default","ast-page-background-meta":{"desktop":{"background-color":"var(--ast-global-color-4)","background-image":"","background-repeat":"repeat","background-position":"center center","background-size":"auto","background-attachment":"scroll","background-type":"","background-media":"","overlay-type":"","overlay-color":"","overlay-opacity":"","overlay-gradient":""},"tablet":{"background-color":"","background-image":"","background-repeat":"repeat","background-position":"center center","background-size":"auto","background-attachment":"scroll","background-type":"","background-media":"","overlay-type":"","overlay-color":"","overlay-opacity":"","overlay-gradient":""},"mobile":{"background-color":"","background-image":"","background-repeat":"repeat","background-position":"center center","background-size":"auto","background-attachment":"scroll","background-type":"","background-media":"","overlay-type":"","overlay-color":"","overlay-opacity":"","overlay-gradient":""}},"ast-content-background-meta":{"desktop":{"background-color":"var(--ast-global-color-5)","background-image":"","background-repeat":"repeat","background-position":"center center","background-size":"auto","background-attachment":"scroll","background-type":"","background-media":"","overlay-type":"","overlay-color":"","overlay-opacity":"","overlay-gradient":""},"tablet":{"background-color":"var(--ast-global-color-5)","background-image":"","background-repeat":"repeat","background-position":"center center","background-size":"auto","background-attachment":"scroll","background-type":"","background-media":"","overlay-type":"","overlay-color":"","overlay-opacity":"","overlay-gradient":""},"mobile":{"background-color":"var(--ast-global-color-5)","background-image":"","background-repeat":"repeat","background-position":"center center","background-size":"auto","background-attachment":"scroll","background-type":"","background-media":"","overlay-type":"","overlay-color":"","overlay-opacity":"","overlay-gradient":""}},"footnotes":""},"categories":[1],"tags":[],"class_list":["post-115121","post","type-post","status-publish","format-standard","has-post-thumbnail","hentry","category-ultimas"],"uagb_featured_image_src":{"full":["https:\/\/www.correspondentevianopolino.com.br\/site\/wp-content\/uploads\/2026\/01\/Encontro.jpg",1900,1267,false],"thumbnail":["https:\/\/www.correspondentevianopolino.com.br\/site\/wp-content\/uploads\/2026\/01\/Encontro-465x310.jpg",465,310,true],"medium":["https:\/\/www.correspondentevianopolino.com.br\/site\/wp-content\/uploads\/2026\/01\/Encontro-300x200.jpg",300,200,true],"medium_large":["https:\/\/www.correspondentevianopolino.com.br\/site\/wp-content\/uploads\/2026\/01\/Encontro-768x512.jpg",768,512,true],"large":["https:\/\/www.correspondentevianopolino.com.br\/site\/wp-content\/uploads\/2026\/01\/Encontro-1012x675.jpg",1012,675,true],"1536x1536":["https:\/\/www.correspondentevianopolino.com.br\/site\/wp-content\/uploads\/2026\/01\/Encontro-1536x1024.jpg",1536,1024,true],"2048x2048":["https:\/\/www.correspondentevianopolino.com.br\/site\/wp-content\/uploads\/2026\/01\/Encontro.jpg",1900,1267,false]},"uagb_author_info":{"display_name":"Ol\u00edvio Lemos","author_link":"https:\/\/www.correspondentevianopolino.com.br\/site\/author\/olivio\/"},"uagb_comment_info":1,"uagb_excerpt":"Aconteceu na manh\u00e3 de hoje, 12\/01, no Espa\u00e7o Conviver, pr\u00f3ximo ao F\u00f3rum de Vian\u00f3polis, a solenidade de posse dos diretores [&hellip;]","_links":{"self":[{"href":"https:\/\/www.correspondentevianopolino.com.br\/site\/wp-json\/wp\/v2\/posts\/115121","targetHints":{"allow":["GET"]}}],"collection":[{"href":"https:\/\/www.correspondentevianopolino.com.br\/site\/wp-json\/wp\/v2\/posts"}],"about":[{"href":"https:\/\/www.correspondentevianopolino.com.br\/site\/wp-json\/wp\/v2\/types\/post"}],"author":[{"embeddable":true,"href":"https:\/\/www.correspondentevianopolino.com.br\/site\/wp-json\/wp\/v2\/users\/2"}],"replies":[{"embeddable":true,"href":"https:\/\/www.correspondentevianopolino.com.br\/site\/wp-json\/wp\/v2\/comments?post=115121"}],"version-history":[{"count":0,"href":"https:\/\/www.correspondentevianopolino.com.br\/site\/wp-json\/wp\/v2\/posts\/115121\/revisions"}],"wp:featuredmedia":[{"embeddable":true,"href":"https:\/\/www.correspondentevianopolino.com.br\/site\/wp-json\/wp\/v2\/media\/115122"}],"wp:attachment":[{"href":"https:\/\/www.correspondentevianopolino.com.br\/site\/wp-json\/wp\/v2\/media?parent=115121"}],"wp:term":[{"taxonomy":"category","embeddable":true,"href":"https:\/\/www.correspondentevianopolino.com.br\/site\/wp-json\/wp\/v2\/categories?post=115121"},{"taxonomy":"post_tag","embeddable":true,"href":"https:\/\/www.correspondentevianopolino.com.br\/site\/wp-json\/wp\/v2\/tags?post=115121"}],"curies":[{"name":"wp","href":"https:\/\/api.w.org\/{rel}","templated":true}]}}