{"id":115148,"date":"2026-01-13T08:12:31","date_gmt":"2026-01-13T11:12:31","guid":{"rendered":"https:\/\/www.correspondentevianopolino.com.br\/site\/?p=115148"},"modified":"2026-01-13T08:48:33","modified_gmt":"2026-01-13T11:48:33","slug":"fogos-3","status":"publish","type":"post","link":"https:\/\/www.correspondentevianopolino.com.br\/site\/fogos-3\/","title":{"rendered":"MORADORA DEN\u00daNCIA SOLTURA DE FOGOS DE ARTIF\u00cdCIOS DURANTE A MADRUGADA NA LOCALIDADE DE CARA\u00cdBA"},"content":{"rendered":"\n<figure class=\"wp-block-image size-large\"><img decoding=\"async\" width=\"380\" height=\"675\" src=\"https:\/\/www.correspondentevianopolino.com.br\/site\/wp-content\/uploads\/2026\/01\/IMG-20260108-WA0450-380x675.jpg\" alt=\"\" class=\"wp-image-114985\" srcset=\"https:\/\/www.correspondentevianopolino.com.br\/site\/wp-content\/uploads\/2026\/01\/IMG-20260108-WA0450-380x675.jpg 380w, https:\/\/www.correspondentevianopolino.com.br\/site\/wp-content\/uploads\/2026\/01\/IMG-20260108-WA0450-169x300.jpg 169w, https:\/\/www.correspondentevianopolino.com.br\/site\/wp-content\/uploads\/2026\/01\/IMG-20260108-WA0450-465x826.jpg 465w, https:\/\/www.correspondentevianopolino.com.br\/site\/wp-content\/uploads\/2026\/01\/IMG-20260108-WA0450-768x1365.jpg 768w, https:\/\/www.correspondentevianopolino.com.br\/site\/wp-content\/uploads\/2026\/01\/IMG-20260108-WA0450.jpg 790w\" sizes=\"(max-width: 380px) 100vw, 380px\" \/><\/figure>\n\n\n\n<p>Uma moradora da localidade de Cara\u00edba, que preferiu n\u00e3o se identificar, procurou nossa reportagem para reclamar da soltura de fogos de artif\u00edcio durante a madrugada, situa\u00e7\u00e3o que vem tirando o sossego de quem mora naquela localidade.<\/p>\n\n\n\n<p>Segundo ela, nos \u00faltimos dias, os epis\u00f3dios t\u00eam ocorrido com frequ\u00eancia, prejudicando as pessoas, principalmente crian\u00e7as e idosos.<\/p>\n\n\n\n<p>Segundo a moradora, os fogos s\u00e3o soltados em hor\u00e1rio impr\u00f3prio, acordando pessoas e assustando animais.<\/p>\n\n\n\n<p>Ela relata que o barulho intenso n\u00e3o deixa as pessoas terem o descanso no per\u00edodo noturno.<\/p>\n\n\n\n<p>Ela desabafou dizendo que \u00e9 falta de respeito com quem trabalha e precisa acordar cedo.<\/p>\n\n\n\n<p>A soltura de fogos de artif\u00edcios \u00e9 uma pr\u00e1tica que pode configurar perturba\u00e7\u00e3o do sossego p\u00fablico, pass\u00edvel de puni\u00e7\u00e3o conforme legisla\u00e7\u00e3o vigente.<\/p>\n\n\n\n<p>Ela reivindica fiscaliza\u00e7\u00e3o por parte dos \u00f3rg\u00e3os competentes e conscientiza\u00e7\u00e3o para que situa\u00e7\u00f5es como essa n\u00e3o volte a se repetir na localidade de Cara\u00edba.<\/p>\n\n\n\n<p><strong>NOTA DA REDA\u00c7\u00c3O:<\/strong> NO MUNIC\u00cdPIO DE VIAN\u00d3POLIS, CONFORME LEI APROVADA PELA C\u00c2MARA MUNICIPAL, \u00c9 PRO\u00cdBIDO SOLTAR FOGOS DE ARTIF\u00cdCIOS COM ESTAMPIDOS.<\/p>\n\n\n\n<p><\/p>\n","protected":false},"excerpt":{"rendered":"<p>Uma moradora da localidade de Cara\u00edba, que preferiu n\u00e3o se identificar, procurou nossa reportagem para reclamar da soltura de fogos [&hellip;]<\/p>\n","protected":false},"author":2,"featured_media":115149,"comment_status":"open","ping_status":"closed","sticky":false,"template":"","format":"standard","meta":{"_uag_custom_page_level_css":"","site-sidebar-layout":"default","site-content-layout":"","ast-site-content-layout":"default","site-content-style":"default","site-sidebar-style":"default","ast-global-header-display":"","ast-banner-title-visibility":"","ast-main-header-display":"","ast-hfb-above-header-display":"","ast-hfb-below-header-display":"","ast-hfb-mobile-header-display":"","site-post-title":"","ast-breadcrumbs-content":"","ast-featured-img":"","footer-sml-layout":"","ast-disable-related-posts":"","theme-transparent-header-meta":"","adv-header-id-meta":"","stick-header-meta":"","header-above-stick-meta":"","header-main-stick-meta":"","header-below-stick-meta":"","astra-migrate-meta-layouts":"default","ast-page-background-enabled":"default","ast-page-background-meta":{"desktop":{"background-color":"var(--ast-global-color-4)","background-image":"","background-repeat":"repeat","background-position":"center center","background-size":"auto","background-attachment":"scroll","background-type":"","background-media":"","overlay-type":"","overlay-color":"","overlay-opacity":"","overlay-gradient":""},"tablet":{"background-color":"","background-image":"","background-repeat":"repeat","background-position":"center center","background-size":"auto","background-attachment":"scroll","background-type":"","background-media":"","overlay-type":"","overlay-color":"","overlay-opacity":"","overlay-gradient":""},"mobile":{"background-color":"","background-image":"","background-repeat":"repeat","background-position":"center center","background-size":"auto","background-attachment":"scroll","background-type":"","background-media":"","overlay-type":"","overlay-color":"","overlay-opacity":"","overlay-gradient":""}},"ast-content-background-meta":{"desktop":{"background-color":"var(--ast-global-color-5)","background-image":"","background-repeat":"repeat","background-position":"center center","background-size":"auto","background-attachment":"scroll","background-type":"","background-media":"","overlay-type":"","overlay-color":"","overlay-opacity":"","overlay-gradient":""},"tablet":{"background-color":"var(--ast-global-color-5)","background-image":"","background-repeat":"repeat","background-position":"center center","background-size":"auto","background-attachment":"scroll","background-type":"","background-media":"","overlay-type":"","overlay-color":"","overlay-opacity":"","overlay-gradient":""},"mobile":{"background-color":"var(--ast-global-color-5)","background-image":"","background-repeat":"repeat","background-position":"center center","background-size":"auto","background-attachment":"scroll","background-type":"","background-media":"","overlay-type":"","overlay-color":"","overlay-opacity":"","overlay-gradient":""}},"footnotes":""},"categories":[1],"tags":[],"class_list":["post-115148","post","type-post","status-publish","format-standard","has-post-thumbnail","hentry","category-ultimas"],"uagb_featured_image_src":{"full":["https:\/\/www.correspondentevianopolino.com.br\/site\/wp-content\/uploads\/2026\/01\/Fogos-de-Artificio.jpg",1900,1267,false],"thumbnail":["https:\/\/www.correspondentevianopolino.com.br\/site\/wp-content\/uploads\/2026\/01\/Fogos-de-Artificio-465x310.jpg",465,310,true],"medium":["https:\/\/www.correspondentevianopolino.com.br\/site\/wp-content\/uploads\/2026\/01\/Fogos-de-Artificio-300x200.jpg",300,200,true],"medium_large":["https:\/\/www.correspondentevianopolino.com.br\/site\/wp-content\/uploads\/2026\/01\/Fogos-de-Artificio-768x512.jpg",768,512,true],"large":["https:\/\/www.correspondentevianopolino.com.br\/site\/wp-content\/uploads\/2026\/01\/Fogos-de-Artificio-1012x675.jpg",1012,675,true],"1536x1536":["https:\/\/www.correspondentevianopolino.com.br\/site\/wp-content\/uploads\/2026\/01\/Fogos-de-Artificio-1536x1024.jpg",1536,1024,true],"2048x2048":["https:\/\/www.correspondentevianopolino.com.br\/site\/wp-content\/uploads\/2026\/01\/Fogos-de-Artificio.jpg",1900,1267,false]},"uagb_author_info":{"display_name":"Ol\u00edvio Lemos","author_link":"https:\/\/www.correspondentevianopolino.com.br\/site\/author\/olivio\/"},"uagb_comment_info":4,"uagb_excerpt":"Uma moradora da localidade de Cara\u00edba, que preferiu n\u00e3o se identificar, procurou nossa reportagem para reclamar da soltura de fogos [&hellip;]","_links":{"self":[{"href":"https:\/\/www.correspondentevianopolino.com.br\/site\/wp-json\/wp\/v2\/posts\/115148","targetHints":{"allow":["GET"]}}],"collection":[{"href":"https:\/\/www.correspondentevianopolino.com.br\/site\/wp-json\/wp\/v2\/posts"}],"about":[{"href":"https:\/\/www.correspondentevianopolino.com.br\/site\/wp-json\/wp\/v2\/types\/post"}],"author":[{"embeddable":true,"href":"https:\/\/www.correspondentevianopolino.com.br\/site\/wp-json\/wp\/v2\/users\/2"}],"replies":[{"embeddable":true,"href":"https:\/\/www.correspondentevianopolino.com.br\/site\/wp-json\/wp\/v2\/comments?post=115148"}],"version-history":[{"count":0,"href":"https:\/\/www.correspondentevianopolino.com.br\/site\/wp-json\/wp\/v2\/posts\/115148\/revisions"}],"wp:featuredmedia":[{"embeddable":true,"href":"https:\/\/www.correspondentevianopolino.com.br\/site\/wp-json\/wp\/v2\/media\/115149"}],"wp:attachment":[{"href":"https:\/\/www.correspondentevianopolino.com.br\/site\/wp-json\/wp\/v2\/media?parent=115148"}],"wp:term":[{"taxonomy":"category","embeddable":true,"href":"https:\/\/www.correspondentevianopolino.com.br\/site\/wp-json\/wp\/v2\/categories?post=115148"},{"taxonomy":"post_tag","embeddable":true,"href":"https:\/\/www.correspondentevianopolino.com.br\/site\/wp-json\/wp\/v2\/tags?post=115148"}],"curies":[{"name":"wp","href":"https:\/\/api.w.org\/{rel}","templated":true}]}}