{"id":115199,"date":"2026-01-16T15:56:49","date_gmt":"2026-01-16T18:56:49","guid":{"rendered":"https:\/\/www.correspondentevianopolino.com.br\/site\/?p=115199"},"modified":"2026-01-22T11:05:07","modified_gmt":"2026-01-22T14:05:07","slug":"concurso-6","status":"publish","type":"post","link":"https:\/\/www.correspondentevianopolino.com.br\/site\/concurso-6\/","title":{"rendered":"PREFEITO MARCELO REZENDE ANUNCIA REALIZA\u00c7\u00c3O DE CONCURSO P\u00daBLICO AINDA ESTE ANO E QUAIS VAGAS DEVEM SER ABERTAS"},"content":{"rendered":"\n<figure class=\"wp-block-image size-large\"><img decoding=\"async\" width=\"401\" height=\"675\" src=\"https:\/\/www.correspondentevianopolino.com.br\/site\/wp-content\/uploads\/2026\/01\/1004092657-401x675.jpg\" alt=\"\" class=\"wp-image-115196\" srcset=\"https:\/\/www.correspondentevianopolino.com.br\/site\/wp-content\/uploads\/2026\/01\/1004092657-401x675.jpg 401w, https:\/\/www.correspondentevianopolino.com.br\/site\/wp-content\/uploads\/2026\/01\/1004092657-178x300.jpg 178w, https:\/\/www.correspondentevianopolino.com.br\/site\/wp-content\/uploads\/2026\/01\/1004092657-465x782.jpg 465w, https:\/\/www.correspondentevianopolino.com.br\/site\/wp-content\/uploads\/2026\/01\/1004092657-768x1292.jpg 768w, https:\/\/www.correspondentevianopolino.com.br\/site\/wp-content\/uploads\/2026\/01\/1004092657-913x1536.jpg 913w, https:\/\/www.correspondentevianopolino.com.br\/site\/wp-content\/uploads\/2026\/01\/1004092657.jpg 1080w\" sizes=\"(max-width: 401px) 100vw, 401px\" \/><\/figure>\n\n\n\n<p>Atrav\u00e9s do Decreto 380\/2026, o prefeito Marcelo Rezende prorrogou, por mais dois anos, o prazo do concurso p\u00fablico realizado em novembro de 2023, na administra\u00e7\u00e3o do ex-prefeito Samuel Cotrim.<br>Com a prorroga\u00e7\u00e3o, o concurso p\u00fablico ter\u00e1 v\u00e1lidade por mais dois anos, per\u00edodo em que o poder p\u00fablico municipal, assim como a C\u00e2mara Municipal, poder\u00e1 convocar os aprovados quando achar conveniente.<br>Falando \u00e0 nossa reportagem, Marcelo Rezende disse que a decis\u00e3o foi tomada por ele e pelo vice-prefeito Cleydson Mascarenhas, uma vez que o concurso de 2023 foi feito h\u00e1 pouco tempo e dentro da legalidade, e que o munic\u00edpio est\u00e1 precisando preencher vagas na rede municipal de educa\u00e7\u00e3o, tendo comunicado, inclusive, que alguns aprovados no concurso de 2023, na \u00e1rea da educa\u00e7\u00e3o, devem ser chamados na pr\u00f3xima semana.<br>Essa prorroga\u00e7\u00e3o, afirma Marcelo Rezende, reduz custos para o munic\u00edpio.<br><\/p>\n\n\n\n<p><strong>Em seguida, o prefeito anunciou que a Prefeitura Municipal realizar\u00e1, ainda este ano, um novo concurso p\u00fablico<\/strong>, para o preenchimento de vagas em diversas \u00e1reas que t\u00eam comissionados e contratados trabalhando. Ele citou que ser\u00e3o abertas vagas para motoristas, bra\u00e7ais e para outras fun\u00e7\u00f5es.<br>O Prefeito Vianopolino finalizou a entrevista dizendo que o concurso \u00e9 importante para dar respaldo aos aprovados no concurso, assim como <strong>contribui para com a Previd\u00eancia Municipal, que, atualmente, tem um d\u00e9ficit grande.<\/strong><\/p>\n\n\n\n<p>O mais prov\u00e1vel \u00e9 que o concurso da Prefeitura de Vian\u00f3polis seja realizado no segundo semestre.<\/p>\n\n\n\n<p><\/p>\n","protected":false},"excerpt":{"rendered":"<p>Atrav\u00e9s do Decreto 380\/2026, o prefeito Marcelo Rezende prorrogou, por mais dois anos, o prazo do concurso p\u00fablico realizado em [&hellip;]<\/p>\n","protected":false},"author":2,"featured_media":115200,"comment_status":"open","ping_status":"closed","sticky":false,"template":"","format":"standard","meta":{"_uag_custom_page_level_css":"","site-sidebar-layout":"default","site-content-layout":"","ast-site-content-layout":"default","site-content-style":"default","site-sidebar-style":"default","ast-global-header-display":"","ast-banner-title-visibility":"","ast-main-header-display":"","ast-hfb-above-header-display":"","ast-hfb-below-header-display":"","ast-hfb-mobile-header-display":"","site-post-title":"","ast-breadcrumbs-content":"","ast-featured-img":"","footer-sml-layout":"","ast-disable-related-posts":"","theme-transparent-header-meta":"","adv-header-id-meta":"","stick-header-meta":"","header-above-stick-meta":"","header-main-stick-meta":"","header-below-stick-meta":"","astra-migrate-meta-layouts":"default","ast-page-background-enabled":"default","ast-page-background-meta":{"desktop":{"background-color":"var(--ast-global-color-4)","background-image":"","background-repeat":"repeat","background-position":"center center","background-size":"auto","background-attachment":"scroll","background-type":"","background-media":"","overlay-type":"","overlay-color":"","overlay-opacity":"","overlay-gradient":""},"tablet":{"background-color":"","background-image":"","background-repeat":"repeat","background-position":"center center","background-size":"auto","background-attachment":"scroll","background-type":"","background-media":"","overlay-type":"","overlay-color":"","overlay-opacity":"","overlay-gradient":""},"mobile":{"background-color":"","background-image":"","background-repeat":"repeat","background-position":"center center","background-size":"auto","background-attachment":"scroll","background-type":"","background-media":"","overlay-type":"","overlay-color":"","overlay-opacity":"","overlay-gradient":""}},"ast-content-background-meta":{"desktop":{"background-color":"var(--ast-global-color-5)","background-image":"","background-repeat":"repeat","background-position":"center center","background-size":"auto","background-attachment":"scroll","background-type":"","background-media":"","overlay-type":"","overlay-color":"","overlay-opacity":"","overlay-gradient":""},"tablet":{"background-color":"var(--ast-global-color-5)","background-image":"","background-repeat":"repeat","background-position":"center center","background-size":"auto","background-attachment":"scroll","background-type":"","background-media":"","overlay-type":"","overlay-color":"","overlay-opacity":"","overlay-gradient":""},"mobile":{"background-color":"var(--ast-global-color-5)","background-image":"","background-repeat":"repeat","background-position":"center center","background-size":"auto","background-attachment":"scroll","background-type":"","background-media":"","overlay-type":"","overlay-color":"","overlay-opacity":"","overlay-gradient":""}},"footnotes":""},"categories":[1],"tags":[],"class_list":["post-115199","post","type-post","status-publish","format-standard","has-post-thumbnail","hentry","category-ultimas"],"uagb_featured_image_src":{"full":["https:\/\/www.correspondentevianopolino.com.br\/site\/wp-content\/uploads\/2026\/01\/file_00000000c01c71f6818a4bc864e1fb0c.jpg",1536,1024,false],"thumbnail":["https:\/\/www.correspondentevianopolino.com.br\/site\/wp-content\/uploads\/2026\/01\/file_00000000c01c71f6818a4bc864e1fb0c-465x310.jpg",465,310,true],"medium":["https:\/\/www.correspondentevianopolino.com.br\/site\/wp-content\/uploads\/2026\/01\/file_00000000c01c71f6818a4bc864e1fb0c-300x200.jpg",300,200,true],"medium_large":["https:\/\/www.correspondentevianopolino.com.br\/site\/wp-content\/uploads\/2026\/01\/file_00000000c01c71f6818a4bc864e1fb0c-768x512.jpg",768,512,true],"large":["https:\/\/www.correspondentevianopolino.com.br\/site\/wp-content\/uploads\/2026\/01\/file_00000000c01c71f6818a4bc864e1fb0c-1013x675.jpg",1013,675,true],"1536x1536":["https:\/\/www.correspondentevianopolino.com.br\/site\/wp-content\/uploads\/2026\/01\/file_00000000c01c71f6818a4bc864e1fb0c.jpg",1536,1024,false],"2048x2048":["https:\/\/www.correspondentevianopolino.com.br\/site\/wp-content\/uploads\/2026\/01\/file_00000000c01c71f6818a4bc864e1fb0c.jpg",1536,1024,false]},"uagb_author_info":{"display_name":"Ol\u00edvio Lemos","author_link":"https:\/\/www.correspondentevianopolino.com.br\/site\/author\/olivio\/"},"uagb_comment_info":1,"uagb_excerpt":"Atrav\u00e9s do Decreto 380\/2026, o prefeito Marcelo Rezende prorrogou, por mais dois anos, o prazo do concurso p\u00fablico realizado em [&hellip;]","_links":{"self":[{"href":"https:\/\/www.correspondentevianopolino.com.br\/site\/wp-json\/wp\/v2\/posts\/115199","targetHints":{"allow":["GET"]}}],"collection":[{"href":"https:\/\/www.correspondentevianopolino.com.br\/site\/wp-json\/wp\/v2\/posts"}],"about":[{"href":"https:\/\/www.correspondentevianopolino.com.br\/site\/wp-json\/wp\/v2\/types\/post"}],"author":[{"embeddable":true,"href":"https:\/\/www.correspondentevianopolino.com.br\/site\/wp-json\/wp\/v2\/users\/2"}],"replies":[{"embeddable":true,"href":"https:\/\/www.correspondentevianopolino.com.br\/site\/wp-json\/wp\/v2\/comments?post=115199"}],"version-history":[{"count":0,"href":"https:\/\/www.correspondentevianopolino.com.br\/site\/wp-json\/wp\/v2\/posts\/115199\/revisions"}],"wp:featuredmedia":[{"embeddable":true,"href":"https:\/\/www.correspondentevianopolino.com.br\/site\/wp-json\/wp\/v2\/media\/115200"}],"wp:attachment":[{"href":"https:\/\/www.correspondentevianopolino.com.br\/site\/wp-json\/wp\/v2\/media?parent=115199"}],"wp:term":[{"taxonomy":"category","embeddable":true,"href":"https:\/\/www.correspondentevianopolino.com.br\/site\/wp-json\/wp\/v2\/categories?post=115199"},{"taxonomy":"post_tag","embeddable":true,"href":"https:\/\/www.correspondentevianopolino.com.br\/site\/wp-json\/wp\/v2\/tags?post=115199"}],"curies":[{"name":"wp","href":"https:\/\/api.w.org\/{rel}","templated":true}]}}