{"id":116248,"date":"2026-03-01T17:38:23","date_gmt":"2026-03-01T20:38:23","guid":{"rendered":"https:\/\/www.correspondentevianopolino.com.br\/site\/?p=116248"},"modified":"2026-03-02T10:01:18","modified_gmt":"2026-03-02T13:01:18","slug":"falece-a-vianopolina-ivanilde-lourenco-de-castro-mae-de-adson-batista-presidente-do-atletico-goianiense","status":"publish","type":"post","link":"https:\/\/www.correspondentevianopolino.com.br\/site\/falece-a-vianopolina-ivanilde-lourenco-de-castro-mae-de-adson-batista-presidente-do-atletico-goianiense\/","title":{"rendered":"FALECE A VIANOPOLINA IVANILDE LOUREN\u00c7O DE CASTRO BATISTA, M\u00c3E DE ADSON BATISTA, PRESIDENTE DO ATL\u00c9TICO GOIANIENSE"},"content":{"rendered":"\n<figure class=\"wp-block-image size-large\"><img decoding=\"async\" width=\"540\" height=\"675\" src=\"https:\/\/www.correspondentevianopolino.com.br\/site\/wp-content\/uploads\/2026\/02\/1004401566-540x675.jpg\" alt=\"\" class=\"wp-image-116238\" srcset=\"https:\/\/www.correspondentevianopolino.com.br\/site\/wp-content\/uploads\/2026\/02\/1004401566-540x675.jpg 540w, https:\/\/www.correspondentevianopolino.com.br\/site\/wp-content\/uploads\/2026\/02\/1004401566-240x300.jpg 240w, https:\/\/www.correspondentevianopolino.com.br\/site\/wp-content\/uploads\/2026\/02\/1004401566-465x581.jpg 465w, https:\/\/www.correspondentevianopolino.com.br\/site\/wp-content\/uploads\/2026\/02\/1004401566-768x960.jpg 768w, https:\/\/www.correspondentevianopolino.com.br\/site\/wp-content\/uploads\/2026\/02\/1004401566.jpg 1080w\" sizes=\"(max-width: 540px) 100vw, 540px\" \/><\/figure>\n\n\n\n<p>Faleceu em Inhumas, onde residia, a vianopolina <strong>IVANILDE LOUREN\u00c7O DE CASTRO BATISTA<\/strong>, m\u00e3e do Presidente do Atl\u00e9tico Goianiense, Adson Batista.<\/p>\n\n\n\n<p>Ivanilde era filha dos saudosos vianopolinos Pedro Fernandes de Castro e Zilda Fernandes de Castro, que residiram durante muitos anos na Regi\u00e3o da Sombra, munic\u00edpio de Vian\u00f3polis.<\/p>\n\n\n\n<p>Ivanilde \u00e9 irm\u00e3, dentre outros, de Maria das Gra\u00e7as de Castro Brito, conhecida por Maria do Chiquim, de Maria do Carmo Fernandes, residente em Vian\u00f3polis, e de Maria Auxiliadora de Castro, que trabalhou durante muitos anos no Hospital Ara\u00fajo Jorge de Goi\u00e2nia.<\/p>\n\n\n\n<p>Nas redes sociais, na data de hoje, 01\/03, o Atl\u00e9tico Goianiense lamentou a morte da m\u00e3e de seu presidente, destacando a mulher de for\u00e7a e car\u00e1ter que Ivanilde sempre foi.<\/p>\n\n\n\n<p>O texto diz que Ivanilde sempre ser\u00e1 exemplo de amor e coragem.<\/p>\n\n\n\n<p>Como m\u00e3e, foi colo nos momentos mais dif\u00edceis e celebrou cada conquista junto ao seu filho, Adson Batista, acrescenta o texto.<\/p>\n\n\n\n<figure class=\"wp-block-image size-large\"><img decoding=\"async\" width=\"915\" height=\"675\" src=\"https:\/\/www.correspondentevianopolino.com.br\/site\/wp-content\/uploads\/2026\/03\/1004407090-915x675.jpg\" alt=\"\" class=\"wp-image-116252\" srcset=\"https:\/\/www.correspondentevianopolino.com.br\/site\/wp-content\/uploads\/2026\/03\/1004407090-915x675.jpg 915w, https:\/\/www.correspondentevianopolino.com.br\/site\/wp-content\/uploads\/2026\/03\/1004407090-300x221.jpg 300w, https:\/\/www.correspondentevianopolino.com.br\/site\/wp-content\/uploads\/2026\/03\/1004407090-465x343.jpg 465w, https:\/\/www.correspondentevianopolino.com.br\/site\/wp-content\/uploads\/2026\/03\/1004407090-768x567.jpg 768w, https:\/\/www.correspondentevianopolino.com.br\/site\/wp-content\/uploads\/2026\/03\/1004407090.jpg 1080w\" sizes=\"(max-width: 915px) 100vw, 915px\" \/><\/figure>\n\n\n\n<figure class=\"wp-block-image size-full\"><img decoding=\"async\" width=\"324\" height=\"559\" src=\"https:\/\/www.correspondentevianopolino.com.br\/site\/wp-content\/uploads\/2026\/03\/1004407092.jpg\" alt=\"\" class=\"wp-image-116251\" srcset=\"https:\/\/www.correspondentevianopolino.com.br\/site\/wp-content\/uploads\/2026\/03\/1004407092.jpg 324w, https:\/\/www.correspondentevianopolino.com.br\/site\/wp-content\/uploads\/2026\/03\/1004407092-174x300.jpg 174w\" sizes=\"(max-width: 324px) 100vw, 324px\" \/><\/figure>\n","protected":false},"excerpt":{"rendered":"<p>Faleceu em Inhumas, onde residia, a vianopolina IVANILDE LOUREN\u00c7O DE CASTRO BATISTA, m\u00e3e do Presidente do Atl\u00e9tico Goianiense, Adson Batista. [&hellip;]<\/p>\n","protected":false},"author":2,"featured_media":116249,"comment_status":"open","ping_status":"closed","sticky":false,"template":"","format":"standard","meta":{"_uag_custom_page_level_css":"","site-sidebar-layout":"default","site-content-layout":"","ast-site-content-layout":"default","site-content-style":"default","site-sidebar-style":"default","ast-global-header-display":"","ast-banner-title-visibility":"","ast-main-header-display":"","ast-hfb-above-header-display":"","ast-hfb-below-header-display":"","ast-hfb-mobile-header-display":"","site-post-title":"","ast-breadcrumbs-content":"","ast-featured-img":"","footer-sml-layout":"","ast-disable-related-posts":"","theme-transparent-header-meta":"","adv-header-id-meta":"","stick-header-meta":"","header-above-stick-meta":"","header-main-stick-meta":"","header-below-stick-meta":"","astra-migrate-meta-layouts":"default","ast-page-background-enabled":"default","ast-page-background-meta":{"desktop":{"background-color":"var(--ast-global-color-4)","background-image":"","background-repeat":"repeat","background-position":"center center","background-size":"auto","background-attachment":"scroll","background-type":"","background-media":"","overlay-type":"","overlay-color":"","overlay-opacity":"","overlay-gradient":""},"tablet":{"background-color":"","background-image":"","background-repeat":"repeat","background-position":"center center","background-size":"auto","background-attachment":"scroll","background-type":"","background-media":"","overlay-type":"","overlay-color":"","overlay-opacity":"","overlay-gradient":""},"mobile":{"background-color":"","background-image":"","background-repeat":"repeat","background-position":"center center","background-size":"auto","background-attachment":"scroll","background-type":"","background-media":"","overlay-type":"","overlay-color":"","overlay-opacity":"","overlay-gradient":""}},"ast-content-background-meta":{"desktop":{"background-color":"var(--ast-global-color-5)","background-image":"","background-repeat":"repeat","background-position":"center center","background-size":"auto","background-attachment":"scroll","background-type":"","background-media":"","overlay-type":"","overlay-color":"","overlay-opacity":"","overlay-gradient":""},"tablet":{"background-color":"var(--ast-global-color-5)","background-image":"","background-repeat":"repeat","background-position":"center center","background-size":"auto","background-attachment":"scroll","background-type":"","background-media":"","overlay-type":"","overlay-color":"","overlay-opacity":"","overlay-gradient":""},"mobile":{"background-color":"var(--ast-global-color-5)","background-image":"","background-repeat":"repeat","background-position":"center center","background-size":"auto","background-attachment":"scroll","background-type":"","background-media":"","overlay-type":"","overlay-color":"","overlay-opacity":"","overlay-gradient":""}},"footnotes":""},"categories":[1],"tags":[],"class_list":["post-116248","post","type-post","status-publish","format-standard","has-post-thumbnail","hentry","category-ultimas"],"uagb_featured_image_src":{"full":["https:\/\/www.correspondentevianopolino.com.br\/site\/wp-content\/uploads\/2026\/03\/Screenshot_20260301_173458_Chrome.jpg",410,721,false],"thumbnail":["https:\/\/www.correspondentevianopolino.com.br\/site\/wp-content\/uploads\/2026\/03\/Screenshot_20260301_173458_Chrome.jpg",410,721,false],"medium":["https:\/\/www.correspondentevianopolino.com.br\/site\/wp-content\/uploads\/2026\/03\/Screenshot_20260301_173458_Chrome-171x300.jpg",171,300,true],"medium_large":["https:\/\/www.correspondentevianopolino.com.br\/site\/wp-content\/uploads\/2026\/03\/Screenshot_20260301_173458_Chrome.jpg",410,721,false],"large":["https:\/\/www.correspondentevianopolino.com.br\/site\/wp-content\/uploads\/2026\/03\/Screenshot_20260301_173458_Chrome-384x675.jpg",384,675,true],"1536x1536":["https:\/\/www.correspondentevianopolino.com.br\/site\/wp-content\/uploads\/2026\/03\/Screenshot_20260301_173458_Chrome.jpg",410,721,false],"2048x2048":["https:\/\/www.correspondentevianopolino.com.br\/site\/wp-content\/uploads\/2026\/03\/Screenshot_20260301_173458_Chrome.jpg",410,721,false]},"uagb_author_info":{"display_name":"Ol\u00edvio Lemos","author_link":"https:\/\/www.correspondentevianopolino.com.br\/site\/author\/olivio\/"},"uagb_comment_info":3,"uagb_excerpt":"Faleceu em Inhumas, onde residia, a vianopolina IVANILDE LOUREN\u00c7O DE CASTRO BATISTA, m\u00e3e do Presidente do Atl\u00e9tico Goianiense, Adson Batista. [&hellip;]","_links":{"self":[{"href":"https:\/\/www.correspondentevianopolino.com.br\/site\/wp-json\/wp\/v2\/posts\/116248","targetHints":{"allow":["GET"]}}],"collection":[{"href":"https:\/\/www.correspondentevianopolino.com.br\/site\/wp-json\/wp\/v2\/posts"}],"about":[{"href":"https:\/\/www.correspondentevianopolino.com.br\/site\/wp-json\/wp\/v2\/types\/post"}],"author":[{"embeddable":true,"href":"https:\/\/www.correspondentevianopolino.com.br\/site\/wp-json\/wp\/v2\/users\/2"}],"replies":[{"embeddable":true,"href":"https:\/\/www.correspondentevianopolino.com.br\/site\/wp-json\/wp\/v2\/comments?post=116248"}],"version-history":[{"count":0,"href":"https:\/\/www.correspondentevianopolino.com.br\/site\/wp-json\/wp\/v2\/posts\/116248\/revisions"}],"wp:featuredmedia":[{"embeddable":true,"href":"https:\/\/www.correspondentevianopolino.com.br\/site\/wp-json\/wp\/v2\/media\/116249"}],"wp:attachment":[{"href":"https:\/\/www.correspondentevianopolino.com.br\/site\/wp-json\/wp\/v2\/media?parent=116248"}],"wp:term":[{"taxonomy":"category","embeddable":true,"href":"https:\/\/www.correspondentevianopolino.com.br\/site\/wp-json\/wp\/v2\/categories?post=116248"},{"taxonomy":"post_tag","embeddable":true,"href":"https:\/\/www.correspondentevianopolino.com.br\/site\/wp-json\/wp\/v2\/tags?post=116248"}],"curies":[{"name":"wp","href":"https:\/\/api.w.org\/{rel}","templated":true}]}}