{"id":11632,"date":"2016-06-01T08:16:59","date_gmt":"2016-06-01T11:16:59","guid":{"rendered":"http:\/\/www.correspondentevianopolino.com.br\/?p=11632"},"modified":"2016-06-02T10:14:19","modified_gmt":"2016-06-02T13:14:19","slug":"um-dos-atuais-vereadores-sera-candidato-nas-eleicoes-deste-ano","status":"publish","type":"post","link":"https:\/\/www.correspondentevianopolino.com.br\/site\/um-dos-atuais-vereadores-sera-candidato-nas-eleicoes-deste-ano\/","title":{"rendered":"Um dos atuais vereadores ser\u00e1 candidato nas elei\u00e7\u00f5es deste ano"},"content":{"rendered":"<p>Os pol\u00edticos vianopolinos j\u00e1 come\u00e7am a se movimentar acerca das elei\u00e7\u00f5es municipais deste ano, marcadas para o dia 2 de outubro, um domingo.<\/p>\n<p>No pleito, ser\u00e3o eleitos prefeito, vice e vereadores, que cumprir\u00e3o mandatos de 2017 a 2020.<\/p>\n<p>Presidentes dos 12 partidos registrados na Justi\u00e7a Eleitoral de Vian\u00f3polis, assim como lideran\u00e7as pol\u00edticas, j\u00e1 come\u00e7am a articular poss\u00edveis candidaturas e at\u00e9 mesmo coliga\u00e7\u00f5es.<\/p>\n<p>Quanto ao cargo de prefeito, \u00e9 prov\u00e1vel que Issy Quinan J\u00fanior seja candidato \u00e0 reelei\u00e7\u00e3o. No entanto, at\u00e9 o momento, ele n\u00e3o confirma que ser\u00e1 candidato nas elei\u00e7\u00f5es deste ano.<\/p>\n<p>Para as nove vagas de vereadores, pelo menos extraoficialmente, existem diversos pretensos candidatos.<\/p>\n<p>A defini\u00e7\u00e3o somente acontecer\u00e1 com as conven\u00e7\u00f5es partid\u00e1rias, que acontecer\u00e3o no per\u00edodo de 20 de julho a 5 de agosto, sendo que o registro de candidaturas junto \u00e0 Justi\u00e7a Eleitoral pode ser feito at\u00e9 o dia 15 de agosto, conforme o calend\u00e1rio definido pelo Tribunal Superior Eleitoral.<\/p>\n<p>Um dos atuais vereadores ser\u00e1 candidato nas elei\u00e7\u00f5es municipais deste ano. Rildo Batista de Souza se desincompatibilizou do cargo de presidente do SINSEV-Sindicato dos Servidores P\u00fablicos de Vian\u00f3polis, estando apto a disputar as elei\u00e7\u00f5es municipais deste ano, buscando sua perman\u00eancia como vereador por Vian\u00f3polis.<\/p>\n<p>Todavia, coment\u00e1rios ouvidos por nossa reportagem junto a pol\u00edticos de nosso munic\u00edpio, d\u00e3o conta de que Rildo Batista de Souza \u00e9 um dos nomes cotados para ser vice de Issy Quinan J\u00fanior, caso o atual prefeito seja candidato \u00e0 reelei\u00e7\u00e3o.<\/p>\n<p>Como se trata de rumores, o mais correto \u00e9 aguardar, pois muita \u00e1gua passar\u00e1 por debaixo da ponte antes da defini\u00e7\u00e3o dos candidatos \u00e0s elei\u00e7\u00f5es municipais deste ano.<\/p>\n","protected":false},"excerpt":{"rendered":"<p>Os pol\u00edticos vianopolinos j\u00e1 come\u00e7am a se movimentar acerca das elei\u00e7\u00f5es municipais deste ano, marcadas para o dia 2 de [&hellip;]<\/p>\n","protected":false},"author":2,"featured_media":11633,"comment_status":"closed","ping_status":"closed","sticky":false,"template":"","format":"standard","meta":{"_uag_custom_page_level_css":"","site-sidebar-layout":"default","site-content-layout":"","ast-site-content-layout":"default","site-content-style":"default","site-sidebar-style":"default","ast-global-header-display":"","ast-banner-title-visibility":"","ast-main-header-display":"","ast-hfb-above-header-display":"","ast-hfb-below-header-display":"","ast-hfb-mobile-header-display":"","site-post-title":"","ast-breadcrumbs-content":"","ast-featured-img":"","footer-sml-layout":"","ast-disable-related-posts":"","theme-transparent-header-meta":"","adv-header-id-meta":"","stick-header-meta":"","header-above-stick-meta":"","header-main-stick-meta":"","header-below-stick-meta":"","astra-migrate-meta-layouts":"default","ast-page-background-enabled":"default","ast-page-background-meta":{"desktop":{"background-color":"var(--ast-global-color-4)","background-image":"","background-repeat":"repeat","background-position":"center center","background-size":"auto","background-attachment":"scroll","background-type":"","background-media":"","overlay-type":"","overlay-color":"","overlay-opacity":"","overlay-gradient":""},"tablet":{"background-color":"","background-image":"","background-repeat":"repeat","background-position":"center center","background-size":"auto","background-attachment":"scroll","background-type":"","background-media":"","overlay-type":"","overlay-color":"","overlay-opacity":"","overlay-gradient":""},"mobile":{"background-color":"","background-image":"","background-repeat":"repeat","background-position":"center center","background-size":"auto","background-attachment":"scroll","background-type":"","background-media":"","overlay-type":"","overlay-color":"","overlay-opacity":"","overlay-gradient":""}},"ast-content-background-meta":{"desktop":{"background-color":"var(--ast-global-color-5)","background-image":"","background-repeat":"repeat","background-position":"center center","background-size":"auto","background-attachment":"scroll","background-type":"","background-media":"","overlay-type":"","overlay-color":"","overlay-opacity":"","overlay-gradient":""},"tablet":{"background-color":"var(--ast-global-color-5)","background-image":"","background-repeat":"repeat","background-position":"center center","background-size":"auto","background-attachment":"scroll","background-type":"","background-media":"","overlay-type":"","overlay-color":"","overlay-opacity":"","overlay-gradient":""},"mobile":{"background-color":"var(--ast-global-color-5)","background-image":"","background-repeat":"repeat","background-position":"center center","background-size":"auto","background-attachment":"scroll","background-type":"","background-media":"","overlay-type":"","overlay-color":"","overlay-opacity":"","overlay-gradient":""}},"footnotes":""},"categories":[],"tags":[],"class_list":["post-11632","post","type-post","status-publish","format-standard","has-post-thumbnail","hentry"],"uagb_featured_image_src":{"full":["https:\/\/www.correspondentevianopolino.com.br\/site\/wp-content\/uploads\/2016\/06\/elei\u00e7\u00f5es-2016-12.jpg",314,187,false],"thumbnail":["https:\/\/www.correspondentevianopolino.com.br\/site\/wp-content\/uploads\/2016\/06\/elei\u00e7\u00f5es-2016-12-150x150.jpg",150,150,true],"medium":["https:\/\/www.correspondentevianopolino.com.br\/site\/wp-content\/uploads\/2016\/06\/elei\u00e7\u00f5es-2016-12-300x179.jpg",300,179,true],"medium_large":["https:\/\/www.correspondentevianopolino.com.br\/site\/wp-content\/uploads\/2016\/06\/elei\u00e7\u00f5es-2016-12.jpg",314,187,false],"large":["https:\/\/www.correspondentevianopolino.com.br\/site\/wp-content\/uploads\/2016\/06\/elei\u00e7\u00f5es-2016-12.jpg",314,187,false],"1536x1536":["https:\/\/www.correspondentevianopolino.com.br\/site\/wp-content\/uploads\/2016\/06\/elei\u00e7\u00f5es-2016-12.jpg",314,187,false],"2048x2048":["https:\/\/www.correspondentevianopolino.com.br\/site\/wp-content\/uploads\/2016\/06\/elei\u00e7\u00f5es-2016-12.jpg",314,187,false]},"uagb_author_info":{"display_name":"Ol\u00edvio Lemos","author_link":"https:\/\/www.correspondentevianopolino.com.br\/site\/author\/olivio\/"},"uagb_comment_info":3,"uagb_excerpt":"Os pol\u00edticos vianopolinos j\u00e1 come\u00e7am a se movimentar acerca das elei\u00e7\u00f5es municipais deste ano, marcadas para o dia 2 de [&hellip;]","_links":{"self":[{"href":"https:\/\/www.correspondentevianopolino.com.br\/site\/wp-json\/wp\/v2\/posts\/11632","targetHints":{"allow":["GET"]}}],"collection":[{"href":"https:\/\/www.correspondentevianopolino.com.br\/site\/wp-json\/wp\/v2\/posts"}],"about":[{"href":"https:\/\/www.correspondentevianopolino.com.br\/site\/wp-json\/wp\/v2\/types\/post"}],"author":[{"embeddable":true,"href":"https:\/\/www.correspondentevianopolino.com.br\/site\/wp-json\/wp\/v2\/users\/2"}],"replies":[{"embeddable":true,"href":"https:\/\/www.correspondentevianopolino.com.br\/site\/wp-json\/wp\/v2\/comments?post=11632"}],"version-history":[{"count":0,"href":"https:\/\/www.correspondentevianopolino.com.br\/site\/wp-json\/wp\/v2\/posts\/11632\/revisions"}],"wp:featuredmedia":[{"embeddable":true,"href":"https:\/\/www.correspondentevianopolino.com.br\/site\/wp-json\/wp\/v2\/media\/11633"}],"wp:attachment":[{"href":"https:\/\/www.correspondentevianopolino.com.br\/site\/wp-json\/wp\/v2\/media?parent=11632"}],"wp:term":[{"taxonomy":"category","embeddable":true,"href":"https:\/\/www.correspondentevianopolino.com.br\/site\/wp-json\/wp\/v2\/categories?post=11632"},{"taxonomy":"post_tag","embeddable":true,"href":"https:\/\/www.correspondentevianopolino.com.br\/site\/wp-json\/wp\/v2\/tags?post=11632"}],"curies":[{"name":"wp","href":"https:\/\/api.w.org\/{rel}","templated":true}]}}