{"id":116510,"date":"2026-03-06T02:41:51","date_gmt":"2026-03-06T05:41:51","guid":{"rendered":"https:\/\/www.correspondentevianopolino.com.br\/site\/?p=116510"},"modified":"2026-03-09T15:29:19","modified_gmt":"2026-03-09T18:29:19","slug":"adolescente-dada-como-desaparecida-e-localizada-e-esta-sob-protecao-do-conselho-tutelar-de-vianopolis","status":"publish","type":"post","link":"https:\/\/www.correspondentevianopolino.com.br\/site\/adolescente-dada-como-desaparecida-e-localizada-e-esta-sob-protecao-do-conselho-tutelar-de-vianopolis\/","title":{"rendered":"ADOLESCENTE DADA COMO DESAPARECIDA \u00c9 LOCALIZADA E EST\u00c1 SOB PROTE\u00c7\u00c3O DO CONSELHO TUTELAR DE VIAN\u00d3POLIS"},"content":{"rendered":"\n<figure class=\"wp-block-image size-large\"><img decoding=\"async\" width=\"540\" height=\"675\" src=\"https:\/\/www.correspondentevianopolino.com.br\/site\/wp-content\/uploads\/2026\/02\/1004401566-540x675.jpg\" alt=\"\" class=\"wp-image-116238\" srcset=\"https:\/\/www.correspondentevianopolino.com.br\/site\/wp-content\/uploads\/2026\/02\/1004401566-540x675.jpg 540w, https:\/\/www.correspondentevianopolino.com.br\/site\/wp-content\/uploads\/2026\/02\/1004401566-240x300.jpg 240w, https:\/\/www.correspondentevianopolino.com.br\/site\/wp-content\/uploads\/2026\/02\/1004401566-465x581.jpg 465w, https:\/\/www.correspondentevianopolino.com.br\/site\/wp-content\/uploads\/2026\/02\/1004401566-768x960.jpg 768w, https:\/\/www.correspondentevianopolino.com.br\/site\/wp-content\/uploads\/2026\/02\/1004401566.jpg 1080w\" sizes=\"(max-width: 540px) 100vw, 540px\" \/><\/figure>\n\n\n\n<p>Uma adolescente de 14 anos de idade, que havia sido dada como desaparecida pela fam\u00edlia, foi localizada e encontra-se agora sob a prote\u00e7\u00e3o do Conselho Tutelar de Vian\u00f3polis.<\/p>\n\n\n\n<p>A informa\u00e7\u00e3o foi passada \u00e0 nossa reportagem por Gislaine de Souza Xavier, m\u00e3e da garota, que recebeu a informa\u00e7\u00e3o de que sua filha foi encontrada.<\/p>\n\n\n\n<p>Dessa maneira, a adolescente est\u00e1 recebendo o devido acompanhamento e prote\u00e7\u00e3o previstos pelo Estatuto da Crian\u00e7a e do Adolescente (ECA).<\/p>\n\n\n\n<p>O \u00f3rg\u00e3o \u00e9 respons\u00e1vel por garantir a prote\u00e7\u00e3o, a orienta\u00e7\u00e3o e o encaminhamento adequado em situa\u00e7\u00f5es que envolvam crian\u00e7as e adolescentes em situa\u00e7\u00e3o de vulnerabilidade.<\/p>\n\n\n\n<p>At\u00e9 o fechamento desta mat\u00e9ria, o Conselho Tutelar n\u00e3o havia se manifestado oficialmente sobre os detalhes do caso.<\/p>\n\n\n\n<p>\u00c9 esperada para hoje, 06\/03, a divulga\u00e7\u00e3o de uma nota oficial do Conselho Tutelar de nosso munic\u00edpio.<\/p>\n\n\n\n<p><strong>A QUALQUER MOMENTO, MAIS DETALHES SOBRE O CASO.<\/strong><\/p>\n\n\n\n<p><\/p>\n","protected":false},"excerpt":{"rendered":"<p>Uma adolescente de 14 anos de idade, que havia sido dada como desaparecida pela fam\u00edlia, foi localizada e encontra-se agora [&hellip;]<\/p>\n","protected":false},"author":2,"featured_media":116511,"comment_status":"open","ping_status":"closed","sticky":false,"template":"","format":"standard","meta":{"_uag_custom_page_level_css":"","site-sidebar-layout":"default","site-content-layout":"","ast-site-content-layout":"default","site-content-style":"default","site-sidebar-style":"default","ast-global-header-display":"","ast-banner-title-visibility":"","ast-main-header-display":"","ast-hfb-above-header-display":"","ast-hfb-below-header-display":"","ast-hfb-mobile-header-display":"","site-post-title":"","ast-breadcrumbs-content":"","ast-featured-img":"","footer-sml-layout":"","ast-disable-related-posts":"","theme-transparent-header-meta":"","adv-header-id-meta":"","stick-header-meta":"","header-above-stick-meta":"","header-main-stick-meta":"","header-below-stick-meta":"","astra-migrate-meta-layouts":"default","ast-page-background-enabled":"default","ast-page-background-meta":{"desktop":{"background-color":"var(--ast-global-color-4)","background-image":"","background-repeat":"repeat","background-position":"center center","background-size":"auto","background-attachment":"scroll","background-type":"","background-media":"","overlay-type":"","overlay-color":"","overlay-opacity":"","overlay-gradient":""},"tablet":{"background-color":"","background-image":"","background-repeat":"repeat","background-position":"center center","background-size":"auto","background-attachment":"scroll","background-type":"","background-media":"","overlay-type":"","overlay-color":"","overlay-opacity":"","overlay-gradient":""},"mobile":{"background-color":"","background-image":"","background-repeat":"repeat","background-position":"center center","background-size":"auto","background-attachment":"scroll","background-type":"","background-media":"","overlay-type":"","overlay-color":"","overlay-opacity":"","overlay-gradient":""}},"ast-content-background-meta":{"desktop":{"background-color":"var(--ast-global-color-5)","background-image":"","background-repeat":"repeat","background-position":"center center","background-size":"auto","background-attachment":"scroll","background-type":"","background-media":"","overlay-type":"","overlay-color":"","overlay-opacity":"","overlay-gradient":""},"tablet":{"background-color":"var(--ast-global-color-5)","background-image":"","background-repeat":"repeat","background-position":"center center","background-size":"auto","background-attachment":"scroll","background-type":"","background-media":"","overlay-type":"","overlay-color":"","overlay-opacity":"","overlay-gradient":""},"mobile":{"background-color":"var(--ast-global-color-5)","background-image":"","background-repeat":"repeat","background-position":"center center","background-size":"auto","background-attachment":"scroll","background-type":"","background-media":"","overlay-type":"","overlay-color":"","overlay-opacity":"","overlay-gradient":""}},"footnotes":""},"categories":[1],"tags":[],"class_list":["post-116510","post","type-post","status-publish","format-standard","has-post-thumbnail","hentry","category-ultimas"],"uagb_featured_image_src":{"full":["https:\/\/www.correspondentevianopolino.com.br\/site\/wp-content\/uploads\/2026\/03\/Screenshot_20260306_024303_Chrome.jpg",536,569,false],"thumbnail":["https:\/\/www.correspondentevianopolino.com.br\/site\/wp-content\/uploads\/2026\/03\/Screenshot_20260306_024303_Chrome-465x494.jpg",465,494,true],"medium":["https:\/\/www.correspondentevianopolino.com.br\/site\/wp-content\/uploads\/2026\/03\/Screenshot_20260306_024303_Chrome-283x300.jpg",283,300,true],"medium_large":["https:\/\/www.correspondentevianopolino.com.br\/site\/wp-content\/uploads\/2026\/03\/Screenshot_20260306_024303_Chrome.jpg",536,569,false],"large":["https:\/\/www.correspondentevianopolino.com.br\/site\/wp-content\/uploads\/2026\/03\/Screenshot_20260306_024303_Chrome.jpg",536,569,false],"1536x1536":["https:\/\/www.correspondentevianopolino.com.br\/site\/wp-content\/uploads\/2026\/03\/Screenshot_20260306_024303_Chrome.jpg",536,569,false],"2048x2048":["https:\/\/www.correspondentevianopolino.com.br\/site\/wp-content\/uploads\/2026\/03\/Screenshot_20260306_024303_Chrome.jpg",536,569,false]},"uagb_author_info":{"display_name":"Ol\u00edvio Lemos","author_link":"https:\/\/www.correspondentevianopolino.com.br\/site\/author\/olivio\/"},"uagb_comment_info":0,"uagb_excerpt":"Uma adolescente de 14 anos de idade, que havia sido dada como desaparecida pela fam\u00edlia, foi localizada e encontra-se agora [&hellip;]","_links":{"self":[{"href":"https:\/\/www.correspondentevianopolino.com.br\/site\/wp-json\/wp\/v2\/posts\/116510","targetHints":{"allow":["GET"]}}],"collection":[{"href":"https:\/\/www.correspondentevianopolino.com.br\/site\/wp-json\/wp\/v2\/posts"}],"about":[{"href":"https:\/\/www.correspondentevianopolino.com.br\/site\/wp-json\/wp\/v2\/types\/post"}],"author":[{"embeddable":true,"href":"https:\/\/www.correspondentevianopolino.com.br\/site\/wp-json\/wp\/v2\/users\/2"}],"replies":[{"embeddable":true,"href":"https:\/\/www.correspondentevianopolino.com.br\/site\/wp-json\/wp\/v2\/comments?post=116510"}],"version-history":[{"count":0,"href":"https:\/\/www.correspondentevianopolino.com.br\/site\/wp-json\/wp\/v2\/posts\/116510\/revisions"}],"wp:featuredmedia":[{"embeddable":true,"href":"https:\/\/www.correspondentevianopolino.com.br\/site\/wp-json\/wp\/v2\/media\/116511"}],"wp:attachment":[{"href":"https:\/\/www.correspondentevianopolino.com.br\/site\/wp-json\/wp\/v2\/media?parent=116510"}],"wp:term":[{"taxonomy":"category","embeddable":true,"href":"https:\/\/www.correspondentevianopolino.com.br\/site\/wp-json\/wp\/v2\/categories?post=116510"},{"taxonomy":"post_tag","embeddable":true,"href":"https:\/\/www.correspondentevianopolino.com.br\/site\/wp-json\/wp\/v2\/tags?post=116510"}],"curies":[{"name":"wp","href":"https:\/\/api.w.org\/{rel}","templated":true}]}}