{"id":116554,"date":"2026-03-06T11:21:26","date_gmt":"2026-03-06T14:21:26","guid":{"rendered":"https:\/\/www.correspondentevianopolino.com.br\/site\/?p=116554"},"modified":"2026-03-09T15:09:18","modified_gmt":"2026-03-09T18:09:18","slug":"agua-2","status":"publish","type":"post","link":"https:\/\/www.correspondentevianopolino.com.br\/site\/agua-2\/","title":{"rendered":"MANUTEN\u00c7\u00c3O DA SANEAGO PODER\u00c1 DEIXAR DIVERSOS BAIRROS DE VIAN\u00d3POLIS SEM \u00c1GUA NA DATA DE AMANH\u00c3 (S\u00c1BADO)"},"content":{"rendered":"\n<figure class=\"wp-block-image size-large\"><img decoding=\"async\" width=\"608\" height=\"675\" src=\"https:\/\/www.correspondentevianopolino.com.br\/site\/wp-content\/uploads\/2026\/03\/Screenshot_20260307_162111_Photos-608x675.jpg\" alt=\"\" class=\"wp-image-116611\" srcset=\"https:\/\/www.correspondentevianopolino.com.br\/site\/wp-content\/uploads\/2026\/03\/Screenshot_20260307_162111_Photos-608x675.jpg 608w, https:\/\/www.correspondentevianopolino.com.br\/site\/wp-content\/uploads\/2026\/03\/Screenshot_20260307_162111_Photos-270x300.jpg 270w, https:\/\/www.correspondentevianopolino.com.br\/site\/wp-content\/uploads\/2026\/03\/Screenshot_20260307_162111_Photos-465x517.jpg 465w, https:\/\/www.correspondentevianopolino.com.br\/site\/wp-content\/uploads\/2026\/03\/Screenshot_20260307_162111_Photos-768x853.jpg 768w, https:\/\/www.correspondentevianopolino.com.br\/site\/wp-content\/uploads\/2026\/03\/Screenshot_20260307_162111_Photos.jpg 1080w\" sizes=\"(max-width: 608px) 100vw, 608px\" \/><\/figure>\n\n\n\n<p>Devido a uma manuten\u00e7\u00e3o programada que ser\u00e1 realizada pela Saneago neste s\u00e1bado 07\/03, poder\u00e1 ocorrer falta de \u00e1gua tratada em diversos bairros de Vian\u00f3polis, principalmente nas resid\u00eancias que n\u00e3o possuem caixa d\u2019\u00e1gua com capacidade adequada de armazenamento.<\/p>\n\n\n\n<p><br>O servi\u00e7o ser\u00e1 realizado para a limpeza e a troca do registro de sa\u00edda do reservat\u00f3rio. <\/p>\n\n\n\n<p>A manuten\u00e7\u00e3o est\u00e1 prevista para acontecer durante todo o dia.<\/p>\n\n\n\n<p>Ap\u00f3s o per\u00edodo previsto para a realiza\u00e7\u00e3o da manuten\u00e7\u00e3o, <strong>a normaliza\u00e7\u00e3o do sistema ser\u00e1 gradual.<\/strong><\/p>\n\n\n\n<p>Dessa maneira, os moradores devem evitar gastos desnecess\u00e1rios, buscando evitar que falte \u00e1gua em suas resid\u00eancias.<\/p>\n\n\n\n<p><\/p>\n","protected":false},"excerpt":{"rendered":"<p>Devido a uma manuten\u00e7\u00e3o programada que ser\u00e1 realizada pela Saneago neste s\u00e1bado 07\/03, poder\u00e1 ocorrer falta de \u00e1gua tratada em [&hellip;]<\/p>\n","protected":false},"author":2,"featured_media":116555,"comment_status":"open","ping_status":"closed","sticky":false,"template":"","format":"standard","meta":{"_uag_custom_page_level_css":"","site-sidebar-layout":"default","site-content-layout":"","ast-site-content-layout":"default","site-content-style":"default","site-sidebar-style":"default","ast-global-header-display":"","ast-banner-title-visibility":"","ast-main-header-display":"","ast-hfb-above-header-display":"","ast-hfb-below-header-display":"","ast-hfb-mobile-header-display":"","site-post-title":"","ast-breadcrumbs-content":"","ast-featured-img":"","footer-sml-layout":"","ast-disable-related-posts":"","theme-transparent-header-meta":"","adv-header-id-meta":"","stick-header-meta":"","header-above-stick-meta":"","header-main-stick-meta":"","header-below-stick-meta":"","astra-migrate-meta-layouts":"default","ast-page-background-enabled":"default","ast-page-background-meta":{"desktop":{"background-color":"var(--ast-global-color-4)","background-image":"","background-repeat":"repeat","background-position":"center center","background-size":"auto","background-attachment":"scroll","background-type":"","background-media":"","overlay-type":"","overlay-color":"","overlay-opacity":"","overlay-gradient":""},"tablet":{"background-color":"","background-image":"","background-repeat":"repeat","background-position":"center center","background-size":"auto","background-attachment":"scroll","background-type":"","background-media":"","overlay-type":"","overlay-color":"","overlay-opacity":"","overlay-gradient":""},"mobile":{"background-color":"","background-image":"","background-repeat":"repeat","background-position":"center center","background-size":"auto","background-attachment":"scroll","background-type":"","background-media":"","overlay-type":"","overlay-color":"","overlay-opacity":"","overlay-gradient":""}},"ast-content-background-meta":{"desktop":{"background-color":"var(--ast-global-color-5)","background-image":"","background-repeat":"repeat","background-position":"center center","background-size":"auto","background-attachment":"scroll","background-type":"","background-media":"","overlay-type":"","overlay-color":"","overlay-opacity":"","overlay-gradient":""},"tablet":{"background-color":"var(--ast-global-color-5)","background-image":"","background-repeat":"repeat","background-position":"center center","background-size":"auto","background-attachment":"scroll","background-type":"","background-media":"","overlay-type":"","overlay-color":"","overlay-opacity":"","overlay-gradient":""},"mobile":{"background-color":"var(--ast-global-color-5)","background-image":"","background-repeat":"repeat","background-position":"center center","background-size":"auto","background-attachment":"scroll","background-type":"","background-media":"","overlay-type":"","overlay-color":"","overlay-opacity":"","overlay-gradient":""}},"footnotes":""},"categories":[1],"tags":[],"class_list":["post-116554","post","type-post","status-publish","format-standard","has-post-thumbnail","hentry","category-ultimas"],"uagb_featured_image_src":{"full":["https:\/\/www.correspondentevianopolino.com.br\/site\/wp-content\/uploads\/2026\/03\/Falta-de-agua.jpg",1900,1267,false],"thumbnail":["https:\/\/www.correspondentevianopolino.com.br\/site\/wp-content\/uploads\/2026\/03\/Falta-de-agua-465x310.jpg",465,310,true],"medium":["https:\/\/www.correspondentevianopolino.com.br\/site\/wp-content\/uploads\/2026\/03\/Falta-de-agua-300x200.jpg",300,200,true],"medium_large":["https:\/\/www.correspondentevianopolino.com.br\/site\/wp-content\/uploads\/2026\/03\/Falta-de-agua-768x512.jpg",768,512,true],"large":["https:\/\/www.correspondentevianopolino.com.br\/site\/wp-content\/uploads\/2026\/03\/Falta-de-agua-1012x675.jpg",1012,675,true],"1536x1536":["https:\/\/www.correspondentevianopolino.com.br\/site\/wp-content\/uploads\/2026\/03\/Falta-de-agua-1536x1024.jpg",1536,1024,true],"2048x2048":["https:\/\/www.correspondentevianopolino.com.br\/site\/wp-content\/uploads\/2026\/03\/Falta-de-agua.jpg",1900,1267,false]},"uagb_author_info":{"display_name":"Ol\u00edvio Lemos","author_link":"https:\/\/www.correspondentevianopolino.com.br\/site\/author\/olivio\/"},"uagb_comment_info":0,"uagb_excerpt":"Devido a uma manuten\u00e7\u00e3o programada que ser\u00e1 realizada pela Saneago neste s\u00e1bado 07\/03, poder\u00e1 ocorrer falta de \u00e1gua tratada em [&hellip;]","_links":{"self":[{"href":"https:\/\/www.correspondentevianopolino.com.br\/site\/wp-json\/wp\/v2\/posts\/116554","targetHints":{"allow":["GET"]}}],"collection":[{"href":"https:\/\/www.correspondentevianopolino.com.br\/site\/wp-json\/wp\/v2\/posts"}],"about":[{"href":"https:\/\/www.correspondentevianopolino.com.br\/site\/wp-json\/wp\/v2\/types\/post"}],"author":[{"embeddable":true,"href":"https:\/\/www.correspondentevianopolino.com.br\/site\/wp-json\/wp\/v2\/users\/2"}],"replies":[{"embeddable":true,"href":"https:\/\/www.correspondentevianopolino.com.br\/site\/wp-json\/wp\/v2\/comments?post=116554"}],"version-history":[{"count":0,"href":"https:\/\/www.correspondentevianopolino.com.br\/site\/wp-json\/wp\/v2\/posts\/116554\/revisions"}],"wp:featuredmedia":[{"embeddable":true,"href":"https:\/\/www.correspondentevianopolino.com.br\/site\/wp-json\/wp\/v2\/media\/116555"}],"wp:attachment":[{"href":"https:\/\/www.correspondentevianopolino.com.br\/site\/wp-json\/wp\/v2\/media?parent=116554"}],"wp:term":[{"taxonomy":"category","embeddable":true,"href":"https:\/\/www.correspondentevianopolino.com.br\/site\/wp-json\/wp\/v2\/categories?post=116554"},{"taxonomy":"post_tag","embeddable":true,"href":"https:\/\/www.correspondentevianopolino.com.br\/site\/wp-json\/wp\/v2\/tags?post=116554"}],"curies":[{"name":"wp","href":"https:\/\/api.w.org\/{rel}","templated":true}]}}