{"id":11665,"date":"2016-06-01T10:34:09","date_gmt":"2016-06-01T13:34:09","guid":{"rendered":"http:\/\/www.correspondentevianopolino.com.br\/?p=11665"},"modified":"2016-06-02T11:28:35","modified_gmt":"2016-06-02T14:28:35","slug":"mae-e-denunciada-a-policia-por-visitar-filha-e-retira-la-da-mulher-a-quem-deu-a-guarda-e-responsabilidade","status":"publish","type":"post","link":"https:\/\/www.correspondentevianopolino.com.br\/site\/mae-e-denunciada-a-policia-por-visitar-filha-e-retira-la-da-mulher-a-quem-deu-a-guarda-e-responsabilidade\/","title":{"rendered":"M\u00c3E \u00c9 DENUNCIADA \u00c0 POL\u00cdCIA POR VISITAR FILHA E RETIR\u00c1-LA DA MULHER A QUEM DEU A GUARDA&#8230;"},"content":{"rendered":"<p>Ilma Hip\u00f3lito Sabino de Oliveira, residente no Bairro Michelli, \u00a0e seu esposo, Rafael Ant\u00f4nio, pais adotivos do jovem Cl\u00e9ber Aparecido, que tem uma filha de 2 anos e 9 meses, protocolaram recentemente no F\u00f3rum de Vian\u00f3polis, atrav\u00e9s da advogada Luzia de Souza, pedido de guarda e responsabilidade da garotinha, que mora com os mesmos desde pequena.<\/p>\n<p>A m\u00e3e e o pai da crian\u00e7a assinaram o pedido, concordando em passar a guarda para o casal Rafael e Ilma, tendo o direito de visitar a garota quando achassem conveniente.<\/p>\n<p>Na tarde de ontem, 31, a m\u00e3e da garota chegou \u00e0 casa de Ilma para visitar a crian\u00e7a, pedindo para lev\u00e1-la para brincar com sua prima em uma resid\u00eancia pr\u00f3xima.<\/p>\n<p>Ilma consentiu e ficou fazendo algumas tarefas dom\u00e9sticas. Minutos depois, foi avisada, por sua filha, que a m\u00e3e havia colocado a crian\u00e7a em um ve\u00edculo e desaparecido.<\/p>\n<p>Ilma ligou v\u00e1rias vezes para o celular da m\u00e3e da garota, que se encontrava desligado.<\/p>\n<p>Hoje pela manh\u00e3, ela compareceu \u00e0 Delegacia de Pol\u00edcia de Vian\u00f3polis e denunciou o caso, assim como comunicou o que aconteceu ao Conselho Tutelar.<\/p>\n<p>Ilma Hip\u00f3lito est\u00e1 bastante abalada psicologicamente com a subtra\u00e7\u00e3o da crian\u00e7a sem sua autoriza\u00e7\u00e3o. Segundo ela, a m\u00e3e j\u00e1 assinou o termo de guarda e responsabilidade e, agora, tira a crian\u00e7a \u00e0 for\u00e7a.<\/p>\n<p>A Pol\u00edcia Civil deve realizar investiga\u00e7\u00f5es nas pr\u00f3ximas horas tentando localizar a m\u00e3e e a crian\u00e7a.<\/p>\n<p>&nbsp;<\/p>\n<p>&nbsp;<\/p>\n","protected":false},"excerpt":{"rendered":"<p>Ilma Hip\u00f3lito Sabino de Oliveira, residente no Bairro Michelli, \u00a0e seu esposo, Rafael Ant\u00f4nio, pais adotivos do jovem Cl\u00e9ber Aparecido, [&hellip;]<\/p>\n","protected":false},"author":2,"featured_media":11666,"comment_status":"open","ping_status":"closed","sticky":false,"template":"","format":"standard","meta":{"_uag_custom_page_level_css":"","site-sidebar-layout":"default","site-content-layout":"","ast-site-content-layout":"default","site-content-style":"default","site-sidebar-style":"default","ast-global-header-display":"","ast-banner-title-visibility":"","ast-main-header-display":"","ast-hfb-above-header-display":"","ast-hfb-below-header-display":"","ast-hfb-mobile-header-display":"","site-post-title":"","ast-breadcrumbs-content":"","ast-featured-img":"","footer-sml-layout":"","ast-disable-related-posts":"","theme-transparent-header-meta":"","adv-header-id-meta":"","stick-header-meta":"","header-above-stick-meta":"","header-main-stick-meta":"","header-below-stick-meta":"","astra-migrate-meta-layouts":"default","ast-page-background-enabled":"default","ast-page-background-meta":{"desktop":{"background-color":"var(--ast-global-color-4)","background-image":"","background-repeat":"repeat","background-position":"center center","background-size":"auto","background-attachment":"scroll","background-type":"","background-media":"","overlay-type":"","overlay-color":"","overlay-opacity":"","overlay-gradient":""},"tablet":{"background-color":"","background-image":"","background-repeat":"repeat","background-position":"center center","background-size":"auto","background-attachment":"scroll","background-type":"","background-media":"","overlay-type":"","overlay-color":"","overlay-opacity":"","overlay-gradient":""},"mobile":{"background-color":"","background-image":"","background-repeat":"repeat","background-position":"center center","background-size":"auto","background-attachment":"scroll","background-type":"","background-media":"","overlay-type":"","overlay-color":"","overlay-opacity":"","overlay-gradient":""}},"ast-content-background-meta":{"desktop":{"background-color":"var(--ast-global-color-5)","background-image":"","background-repeat":"repeat","background-position":"center center","background-size":"auto","background-attachment":"scroll","background-type":"","background-media":"","overlay-type":"","overlay-color":"","overlay-opacity":"","overlay-gradient":""},"tablet":{"background-color":"var(--ast-global-color-5)","background-image":"","background-repeat":"repeat","background-position":"center center","background-size":"auto","background-attachment":"scroll","background-type":"","background-media":"","overlay-type":"","overlay-color":"","overlay-opacity":"","overlay-gradient":""},"mobile":{"background-color":"var(--ast-global-color-5)","background-image":"","background-repeat":"repeat","background-position":"center center","background-size":"auto","background-attachment":"scroll","background-type":"","background-media":"","overlay-type":"","overlay-color":"","overlay-opacity":"","overlay-gradient":""}},"footnotes":""},"categories":[],"tags":[],"class_list":["post-11665","post","type-post","status-publish","format-standard","has-post-thumbnail","hentry"],"uagb_featured_image_src":{"full":["https:\/\/www.correspondentevianopolino.com.br\/site\/wp-content\/uploads\/2016\/06\/DENUNCIA_i.jpg",314,211,false],"thumbnail":["https:\/\/www.correspondentevianopolino.com.br\/site\/wp-content\/uploads\/2016\/06\/DENUNCIA_i-150x150.jpg",150,150,true],"medium":["https:\/\/www.correspondentevianopolino.com.br\/site\/wp-content\/uploads\/2016\/06\/DENUNCIA_i-300x202.jpg",300,202,true],"medium_large":["https:\/\/www.correspondentevianopolino.com.br\/site\/wp-content\/uploads\/2016\/06\/DENUNCIA_i.jpg",314,211,false],"large":["https:\/\/www.correspondentevianopolino.com.br\/site\/wp-content\/uploads\/2016\/06\/DENUNCIA_i.jpg",314,211,false],"1536x1536":["https:\/\/www.correspondentevianopolino.com.br\/site\/wp-content\/uploads\/2016\/06\/DENUNCIA_i.jpg",314,211,false],"2048x2048":["https:\/\/www.correspondentevianopolino.com.br\/site\/wp-content\/uploads\/2016\/06\/DENUNCIA_i.jpg",314,211,false]},"uagb_author_info":{"display_name":"Ol\u00edvio Lemos","author_link":"https:\/\/www.correspondentevianopolino.com.br\/site\/author\/olivio\/"},"uagb_comment_info":0,"uagb_excerpt":"Ilma Hip\u00f3lito Sabino de Oliveira, residente no Bairro Michelli, \u00a0e seu esposo, Rafael Ant\u00f4nio, pais adotivos do jovem Cl\u00e9ber Aparecido, [&hellip;]","_links":{"self":[{"href":"https:\/\/www.correspondentevianopolino.com.br\/site\/wp-json\/wp\/v2\/posts\/11665","targetHints":{"allow":["GET"]}}],"collection":[{"href":"https:\/\/www.correspondentevianopolino.com.br\/site\/wp-json\/wp\/v2\/posts"}],"about":[{"href":"https:\/\/www.correspondentevianopolino.com.br\/site\/wp-json\/wp\/v2\/types\/post"}],"author":[{"embeddable":true,"href":"https:\/\/www.correspondentevianopolino.com.br\/site\/wp-json\/wp\/v2\/users\/2"}],"replies":[{"embeddable":true,"href":"https:\/\/www.correspondentevianopolino.com.br\/site\/wp-json\/wp\/v2\/comments?post=11665"}],"version-history":[{"count":0,"href":"https:\/\/www.correspondentevianopolino.com.br\/site\/wp-json\/wp\/v2\/posts\/11665\/revisions"}],"wp:featuredmedia":[{"embeddable":true,"href":"https:\/\/www.correspondentevianopolino.com.br\/site\/wp-json\/wp\/v2\/media\/11666"}],"wp:attachment":[{"href":"https:\/\/www.correspondentevianopolino.com.br\/site\/wp-json\/wp\/v2\/media?parent=11665"}],"wp:term":[{"taxonomy":"category","embeddable":true,"href":"https:\/\/www.correspondentevianopolino.com.br\/site\/wp-json\/wp\/v2\/categories?post=11665"},{"taxonomy":"post_tag","embeddable":true,"href":"https:\/\/www.correspondentevianopolino.com.br\/site\/wp-json\/wp\/v2\/tags?post=11665"}],"curies":[{"name":"wp","href":"https:\/\/api.w.org\/{rel}","templated":true}]}}