{"id":116672,"date":"2026-03-09T14:06:22","date_gmt":"2026-03-09T17:06:22","guid":{"rendered":"https:\/\/www.correspondentevianopolino.com.br\/site\/?p=116672"},"modified":"2026-03-09T15:24:58","modified_gmt":"2026-03-09T18:24:58","slug":"recurso-2","status":"publish","type":"post","link":"https:\/\/www.correspondentevianopolino.com.br\/site\/recurso-2\/","title":{"rendered":"DEPUTADO ISSY QUINAN J\u00daNIOR ANUNCIA DESTINA\u00c7\u00c3O DE 3 MILH\u00d5ES DE RECURSOS PARA O AMBULAT\u00d3RIO 24 HORAS E PAVIMENTA\u00c7\u00c3O DE RUAS EM VIAN\u00d3POLIS, PONTE FUNDA E CARA\u00cdBA"},"content":{"rendered":"\n<figure class=\"wp-block-image size-large\"><img decoding=\"async\" width=\"540\" height=\"675\" src=\"https:\/\/www.correspondentevianopolino.com.br\/site\/wp-content\/uploads\/2026\/03\/Screenshot_20260307_194706_WhatsApp-540x675.jpg\" alt=\"\" class=\"wp-image-116657\" srcset=\"https:\/\/www.correspondentevianopolino.com.br\/site\/wp-content\/uploads\/2026\/03\/Screenshot_20260307_194706_WhatsApp-540x675.jpg 540w, https:\/\/www.correspondentevianopolino.com.br\/site\/wp-content\/uploads\/2026\/03\/Screenshot_20260307_194706_WhatsApp-240x300.jpg 240w, https:\/\/www.correspondentevianopolino.com.br\/site\/wp-content\/uploads\/2026\/03\/Screenshot_20260307_194706_WhatsApp-465x581.jpg 465w, https:\/\/www.correspondentevianopolino.com.br\/site\/wp-content\/uploads\/2026\/03\/Screenshot_20260307_194706_WhatsApp-768x960.jpg 768w, https:\/\/www.correspondentevianopolino.com.br\/site\/wp-content\/uploads\/2026\/03\/Screenshot_20260307_194706_WhatsApp.jpg 1080w\" sizes=\"(max-width: 540px) 100vw, 540px\" \/><\/figure>\n\n\n\n<p>Ao participar da festa organizada pelo Governo de Vian\u00f3polis para comemorar o Dia Internacional da Mulher, que aconteceu no \u00faltimo s\u00e1bado, 07\/03, no Parque Danilo Mattos, o Deputado Estadual Issy Quinan J\u00fanior anunciou que destinou 3 milh\u00f5es para a Prefeitura de nossa cidade.<\/p>\n\n\n\n<p>Os recursos ser\u00e3o usados pelo Prefeito Marcelo Rezende na constru\u00e7\u00e3o do Ambulat\u00f3rio 24 horas, no Bairro S\u00e3o Jos\u00e9, e na pavimenta\u00e7\u00e3o de ruas em Vian\u00f3polis, Cara\u00edba e Ponte Funda.<\/p>\n\n\n\n<p>S\u00e3o 2 milh\u00f5es para pavimenta\u00e7\u00e3o asf\u00e1ltica e 1 milh\u00e3o de reais para o Ambulat\u00f3rio 24 horas, obra que j\u00e1 recebeu, anteriormente, 2 milh\u00f5es destinados por Issy Quinan J\u00fanior.<\/p>\n\n\n\n<p>Falando \u00e0 nossa reportagem, o Deputado diz que a destina\u00e7\u00e3o desses recursos \u00e9 a demonstra\u00e7\u00e3o de seu esfor\u00e7o, comprometimento, aten\u00e7\u00e3o e zelo pelo munic\u00edpio de Vian\u00f3polis.<\/p>\n","protected":false},"excerpt":{"rendered":"<p>Ao participar da festa organizada pelo Governo de Vian\u00f3polis para comemorar o Dia Internacional da Mulher, que aconteceu no \u00faltimo [&hellip;]<\/p>\n","protected":false},"author":2,"featured_media":116673,"comment_status":"open","ping_status":"closed","sticky":false,"template":"","format":"standard","meta":{"_uag_custom_page_level_css":"","site-sidebar-layout":"default","site-content-layout":"","ast-site-content-layout":"default","site-content-style":"default","site-sidebar-style":"default","ast-global-header-display":"","ast-banner-title-visibility":"","ast-main-header-display":"","ast-hfb-above-header-display":"","ast-hfb-below-header-display":"","ast-hfb-mobile-header-display":"","site-post-title":"","ast-breadcrumbs-content":"","ast-featured-img":"","footer-sml-layout":"","ast-disable-related-posts":"","theme-transparent-header-meta":"","adv-header-id-meta":"","stick-header-meta":"","header-above-stick-meta":"","header-main-stick-meta":"","header-below-stick-meta":"","astra-migrate-meta-layouts":"default","ast-page-background-enabled":"default","ast-page-background-meta":{"desktop":{"background-color":"var(--ast-global-color-4)","background-image":"","background-repeat":"repeat","background-position":"center center","background-size":"auto","background-attachment":"scroll","background-type":"","background-media":"","overlay-type":"","overlay-color":"","overlay-opacity":"","overlay-gradient":""},"tablet":{"background-color":"","background-image":"","background-repeat":"repeat","background-position":"center center","background-size":"auto","background-attachment":"scroll","background-type":"","background-media":"","overlay-type":"","overlay-color":"","overlay-opacity":"","overlay-gradient":""},"mobile":{"background-color":"","background-image":"","background-repeat":"repeat","background-position":"center center","background-size":"auto","background-attachment":"scroll","background-type":"","background-media":"","overlay-type":"","overlay-color":"","overlay-opacity":"","overlay-gradient":""}},"ast-content-background-meta":{"desktop":{"background-color":"var(--ast-global-color-5)","background-image":"","background-repeat":"repeat","background-position":"center center","background-size":"auto","background-attachment":"scroll","background-type":"","background-media":"","overlay-type":"","overlay-color":"","overlay-opacity":"","overlay-gradient":""},"tablet":{"background-color":"var(--ast-global-color-5)","background-image":"","background-repeat":"repeat","background-position":"center center","background-size":"auto","background-attachment":"scroll","background-type":"","background-media":"","overlay-type":"","overlay-color":"","overlay-opacity":"","overlay-gradient":""},"mobile":{"background-color":"var(--ast-global-color-5)","background-image":"","background-repeat":"repeat","background-position":"center center","background-size":"auto","background-attachment":"scroll","background-type":"","background-media":"","overlay-type":"","overlay-color":"","overlay-opacity":"","overlay-gradient":""}},"footnotes":""},"categories":[1],"tags":[],"class_list":["post-116672","post","type-post","status-publish","format-standard","has-post-thumbnail","hentry","category-ultimas"],"uagb_featured_image_src":{"full":["https:\/\/www.correspondentevianopolino.com.br\/site\/wp-content\/uploads\/2026\/03\/file_000000007f90720e89b5fa5a11db1975.jpg",1536,1024,false],"thumbnail":["https:\/\/www.correspondentevianopolino.com.br\/site\/wp-content\/uploads\/2026\/03\/file_000000007f90720e89b5fa5a11db1975-465x310.jpg",465,310,true],"medium":["https:\/\/www.correspondentevianopolino.com.br\/site\/wp-content\/uploads\/2026\/03\/file_000000007f90720e89b5fa5a11db1975-300x200.jpg",300,200,true],"medium_large":["https:\/\/www.correspondentevianopolino.com.br\/site\/wp-content\/uploads\/2026\/03\/file_000000007f90720e89b5fa5a11db1975-768x512.jpg",768,512,true],"large":["https:\/\/www.correspondentevianopolino.com.br\/site\/wp-content\/uploads\/2026\/03\/file_000000007f90720e89b5fa5a11db1975-1013x675.jpg",1013,675,true],"1536x1536":["https:\/\/www.correspondentevianopolino.com.br\/site\/wp-content\/uploads\/2026\/03\/file_000000007f90720e89b5fa5a11db1975.jpg",1536,1024,false],"2048x2048":["https:\/\/www.correspondentevianopolino.com.br\/site\/wp-content\/uploads\/2026\/03\/file_000000007f90720e89b5fa5a11db1975.jpg",1536,1024,false]},"uagb_author_info":{"display_name":"Ol\u00edvio Lemos","author_link":"https:\/\/www.correspondentevianopolino.com.br\/site\/author\/olivio\/"},"uagb_comment_info":7,"uagb_excerpt":"Ao participar da festa organizada pelo Governo de Vian\u00f3polis para comemorar o Dia Internacional da Mulher, que aconteceu no \u00faltimo [&hellip;]","_links":{"self":[{"href":"https:\/\/www.correspondentevianopolino.com.br\/site\/wp-json\/wp\/v2\/posts\/116672","targetHints":{"allow":["GET"]}}],"collection":[{"href":"https:\/\/www.correspondentevianopolino.com.br\/site\/wp-json\/wp\/v2\/posts"}],"about":[{"href":"https:\/\/www.correspondentevianopolino.com.br\/site\/wp-json\/wp\/v2\/types\/post"}],"author":[{"embeddable":true,"href":"https:\/\/www.correspondentevianopolino.com.br\/site\/wp-json\/wp\/v2\/users\/2"}],"replies":[{"embeddable":true,"href":"https:\/\/www.correspondentevianopolino.com.br\/site\/wp-json\/wp\/v2\/comments?post=116672"}],"version-history":[{"count":0,"href":"https:\/\/www.correspondentevianopolino.com.br\/site\/wp-json\/wp\/v2\/posts\/116672\/revisions"}],"wp:featuredmedia":[{"embeddable":true,"href":"https:\/\/www.correspondentevianopolino.com.br\/site\/wp-json\/wp\/v2\/media\/116673"}],"wp:attachment":[{"href":"https:\/\/www.correspondentevianopolino.com.br\/site\/wp-json\/wp\/v2\/media?parent=116672"}],"wp:term":[{"taxonomy":"category","embeddable":true,"href":"https:\/\/www.correspondentevianopolino.com.br\/site\/wp-json\/wp\/v2\/categories?post=116672"},{"taxonomy":"post_tag","embeddable":true,"href":"https:\/\/www.correspondentevianopolino.com.br\/site\/wp-json\/wp\/v2\/tags?post=116672"}],"curies":[{"name":"wp","href":"https:\/\/api.w.org\/{rel}","templated":true}]}}