{"id":116764,"date":"2026-03-10T21:51:47","date_gmt":"2026-03-11T00:51:47","guid":{"rendered":"https:\/\/www.correspondentevianopolino.com.br\/site\/?p=116764"},"modified":"2026-03-13T14:44:23","modified_gmt":"2026-03-13T17:44:23","slug":"devido-a-viagem-de-marcelo-rezende-ao-exterior-cleydson-mascarenhas-assumira-amanha-10-03-a-prefeitura-de-vianopolis","status":"publish","type":"post","link":"https:\/\/www.correspondentevianopolino.com.br\/site\/devido-a-viagem-de-marcelo-rezende-ao-exterior-cleydson-mascarenhas-assumira-amanha-10-03-a-prefeitura-de-vianopolis\/","title":{"rendered":"DEVIDO \u00c0 VIAGEM DE MARCELO REZENDE AO EXTERIOR, CLEYDSON MASCARENHAS ASSUME A PREFEITURA DE VIAN\u00d3POLIS"},"content":{"rendered":"\n<figure class=\"wp-block-image size-large\"><img decoding=\"async\" width=\"540\" height=\"675\" src=\"https:\/\/www.correspondentevianopolino.com.br\/site\/wp-content\/uploads\/2026\/03\/1004452372-1-540x675.jpg\" alt=\"\" class=\"wp-image-116703\" srcset=\"https:\/\/www.correspondentevianopolino.com.br\/site\/wp-content\/uploads\/2026\/03\/1004452372-1-540x675.jpg 540w, https:\/\/www.correspondentevianopolino.com.br\/site\/wp-content\/uploads\/2026\/03\/1004452372-1-240x300.jpg 240w, https:\/\/www.correspondentevianopolino.com.br\/site\/wp-content\/uploads\/2026\/03\/1004452372-1-465x581.jpg 465w, https:\/\/www.correspondentevianopolino.com.br\/site\/wp-content\/uploads\/2026\/03\/1004452372-1-768x960.jpg 768w, https:\/\/www.correspondentevianopolino.com.br\/site\/wp-content\/uploads\/2026\/03\/1004452372-1.jpg 1080w\" sizes=\"(max-width: 540px) 100vw, 540px\" \/><\/figure>\n\n\n\n<p><strong>Cleydson Mascarenhas assumiu por volta das 7h desta quarta-feira, 11\/03, o cargo de Prefeito de Vian\u00f3polis e deixou, temporariamente, o cargo de Secret\u00e1rio de Governo.<\/strong><\/p>\n\n\n\n<p>\u00c9 que o prefeito Marcelo Rezende tem viagem marcada para os Estados Unidos na data de hoje, 11\/03.<\/p>\n\n\n\n<p>Assim sendo, Cleydson Mascarenhas assumiu a administra\u00e7\u00e3o do munic\u00edpio.<\/p>\n\n\n\n<p>Na tarde de ontem, 10\/03, Marcelo e Cleydson assinaram o termo de transmiss\u00e3o de cargo.<\/p>\n\n\n\n<p>Marcelo Rezende deve se ausentar do comando do munic\u00edpio por cerca de 12 dias.<\/p>\n\n\n\n<p>Em of\u00edcio enviado ao Presidente da C\u00e2mara Municipal, Arthur Fran\u00e7a Amorim, foi comunicado aos vereadores a aus\u00eancia do prefeito vianopolino.<\/p>\n\n\n\n<p>Caso o afastamento fosse por mais de 15 dias, a C\u00e2mara Municipal teria que aprovar. Neste caso, trata-se apenas de comunicado formal.<\/p>\n\n\n\n<p>E durante o per\u00edodo que Cleydson Mascarenhas estar\u00e1 \u00e0 frente do poder p\u00fablico municipal e por ter que deixar o cargo de secret\u00e1rio, Allan Gomes, atual secret\u00e1rio de finan\u00e7as, responder\u00e1 tamb\u00e9m pela Secretaria Municipal de Governo.<\/p>\n\n\n\n<p>J\u00e1 na Secretaria de Promo\u00e7\u00e3o Social e Habita\u00e7\u00e3o, Aline Souza Gon\u00e7alves, atual superintendente, assumir\u00e1 o cargo de secret\u00e1ria em substitui\u00e7\u00e3o a Isabela Brito, que acompanhar\u00e1 seu esposo na viagem aos Estados Unidos.<\/p>\n","protected":false},"excerpt":{"rendered":"<p>Cleydson Mascarenhas assumiu por volta das 7h desta quarta-feira, 11\/03, o cargo de Prefeito de Vian\u00f3polis e deixou, temporariamente, o [&hellip;]<\/p>\n","protected":false},"author":2,"featured_media":116766,"comment_status":"open","ping_status":"closed","sticky":false,"template":"","format":"standard","meta":{"_uag_custom_page_level_css":"","site-sidebar-layout":"default","site-content-layout":"","ast-site-content-layout":"default","site-content-style":"default","site-sidebar-style":"default","ast-global-header-display":"","ast-banner-title-visibility":"","ast-main-header-display":"","ast-hfb-above-header-display":"","ast-hfb-below-header-display":"","ast-hfb-mobile-header-display":"","site-post-title":"","ast-breadcrumbs-content":"","ast-featured-img":"","footer-sml-layout":"","ast-disable-related-posts":"","theme-transparent-header-meta":"","adv-header-id-meta":"","stick-header-meta":"","header-above-stick-meta":"","header-main-stick-meta":"","header-below-stick-meta":"","astra-migrate-meta-layouts":"default","ast-page-background-enabled":"default","ast-page-background-meta":{"desktop":{"background-color":"var(--ast-global-color-4)","background-image":"","background-repeat":"repeat","background-position":"center center","background-size":"auto","background-attachment":"scroll","background-type":"","background-media":"","overlay-type":"","overlay-color":"","overlay-opacity":"","overlay-gradient":""},"tablet":{"background-color":"","background-image":"","background-repeat":"repeat","background-position":"center center","background-size":"auto","background-attachment":"scroll","background-type":"","background-media":"","overlay-type":"","overlay-color":"","overlay-opacity":"","overlay-gradient":""},"mobile":{"background-color":"","background-image":"","background-repeat":"repeat","background-position":"center center","background-size":"auto","background-attachment":"scroll","background-type":"","background-media":"","overlay-type":"","overlay-color":"","overlay-opacity":"","overlay-gradient":""}},"ast-content-background-meta":{"desktop":{"background-color":"var(--ast-global-color-5)","background-image":"","background-repeat":"repeat","background-position":"center center","background-size":"auto","background-attachment":"scroll","background-type":"","background-media":"","overlay-type":"","overlay-color":"","overlay-opacity":"","overlay-gradient":""},"tablet":{"background-color":"var(--ast-global-color-5)","background-image":"","background-repeat":"repeat","background-position":"center center","background-size":"auto","background-attachment":"scroll","background-type":"","background-media":"","overlay-type":"","overlay-color":"","overlay-opacity":"","overlay-gradient":""},"mobile":{"background-color":"var(--ast-global-color-5)","background-image":"","background-repeat":"repeat","background-position":"center center","background-size":"auto","background-attachment":"scroll","background-type":"","background-media":"","overlay-type":"","overlay-color":"","overlay-opacity":"","overlay-gradient":""}},"footnotes":""},"categories":[1],"tags":[],"class_list":["post-116764","post","type-post","status-publish","format-standard","has-post-thumbnail","hentry","category-ultimas"],"uagb_featured_image_src":{"full":["https:\/\/www.correspondentevianopolino.com.br\/site\/wp-content\/uploads\/2026\/03\/Mosaico.jpg",1900,1267,false],"thumbnail":["https:\/\/www.correspondentevianopolino.com.br\/site\/wp-content\/uploads\/2026\/03\/Mosaico-465x310.jpg",465,310,true],"medium":["https:\/\/www.correspondentevianopolino.com.br\/site\/wp-content\/uploads\/2026\/03\/Mosaico-300x200.jpg",300,200,true],"medium_large":["https:\/\/www.correspondentevianopolino.com.br\/site\/wp-content\/uploads\/2026\/03\/Mosaico-768x512.jpg",768,512,true],"large":["https:\/\/www.correspondentevianopolino.com.br\/site\/wp-content\/uploads\/2026\/03\/Mosaico-1012x675.jpg",1012,675,true],"1536x1536":["https:\/\/www.correspondentevianopolino.com.br\/site\/wp-content\/uploads\/2026\/03\/Mosaico-1536x1024.jpg",1536,1024,true],"2048x2048":["https:\/\/www.correspondentevianopolino.com.br\/site\/wp-content\/uploads\/2026\/03\/Mosaico.jpg",1900,1267,false]},"uagb_author_info":{"display_name":"Ol\u00edvio Lemos","author_link":"https:\/\/www.correspondentevianopolino.com.br\/site\/author\/olivio\/"},"uagb_comment_info":2,"uagb_excerpt":"Cleydson Mascarenhas assumiu por volta das 7h desta quarta-feira, 11\/03, o cargo de Prefeito de Vian\u00f3polis e deixou, temporariamente, o [&hellip;]","_links":{"self":[{"href":"https:\/\/www.correspondentevianopolino.com.br\/site\/wp-json\/wp\/v2\/posts\/116764","targetHints":{"allow":["GET"]}}],"collection":[{"href":"https:\/\/www.correspondentevianopolino.com.br\/site\/wp-json\/wp\/v2\/posts"}],"about":[{"href":"https:\/\/www.correspondentevianopolino.com.br\/site\/wp-json\/wp\/v2\/types\/post"}],"author":[{"embeddable":true,"href":"https:\/\/www.correspondentevianopolino.com.br\/site\/wp-json\/wp\/v2\/users\/2"}],"replies":[{"embeddable":true,"href":"https:\/\/www.correspondentevianopolino.com.br\/site\/wp-json\/wp\/v2\/comments?post=116764"}],"version-history":[{"count":0,"href":"https:\/\/www.correspondentevianopolino.com.br\/site\/wp-json\/wp\/v2\/posts\/116764\/revisions"}],"wp:featuredmedia":[{"embeddable":true,"href":"https:\/\/www.correspondentevianopolino.com.br\/site\/wp-json\/wp\/v2\/media\/116766"}],"wp:attachment":[{"href":"https:\/\/www.correspondentevianopolino.com.br\/site\/wp-json\/wp\/v2\/media?parent=116764"}],"wp:term":[{"taxonomy":"category","embeddable":true,"href":"https:\/\/www.correspondentevianopolino.com.br\/site\/wp-json\/wp\/v2\/categories?post=116764"},{"taxonomy":"post_tag","embeddable":true,"href":"https:\/\/www.correspondentevianopolino.com.br\/site\/wp-json\/wp\/v2\/tags?post=116764"}],"curies":[{"name":"wp","href":"https:\/\/api.w.org\/{rel}","templated":true}]}}