{"id":11690,"date":"2016-06-02T05:36:12","date_gmt":"2016-06-02T08:36:12","guid":{"rendered":"http:\/\/www.correspondentevianopolino.com.br\/?p=11690"},"modified":"2016-06-03T06:50:51","modified_gmt":"2016-06-03T09:50:51","slug":"garota-que-teve-sobrancelha-raspada-e-atacada-novamente-e-agora-homem-tenta-mata-la","status":"publish","type":"post","link":"https:\/\/www.correspondentevianopolino.com.br\/site\/garota-que-teve-sobrancelha-raspada-e-atacada-novamente-e-agora-homem-tenta-mata-la\/","title":{"rendered":"Garota que teve sobrancelha raspada \u00e9 atacada novamente e agora homem tenta mat\u00e1-la"},"content":{"rendered":"<p>Uma garota de 16 anos de idade que no dia 13 de maio \u00faltimo foi torturada por dois elementos e que teve sua sobrancelha raspada em uma resid\u00eancia do Bairro Michelli, foi atacada novamente e, segundo ela, por um dos dois elementos.<\/p>\n<p>A menor A.N.C.L contou em depoimento na Delegacia de Pol\u00edcia de Vian\u00f3polis que na manh\u00e3 de ontem, 01, quando se encontrava em sua resid\u00eancia no Bairro Michelli, ouviu os c\u00e3es de sua m\u00e3e latirem, mas n\u00e3o desconfiou que poderia ser algu\u00e9m que estava invadindo o im\u00f3vel.<\/p>\n<p>Em seguida, deparou com um elemento moreno e alto dentro de sua casa que lhe perguntou onde era a resid\u00eancia de seu namorado e de sua cunhada.<\/p>\n<p>Ap\u00f3s dizer que n\u00e3o sabia, a jovem come\u00e7ou a ser molestada pelo homem, que pegou uma tesoura e lhe cortou parte dos cabelos.<\/p>\n<p>Na sequ\u00eancia, pegou um litro de \u00e1lcool e jogou no corpo da jovem.<\/p>\n<p>Quando o elemento se dirigiu para a cozinha para buscar um isqueiro para atear fogo no corpo da garota, uma cadela o atacou e a menor saiu correndo pela sala da casa e na rua, pediu socorro.<\/p>\n<p>Amparada por vizinhos que chamaram seus pais, a garota somente retornou \u00e0 casa, um tempo depois e descobriu que a mesma estava toda revirada e que foi furtada a quantia de R$ 20,00.<\/p>\n<p>O pai da garota, Cl\u00e1udio Jos\u00e9 de Lima foi entrevistado por nossa reportagem e disse que est\u00e1 assustado com o que est\u00e1 ocorrendo com sua filha.<\/p>\n<p>Para ele, sua filha corre risco de vida.<\/p>\n<p>Na entrevista, ele fez um apelo \u00e0s autoridades competentes para que investiguem o caso a fundo e que coloquem atr\u00e1s das grades, o respons\u00e1vel ou respons\u00e1veis pelos ataques \u00e0 sua filha.<\/p>\n","protected":false},"excerpt":{"rendered":"<p>Uma garota de 16 anos de idade que no dia 13 de maio \u00faltimo foi torturada por dois elementos e [&hellip;]<\/p>\n","protected":false},"author":2,"featured_media":11695,"comment_status":"open","ping_status":"closed","sticky":false,"template":"","format":"standard","meta":{"_uag_custom_page_level_css":"","site-sidebar-layout":"default","site-content-layout":"","ast-site-content-layout":"default","site-content-style":"default","site-sidebar-style":"default","ast-global-header-display":"","ast-banner-title-visibility":"","ast-main-header-display":"","ast-hfb-above-header-display":"","ast-hfb-below-header-display":"","ast-hfb-mobile-header-display":"","site-post-title":"","ast-breadcrumbs-content":"","ast-featured-img":"","footer-sml-layout":"","ast-disable-related-posts":"","theme-transparent-header-meta":"","adv-header-id-meta":"","stick-header-meta":"","header-above-stick-meta":"","header-main-stick-meta":"","header-below-stick-meta":"","astra-migrate-meta-layouts":"default","ast-page-background-enabled":"default","ast-page-background-meta":{"desktop":{"background-color":"var(--ast-global-color-4)","background-image":"","background-repeat":"repeat","background-position":"center center","background-size":"auto","background-attachment":"scroll","background-type":"","background-media":"","overlay-type":"","overlay-color":"","overlay-opacity":"","overlay-gradient":""},"tablet":{"background-color":"","background-image":"","background-repeat":"repeat","background-position":"center center","background-size":"auto","background-attachment":"scroll","background-type":"","background-media":"","overlay-type":"","overlay-color":"","overlay-opacity":"","overlay-gradient":""},"mobile":{"background-color":"","background-image":"","background-repeat":"repeat","background-position":"center center","background-size":"auto","background-attachment":"scroll","background-type":"","background-media":"","overlay-type":"","overlay-color":"","overlay-opacity":"","overlay-gradient":""}},"ast-content-background-meta":{"desktop":{"background-color":"var(--ast-global-color-5)","background-image":"","background-repeat":"repeat","background-position":"center center","background-size":"auto","background-attachment":"scroll","background-type":"","background-media":"","overlay-type":"","overlay-color":"","overlay-opacity":"","overlay-gradient":""},"tablet":{"background-color":"var(--ast-global-color-5)","background-image":"","background-repeat":"repeat","background-position":"center center","background-size":"auto","background-attachment":"scroll","background-type":"","background-media":"","overlay-type":"","overlay-color":"","overlay-opacity":"","overlay-gradient":""},"mobile":{"background-color":"var(--ast-global-color-5)","background-image":"","background-repeat":"repeat","background-position":"center center","background-size":"auto","background-attachment":"scroll","background-type":"","background-media":"","overlay-type":"","overlay-color":"","overlay-opacity":"","overlay-gradient":""}},"footnotes":""},"categories":[],"tags":[],"class_list":["post-11690","post","type-post","status-publish","format-standard","has-post-thumbnail","hentry"],"uagb_featured_image_src":{"full":["https:\/\/www.correspondentevianopolino.com.br\/site\/wp-content\/uploads\/2016\/06\/IMG-20160513-WA0028.jpg",314,235,false],"thumbnail":["https:\/\/www.correspondentevianopolino.com.br\/site\/wp-content\/uploads\/2016\/06\/IMG-20160513-WA0028-150x150.jpg",150,150,true],"medium":["https:\/\/www.correspondentevianopolino.com.br\/site\/wp-content\/uploads\/2016\/06\/IMG-20160513-WA0028-300x225.jpg",300,225,true],"medium_large":["https:\/\/www.correspondentevianopolino.com.br\/site\/wp-content\/uploads\/2016\/06\/IMG-20160513-WA0028.jpg",314,235,false],"large":["https:\/\/www.correspondentevianopolino.com.br\/site\/wp-content\/uploads\/2016\/06\/IMG-20160513-WA0028.jpg",314,235,false],"1536x1536":["https:\/\/www.correspondentevianopolino.com.br\/site\/wp-content\/uploads\/2016\/06\/IMG-20160513-WA0028.jpg",314,235,false],"2048x2048":["https:\/\/www.correspondentevianopolino.com.br\/site\/wp-content\/uploads\/2016\/06\/IMG-20160513-WA0028.jpg",314,235,false]},"uagb_author_info":{"display_name":"Ol\u00edvio Lemos","author_link":"https:\/\/www.correspondentevianopolino.com.br\/site\/author\/olivio\/"},"uagb_comment_info":3,"uagb_excerpt":"Uma garota de 16 anos de idade que no dia 13 de maio \u00faltimo foi torturada por dois elementos e [&hellip;]","_links":{"self":[{"href":"https:\/\/www.correspondentevianopolino.com.br\/site\/wp-json\/wp\/v2\/posts\/11690","targetHints":{"allow":["GET"]}}],"collection":[{"href":"https:\/\/www.correspondentevianopolino.com.br\/site\/wp-json\/wp\/v2\/posts"}],"about":[{"href":"https:\/\/www.correspondentevianopolino.com.br\/site\/wp-json\/wp\/v2\/types\/post"}],"author":[{"embeddable":true,"href":"https:\/\/www.correspondentevianopolino.com.br\/site\/wp-json\/wp\/v2\/users\/2"}],"replies":[{"embeddable":true,"href":"https:\/\/www.correspondentevianopolino.com.br\/site\/wp-json\/wp\/v2\/comments?post=11690"}],"version-history":[{"count":0,"href":"https:\/\/www.correspondentevianopolino.com.br\/site\/wp-json\/wp\/v2\/posts\/11690\/revisions"}],"wp:featuredmedia":[{"embeddable":true,"href":"https:\/\/www.correspondentevianopolino.com.br\/site\/wp-json\/wp\/v2\/media\/11695"}],"wp:attachment":[{"href":"https:\/\/www.correspondentevianopolino.com.br\/site\/wp-json\/wp\/v2\/media?parent=11690"}],"wp:term":[{"taxonomy":"category","embeddable":true,"href":"https:\/\/www.correspondentevianopolino.com.br\/site\/wp-json\/wp\/v2\/categories?post=11690"},{"taxonomy":"post_tag","embeddable":true,"href":"https:\/\/www.correspondentevianopolino.com.br\/site\/wp-json\/wp\/v2\/tags?post=11690"}],"curies":[{"name":"wp","href":"https:\/\/api.w.org\/{rel}","templated":true}]}}