{"id":117790,"date":"2026-04-26T08:12:46","date_gmt":"2026-04-26T11:12:46","guid":{"rendered":"https:\/\/www.correspondentevianopolino.com.br\/site\/?p=117790"},"modified":"2026-04-27T07:03:08","modified_gmt":"2026-04-27T10:03:08","slug":"acidente-26","status":"publish","type":"post","link":"https:\/\/www.correspondentevianopolino.com.br\/site\/acidente-26\/","title":{"rendered":"FAM\u00cdLIA DE MOTOCICLISTA QUE QUEBROU AS DUAS PERNAS AO CHOCAR-SE COM BARRAS DE TRILHO DE FERRO IMPLANTADAS PELA PREFEITURA DE VIAN\u00d3POLIS, VAI ACIONAR O MUNIC\u00cdPIO E REQUERER INDENIZA\u00c7\u00c3O&#8230;VEJA V\u00cdDEO DO ACIDENTE"},"content":{"rendered":"\n<figure class=\"wp-block-image size-large\"><img decoding=\"async\" width=\"546\" height=\"675\" src=\"https:\/\/www.correspondentevianopolino.com.br\/site\/wp-content\/uploads\/2026\/04\/1004848956-546x675.jpg\" alt=\"\" class=\"wp-image-117804\" srcset=\"https:\/\/www.correspondentevianopolino.com.br\/site\/wp-content\/uploads\/2026\/04\/1004848956-546x675.jpg 546w, https:\/\/www.correspondentevianopolino.com.br\/site\/wp-content\/uploads\/2026\/04\/1004848956-243x300.jpg 243w, https:\/\/www.correspondentevianopolino.com.br\/site\/wp-content\/uploads\/2026\/04\/1004848956-465x575.jpg 465w, https:\/\/www.correspondentevianopolino.com.br\/site\/wp-content\/uploads\/2026\/04\/1004848956-768x950.jpg 768w, https:\/\/www.correspondentevianopolino.com.br\/site\/wp-content\/uploads\/2026\/04\/1004848956.jpg 1080w\" sizes=\"(max-width: 546px) 100vw, 546px\" \/><\/figure>\n\n\n\n<p>O Corretor Vonei Pereira da Silva, residente em Ponte Funda e pai de Adolfo Ant\u00f4nio de Souza Neto, jovem que fraturou as duas pernas em um acidente ocorrido recentemente na Avenida Goi\u00e1s, Setor Vista Alegre, informou \u00e0 nossa reportagem que a fam\u00edlia ir\u00e1 acionar judicialmente a Prefeitura Municipal e pedir indeniza\u00e7\u00e3o.<\/p>\n\n\n\n<p>O jovem Adolfo Neto que conduzia uma Motocicleta Honda foi tentar ultrapassar um FIAT\/STRADA, na m\u00e3o correta da via, quando o condutor do ve\u00edculo tentou virar \u00e0 esquerda.<\/p>\n\n\n\n<p>No choque lateral entre a motocicleta e o FIAT\/STRADA, o jovem caiu e fraturou as duas pernas ao bater nas barras de trilho de ferro colocadas pela Prefeitura Municipal na administra\u00e7\u00e3o do Ex-Prefeito, Samuel Cotrim.<\/p>\n\n\n\n<p>Na \u00e9poca, mais precisamente no dia 25 de junho de 2024, nossa reportagem publicou uma mat\u00e9ria em que um morador reclamava da instala\u00e7\u00e3o das barras de ferro em diversas ruas e avenidas de Vian\u00f3polis.<\/p>\n\n\n\n<p>A mat\u00e9ria foi feita no sentido de alertar o Poder P\u00fablico Municipal sobre uma a\u00e7\u00e3o feita de forma errada e que, no futuro, poderia ferir pessoas.<\/p>\n\n\n\n<p>A inten\u00e7\u00e3o de quem instalou as barras era a de proteger o meio-fio existente nas vias p\u00fablicas, mas o fez ferindo as leis de tr\u00e2nsito.<\/p>\n\n\n\n<p>A instala\u00e7\u00e3o das barras de trilho de ferro fere o C\u00f3digo de Tr\u00e2nsito Brasileiro e oferece risco de acidente, principalmente pelo fato de n\u00e3o ter nenhuma sinaliza\u00e7\u00e3o.<\/p>\n\n\n\n<p>De acordo com o artigo 94 do C\u00f3digo de Tr\u00e2nsito Brasileiro, qualquer obst\u00e1culo \u00e0 livre circula\u00e7\u00e3o e \u00e0 seguran\u00e7a de ve\u00edculos e pedestres, tanto na via quando na cal\u00e7ada, caso n\u00e3o possa ser retirado, deve ser devidamente sinalizado.<\/p>\n\n\n\n<p>O jovem Adolfo Neto continua internado em Goi\u00e2nia, uma vez que j\u00e1 foi submetido a duas cirurgias e, segundo seu pai, ter\u00e1 que fazer outras duas.<\/p>\n\n\n\n<p>Indignado com o ocorrido, Vonei Pereira da Silva disse que a fam\u00edlia j\u00e1 constituiu um advogado que acionar\u00e1, judicialmente, a Prefeitura de Vian\u00f3polis.<\/p>\n\n\n\n<figure class=\"wp-block-video\"><video height=\"464\" style=\"aspect-ratio: 832 \/ 464;\" width=\"832\" controls src=\"https:\/\/www.correspondentevianopolino.com.br\/site\/wp-content\/uploads\/2026\/04\/WhatsApp-Video-2026-04-24-at-19.36.42.mp4\"><\/video><\/figure>\n\n\n\n<figure class=\"wp-block-image size-large\"><img decoding=\"async\" width=\"833\" height=\"675\" src=\"https:\/\/www.correspondentevianopolino.com.br\/site\/wp-content\/uploads\/2026\/04\/1004842600-833x675.jpg\" alt=\"\" class=\"wp-image-117805\" srcset=\"https:\/\/www.correspondentevianopolino.com.br\/site\/wp-content\/uploads\/2026\/04\/1004842600-833x675.jpg 833w, https:\/\/www.correspondentevianopolino.com.br\/site\/wp-content\/uploads\/2026\/04\/1004842600-300x243.jpg 300w, https:\/\/www.correspondentevianopolino.com.br\/site\/wp-content\/uploads\/2026\/04\/1004842600-465x377.jpg 465w, https:\/\/www.correspondentevianopolino.com.br\/site\/wp-content\/uploads\/2026\/04\/1004842600-768x622.jpg 768w, https:\/\/www.correspondentevianopolino.com.br\/site\/wp-content\/uploads\/2026\/04\/1004842600.jpg 912w\" sizes=\"(max-width: 833px) 100vw, 833px\" \/><\/figure>\n\n\n\n<p><strong>A FOTO ACIMA FOI FEITA PELA REPORTAGEM DO CORRESPONDENTE VIANOPOLINO EM JUNHO DE 2024, QUANDO AS BARRAS DE TRILHO DE FERRO FORAM INSTALADAS PELA ADMINISTRA\u00c7\u00c3O DO EX-PREFEITO, SAMUEL COTRIM.<\/strong><\/p>\n\n\n\n<figure class=\"wp-block-image size-large\"><img decoding=\"async\" width=\"506\" height=\"675\" src=\"https:\/\/www.correspondentevianopolino.com.br\/site\/wp-content\/uploads\/2026\/04\/1004840157-506x675.jpg\" alt=\"\" class=\"wp-image-117806\" srcset=\"https:\/\/www.correspondentevianopolino.com.br\/site\/wp-content\/uploads\/2026\/04\/1004840157-506x675.jpg 506w, https:\/\/www.correspondentevianopolino.com.br\/site\/wp-content\/uploads\/2026\/04\/1004840157-225x300.jpg 225w, https:\/\/www.correspondentevianopolino.com.br\/site\/wp-content\/uploads\/2026\/04\/1004840157-465x620.jpg 465w, https:\/\/www.correspondentevianopolino.com.br\/site\/wp-content\/uploads\/2026\/04\/1004840157-768x1024.jpg 768w, https:\/\/www.correspondentevianopolino.com.br\/site\/wp-content\/uploads\/2026\/04\/1004840157.jpg 960w\" sizes=\"(max-width: 506px) 100vw, 506px\" \/><\/figure>\n\n\n\n<figure class=\"wp-block-image size-large\"><img decoding=\"async\" width=\"479\" height=\"675\" src=\"https:\/\/www.correspondentevianopolino.com.br\/site\/wp-content\/uploads\/2026\/04\/1004849091-1-479x675.jpg\" alt=\"\" class=\"wp-image-117808\" srcset=\"https:\/\/www.correspondentevianopolino.com.br\/site\/wp-content\/uploads\/2026\/04\/1004849091-1-479x675.jpg 479w, https:\/\/www.correspondentevianopolino.com.br\/site\/wp-content\/uploads\/2026\/04\/1004849091-1-213x300.jpg 213w, https:\/\/www.correspondentevianopolino.com.br\/site\/wp-content\/uploads\/2026\/04\/1004849091-1-465x655.jpg 465w, https:\/\/www.correspondentevianopolino.com.br\/site\/wp-content\/uploads\/2026\/04\/1004849091-1-768x1082.jpg 768w, https:\/\/www.correspondentevianopolino.com.br\/site\/wp-content\/uploads\/2026\/04\/1004849091-1-1090x1536.jpg 1090w, https:\/\/www.correspondentevianopolino.com.br\/site\/wp-content\/uploads\/2026\/04\/1004849091-1.jpg 1220w\" sizes=\"(max-width: 479px) 100vw, 479px\" \/><\/figure>\n\n\n\n<figure class=\"wp-block-image size-large\"><img decoding=\"async\" width=\"530\" height=\"675\" src=\"https:\/\/www.correspondentevianopolino.com.br\/site\/wp-content\/uploads\/2026\/04\/1004849060-530x675.jpg\" alt=\"\" class=\"wp-image-117809\" srcset=\"https:\/\/www.correspondentevianopolino.com.br\/site\/wp-content\/uploads\/2026\/04\/1004849060-530x675.jpg 530w, https:\/\/www.correspondentevianopolino.com.br\/site\/wp-content\/uploads\/2026\/04\/1004849060-236x300.jpg 236w, https:\/\/www.correspondentevianopolino.com.br\/site\/wp-content\/uploads\/2026\/04\/1004849060-465x592.jpg 465w, https:\/\/www.correspondentevianopolino.com.br\/site\/wp-content\/uploads\/2026\/04\/1004849060-768x978.jpg 768w, https:\/\/www.correspondentevianopolino.com.br\/site\/wp-content\/uploads\/2026\/04\/1004849060.jpg 1080w\" sizes=\"(max-width: 530px) 100vw, 530px\" \/><\/figure>\n","protected":false},"excerpt":{"rendered":"<p>O Corretor Vonei Pereira da Silva, residente em Ponte Funda e pai de Adolfo Ant\u00f4nio de Souza Neto, jovem que [&hellip;]<\/p>\n","protected":false},"author":2,"featured_media":117810,"comment_status":"open","ping_status":"closed","sticky":false,"template":"","format":"standard","meta":{"_uag_custom_page_level_css":"","site-sidebar-layout":"default","site-content-layout":"","ast-site-content-layout":"default","site-content-style":"default","site-sidebar-style":"default","ast-global-header-display":"","ast-banner-title-visibility":"","ast-main-header-display":"","ast-hfb-above-header-display":"","ast-hfb-below-header-display":"","ast-hfb-mobile-header-display":"","site-post-title":"","ast-breadcrumbs-content":"","ast-featured-img":"","footer-sml-layout":"","ast-disable-related-posts":"","theme-transparent-header-meta":"","adv-header-id-meta":"","stick-header-meta":"","header-above-stick-meta":"","header-main-stick-meta":"","header-below-stick-meta":"","astra-migrate-meta-layouts":"default","ast-page-background-enabled":"default","ast-page-background-meta":{"desktop":{"background-color":"var(--ast-global-color-4)","background-image":"","background-repeat":"repeat","background-position":"center center","background-size":"auto","background-attachment":"scroll","background-type":"","background-media":"","overlay-type":"","overlay-color":"","overlay-opacity":"","overlay-gradient":""},"tablet":{"background-color":"","background-image":"","background-repeat":"repeat","background-position":"center center","background-size":"auto","background-attachment":"scroll","background-type":"","background-media":"","overlay-type":"","overlay-color":"","overlay-opacity":"","overlay-gradient":""},"mobile":{"background-color":"","background-image":"","background-repeat":"repeat","background-position":"center center","background-size":"auto","background-attachment":"scroll","background-type":"","background-media":"","overlay-type":"","overlay-color":"","overlay-opacity":"","overlay-gradient":""}},"ast-content-background-meta":{"desktop":{"background-color":"var(--ast-global-color-5)","background-image":"","background-repeat":"repeat","background-position":"center center","background-size":"auto","background-attachment":"scroll","background-type":"","background-media":"","overlay-type":"","overlay-color":"","overlay-opacity":"","overlay-gradient":""},"tablet":{"background-color":"var(--ast-global-color-5)","background-image":"","background-repeat":"repeat","background-position":"center center","background-size":"auto","background-attachment":"scroll","background-type":"","background-media":"","overlay-type":"","overlay-color":"","overlay-opacity":"","overlay-gradient":""},"mobile":{"background-color":"var(--ast-global-color-5)","background-image":"","background-repeat":"repeat","background-position":"center center","background-size":"auto","background-attachment":"scroll","background-type":"","background-media":"","overlay-type":"","overlay-color":"","overlay-opacity":"","overlay-gradient":""}},"footnotes":""},"categories":[1],"tags":[],"class_list":["post-117790","post","type-post","status-publish","format-standard","has-post-thumbnail","hentry","category-ultimas"],"uagb_featured_image_src":{"full":["https:\/\/www.correspondentevianopolino.com.br\/site\/wp-content\/uploads\/2026\/04\/Acidente-3.jpg",1900,1267,false],"thumbnail":["https:\/\/www.correspondentevianopolino.com.br\/site\/wp-content\/uploads\/2026\/04\/Acidente-3-465x310.jpg",465,310,true],"medium":["https:\/\/www.correspondentevianopolino.com.br\/site\/wp-content\/uploads\/2026\/04\/Acidente-3-300x200.jpg",300,200,true],"medium_large":["https:\/\/www.correspondentevianopolino.com.br\/site\/wp-content\/uploads\/2026\/04\/Acidente-3-768x512.jpg",768,512,true],"large":["https:\/\/www.correspondentevianopolino.com.br\/site\/wp-content\/uploads\/2026\/04\/Acidente-3-1012x675.jpg",1012,675,true],"1536x1536":["https:\/\/www.correspondentevianopolino.com.br\/site\/wp-content\/uploads\/2026\/04\/Acidente-3-1536x1024.jpg",1536,1024,true],"2048x2048":["https:\/\/www.correspondentevianopolino.com.br\/site\/wp-content\/uploads\/2026\/04\/Acidente-3.jpg",1900,1267,false]},"uagb_author_info":{"display_name":"Ol\u00edvio Lemos","author_link":"https:\/\/www.correspondentevianopolino.com.br\/site\/author\/olivio\/"},"uagb_comment_info":33,"uagb_excerpt":"O Corretor Vonei Pereira da Silva, residente em Ponte Funda e pai de Adolfo Ant\u00f4nio de Souza Neto, jovem que [&hellip;]","_links":{"self":[{"href":"https:\/\/www.correspondentevianopolino.com.br\/site\/wp-json\/wp\/v2\/posts\/117790","targetHints":{"allow":["GET"]}}],"collection":[{"href":"https:\/\/www.correspondentevianopolino.com.br\/site\/wp-json\/wp\/v2\/posts"}],"about":[{"href":"https:\/\/www.correspondentevianopolino.com.br\/site\/wp-json\/wp\/v2\/types\/post"}],"author":[{"embeddable":true,"href":"https:\/\/www.correspondentevianopolino.com.br\/site\/wp-json\/wp\/v2\/users\/2"}],"replies":[{"embeddable":true,"href":"https:\/\/www.correspondentevianopolino.com.br\/site\/wp-json\/wp\/v2\/comments?post=117790"}],"version-history":[{"count":0,"href":"https:\/\/www.correspondentevianopolino.com.br\/site\/wp-json\/wp\/v2\/posts\/117790\/revisions"}],"wp:featuredmedia":[{"embeddable":true,"href":"https:\/\/www.correspondentevianopolino.com.br\/site\/wp-json\/wp\/v2\/media\/117810"}],"wp:attachment":[{"href":"https:\/\/www.correspondentevianopolino.com.br\/site\/wp-json\/wp\/v2\/media?parent=117790"}],"wp:term":[{"taxonomy":"category","embeddable":true,"href":"https:\/\/www.correspondentevianopolino.com.br\/site\/wp-json\/wp\/v2\/categories?post=117790"},{"taxonomy":"post_tag","embeddable":true,"href":"https:\/\/www.correspondentevianopolino.com.br\/site\/wp-json\/wp\/v2\/tags?post=117790"}],"curies":[{"name":"wp","href":"https:\/\/api.w.org\/{rel}","templated":true}]}}