{"id":117856,"date":"2026-04-28T08:11:59","date_gmt":"2026-04-28T11:11:59","guid":{"rendered":"https:\/\/www.correspondentevianopolino.com.br\/site\/?p=117856"},"modified":"2026-04-28T09:27:34","modified_gmt":"2026-04-28T12:27:34","slug":"prazo-para-pagamento-do-iptu-2026-encerra-no-dia-30-de-abril","status":"publish","type":"post","link":"https:\/\/www.correspondentevianopolino.com.br\/site\/prazo-para-pagamento-do-iptu-2026-encerra-no-dia-30-de-abril\/","title":{"rendered":"PRAZO PARA PAGAMENTO DO IPTU\/2026 COM DESCONTO DE 15% VENCE NA PR\u00d3XIMA QUINTA-FEIRA, 30\/04&#8230;N\u00c3O HAVER\u00c1 NOVA PRORROGA\u00c7\u00c3O"},"content":{"rendered":"\n<figure class=\"wp-block-image size-large\"><img decoding=\"async\" width=\"546\" height=\"675\" src=\"https:\/\/www.correspondentevianopolino.com.br\/site\/wp-content\/uploads\/2026\/04\/1004848956-546x675.jpg\" alt=\"\" class=\"wp-image-117804\" srcset=\"https:\/\/www.correspondentevianopolino.com.br\/site\/wp-content\/uploads\/2026\/04\/1004848956-546x675.jpg 546w, https:\/\/www.correspondentevianopolino.com.br\/site\/wp-content\/uploads\/2026\/04\/1004848956-243x300.jpg 243w, https:\/\/www.correspondentevianopolino.com.br\/site\/wp-content\/uploads\/2026\/04\/1004848956-465x575.jpg 465w, https:\/\/www.correspondentevianopolino.com.br\/site\/wp-content\/uploads\/2026\/04\/1004848956-768x950.jpg 768w, https:\/\/www.correspondentevianopolino.com.br\/site\/wp-content\/uploads\/2026\/04\/1004848956.jpg 1080w\" sizes=\"(max-width: 546px) 100vw, 546px\" \/><\/figure>\n\n\n\n<p>Vence na pr\u00f3xima <strong>quinta-feira, 30\/04<\/strong>, o prazo para pagamento do IPTU(Imposto Predial e Territorial Urbano) de 2026.<\/p>\n\n\n\n<p>E quem efetuar o pagamento desse tributo at\u00e9 o dia 30 pr\u00f3ximo, ter\u00e1 <strong>desconto de 15 por cento.<\/strong><\/p>\n\n\n\n<p>Segundo informa\u00e7\u00f5es da Prefeitura Municipal, o prazo n\u00e3o ser\u00e1 prorrogado novamente.<\/p>\n\n\n\n<p>Assim sendo, quem n\u00e3o efetuar o pagamento agora, ter\u00e1 a incid\u00eancia de juros e multa por atraso.<\/p>\n\n\n\n<p>Quem ainda n\u00e3o efetuou o pagamento do IPTU\/2026, deve se dirigir ao Departamento de Arrecada\u00e7\u00e3o que fica na sede da Prefeitura de Vian\u00f3polis e fazer a retirada do boleto, caso n\u00e3o tenha recebido o mesmo.<\/p>\n\n\n\n<p><\/p>\n","protected":false},"excerpt":{"rendered":"<p>Vence na pr\u00f3xima quinta-feira, 30\/04, o prazo para pagamento do IPTU(Imposto Predial e Territorial Urbano) de 2026. E quem efetuar [&hellip;]<\/p>\n","protected":false},"author":2,"featured_media":117862,"comment_status":"open","ping_status":"closed","sticky":false,"template":"","format":"standard","meta":{"_uag_custom_page_level_css":"","site-sidebar-layout":"default","site-content-layout":"","ast-site-content-layout":"default","site-content-style":"default","site-sidebar-style":"default","ast-global-header-display":"","ast-banner-title-visibility":"","ast-main-header-display":"","ast-hfb-above-header-display":"","ast-hfb-below-header-display":"","ast-hfb-mobile-header-display":"","site-post-title":"","ast-breadcrumbs-content":"","ast-featured-img":"","footer-sml-layout":"","ast-disable-related-posts":"","theme-transparent-header-meta":"","adv-header-id-meta":"","stick-header-meta":"","header-above-stick-meta":"","header-main-stick-meta":"","header-below-stick-meta":"","astra-migrate-meta-layouts":"default","ast-page-background-enabled":"default","ast-page-background-meta":{"desktop":{"background-color":"var(--ast-global-color-4)","background-image":"","background-repeat":"repeat","background-position":"center center","background-size":"auto","background-attachment":"scroll","background-type":"","background-media":"","overlay-type":"","overlay-color":"","overlay-opacity":"","overlay-gradient":""},"tablet":{"background-color":"","background-image":"","background-repeat":"repeat","background-position":"center center","background-size":"auto","background-attachment":"scroll","background-type":"","background-media":"","overlay-type":"","overlay-color":"","overlay-opacity":"","overlay-gradient":""},"mobile":{"background-color":"","background-image":"","background-repeat":"repeat","background-position":"center center","background-size":"auto","background-attachment":"scroll","background-type":"","background-media":"","overlay-type":"","overlay-color":"","overlay-opacity":"","overlay-gradient":""}},"ast-content-background-meta":{"desktop":{"background-color":"var(--ast-global-color-5)","background-image":"","background-repeat":"repeat","background-position":"center center","background-size":"auto","background-attachment":"scroll","background-type":"","background-media":"","overlay-type":"","overlay-color":"","overlay-opacity":"","overlay-gradient":""},"tablet":{"background-color":"var(--ast-global-color-5)","background-image":"","background-repeat":"repeat","background-position":"center center","background-size":"auto","background-attachment":"scroll","background-type":"","background-media":"","overlay-type":"","overlay-color":"","overlay-opacity":"","overlay-gradient":""},"mobile":{"background-color":"var(--ast-global-color-5)","background-image":"","background-repeat":"repeat","background-position":"center center","background-size":"auto","background-attachment":"scroll","background-type":"","background-media":"","overlay-type":"","overlay-color":"","overlay-opacity":"","overlay-gradient":""}},"footnotes":""},"categories":[1],"tags":[],"class_list":["post-117856","post","type-post","status-publish","format-standard","has-post-thumbnail","hentry","category-ultimas"],"uagb_featured_image_src":{"full":["https:\/\/www.correspondentevianopolino.com.br\/site\/wp-content\/uploads\/2026\/04\/file_000000002a4071f598e0367d23a4258a.jpg",1536,1024,false],"thumbnail":["https:\/\/www.correspondentevianopolino.com.br\/site\/wp-content\/uploads\/2026\/04\/file_000000002a4071f598e0367d23a4258a-465x310.jpg",465,310,true],"medium":["https:\/\/www.correspondentevianopolino.com.br\/site\/wp-content\/uploads\/2026\/04\/file_000000002a4071f598e0367d23a4258a-300x200.jpg",300,200,true],"medium_large":["https:\/\/www.correspondentevianopolino.com.br\/site\/wp-content\/uploads\/2026\/04\/file_000000002a4071f598e0367d23a4258a-768x512.jpg",768,512,true],"large":["https:\/\/www.correspondentevianopolino.com.br\/site\/wp-content\/uploads\/2026\/04\/file_000000002a4071f598e0367d23a4258a-1013x675.jpg",1013,675,true],"1536x1536":["https:\/\/www.correspondentevianopolino.com.br\/site\/wp-content\/uploads\/2026\/04\/file_000000002a4071f598e0367d23a4258a.jpg",1536,1024,false],"2048x2048":["https:\/\/www.correspondentevianopolino.com.br\/site\/wp-content\/uploads\/2026\/04\/file_000000002a4071f598e0367d23a4258a.jpg",1536,1024,false]},"uagb_author_info":{"display_name":"Ol\u00edvio Lemos","author_link":"https:\/\/www.correspondentevianopolino.com.br\/site\/author\/olivio\/"},"uagb_comment_info":1,"uagb_excerpt":"Vence na pr\u00f3xima quinta-feira, 30\/04, o prazo para pagamento do IPTU(Imposto Predial e Territorial Urbano) de 2026. E quem efetuar [&hellip;]","_links":{"self":[{"href":"https:\/\/www.correspondentevianopolino.com.br\/site\/wp-json\/wp\/v2\/posts\/117856","targetHints":{"allow":["GET"]}}],"collection":[{"href":"https:\/\/www.correspondentevianopolino.com.br\/site\/wp-json\/wp\/v2\/posts"}],"about":[{"href":"https:\/\/www.correspondentevianopolino.com.br\/site\/wp-json\/wp\/v2\/types\/post"}],"author":[{"embeddable":true,"href":"https:\/\/www.correspondentevianopolino.com.br\/site\/wp-json\/wp\/v2\/users\/2"}],"replies":[{"embeddable":true,"href":"https:\/\/www.correspondentevianopolino.com.br\/site\/wp-json\/wp\/v2\/comments?post=117856"}],"version-history":[{"count":0,"href":"https:\/\/www.correspondentevianopolino.com.br\/site\/wp-json\/wp\/v2\/posts\/117856\/revisions"}],"wp:featuredmedia":[{"embeddable":true,"href":"https:\/\/www.correspondentevianopolino.com.br\/site\/wp-json\/wp\/v2\/media\/117862"}],"wp:attachment":[{"href":"https:\/\/www.correspondentevianopolino.com.br\/site\/wp-json\/wp\/v2\/media?parent=117856"}],"wp:term":[{"taxonomy":"category","embeddable":true,"href":"https:\/\/www.correspondentevianopolino.com.br\/site\/wp-json\/wp\/v2\/categories?post=117856"},{"taxonomy":"post_tag","embeddable":true,"href":"https:\/\/www.correspondentevianopolino.com.br\/site\/wp-json\/wp\/v2\/tags?post=117856"}],"curies":[{"name":"wp","href":"https:\/\/api.w.org\/{rel}","templated":true}]}}