{"id":117889,"date":"2026-04-29T08:04:41","date_gmt":"2026-04-29T11:04:41","guid":{"rendered":"https:\/\/www.correspondentevianopolino.com.br\/site\/?p=117889"},"modified":"2026-04-29T08:36:27","modified_gmt":"2026-04-29T11:36:27","slug":"falece-112","status":"publish","type":"post","link":"https:\/\/www.correspondentevianopolino.com.br\/site\/falece-112\/","title":{"rendered":"FALECE FLORITA DUARTE VITOR, M\u00c3E DA EX-SECRET\u00c1RIA DE SA\u00daDE DE VIAN\u00d3POLIS, JULIANA VITOR DE FREITAS"},"content":{"rendered":"\n<figure class=\"wp-block-image size-large\"><img decoding=\"async\" width=\"546\" height=\"675\" src=\"https:\/\/www.correspondentevianopolino.com.br\/site\/wp-content\/uploads\/2026\/04\/1004848956-546x675.jpg\" alt=\"\" class=\"wp-image-117804\" srcset=\"https:\/\/www.correspondentevianopolino.com.br\/site\/wp-content\/uploads\/2026\/04\/1004848956-546x675.jpg 546w, https:\/\/www.correspondentevianopolino.com.br\/site\/wp-content\/uploads\/2026\/04\/1004848956-243x300.jpg 243w, https:\/\/www.correspondentevianopolino.com.br\/site\/wp-content\/uploads\/2026\/04\/1004848956-465x575.jpg 465w, https:\/\/www.correspondentevianopolino.com.br\/site\/wp-content\/uploads\/2026\/04\/1004848956-768x950.jpg 768w, https:\/\/www.correspondentevianopolino.com.br\/site\/wp-content\/uploads\/2026\/04\/1004848956.jpg 1080w\" sizes=\"(max-width: 546px) 100vw, 546px\" \/><\/figure>\n\n\n\n<p>Faleceu ontem, dia 28\/04, em Bras\u00edlia, <strong>FLORITA DUARTE VITOR<\/strong>, m\u00e3e da Ex-Secret\u00e1ria de Sa\u00fade de Vian\u00f3polis, Juliana Vitor de Freitas.<\/p>\n\n\n\n<p>Ela falece quando iria completar 10 anos de um transplante card\u00edaco.<\/p>\n\n\n\n<p>Mesmo ap\u00f3s enfrentar um dos maiores desafios que a vida pode impor, Florita seguiu firme em sua caminhada.<\/p>\n\n\n\n<p>Mesmo com o transplante de cora\u00e7\u00e3o, ela nunca deixou que as dificuldades definissem sua trajet\u00f3ria.<\/p>\n\n\n\n<p>Com coragem admir\u00e1vel, seguiu em frente, superando cada obst\u00e1culo com resili\u00eancia e uma for\u00e7a que inspira.<\/p>\n\n\n\n<p>Sua hist\u00f3ria \u00e9 prova de que, mesmo diante das maiores adversidades, \u00e9 poss\u00edvel florescer e continuar lutando com dignidade e esperan\u00e7a.<\/p>\n\n\n\n<p>O corpo de Florita Duarte Vitor, que faleceu aos 64 anos de idade, ser\u00e1 velado e sepultado na tarde de hoje, 29\/04, em Silv\u00e2nia.<\/p>\n\n\n\n<p><strong>\u00c0 fam\u00edlia enlutada, nossas condol\u00eancias.<\/strong><\/p>\n\n\n\n<figure class=\"wp-block-image size-large\"><img decoding=\"async\" width=\"418\" height=\"675\" src=\"https:\/\/www.correspondentevianopolino.com.br\/site\/wp-content\/uploads\/2026\/04\/1004874635-418x675.jpg\" alt=\"\" class=\"wp-image-117892\" srcset=\"https:\/\/www.correspondentevianopolino.com.br\/site\/wp-content\/uploads\/2026\/04\/1004874635-418x675.jpg 418w, https:\/\/www.correspondentevianopolino.com.br\/site\/wp-content\/uploads\/2026\/04\/1004874635-186x300.jpg 186w, https:\/\/www.correspondentevianopolino.com.br\/site\/wp-content\/uploads\/2026\/04\/1004874635-465x751.jpg 465w, https:\/\/www.correspondentevianopolino.com.br\/site\/wp-content\/uploads\/2026\/04\/1004874635-768x1240.jpg 768w, https:\/\/www.correspondentevianopolino.com.br\/site\/wp-content\/uploads\/2026\/04\/1004874635.jpg 869w\" sizes=\"(max-width: 418px) 100vw, 418px\" \/><\/figure>\n\n\n\n<figure class=\"wp-block-image size-large\"><img decoding=\"async\" width=\"536\" height=\"675\" src=\"https:\/\/www.correspondentevianopolino.com.br\/site\/wp-content\/uploads\/2026\/04\/1004874202-536x675.jpg\" alt=\"\" class=\"wp-image-117893\" srcset=\"https:\/\/www.correspondentevianopolino.com.br\/site\/wp-content\/uploads\/2026\/04\/1004874202-536x675.jpg 536w, https:\/\/www.correspondentevianopolino.com.br\/site\/wp-content\/uploads\/2026\/04\/1004874202-238x300.jpg 238w, https:\/\/www.correspondentevianopolino.com.br\/site\/wp-content\/uploads\/2026\/04\/1004874202-465x586.jpg 465w, https:\/\/www.correspondentevianopolino.com.br\/site\/wp-content\/uploads\/2026\/04\/1004874202-768x968.jpg 768w, https:\/\/www.correspondentevianopolino.com.br\/site\/wp-content\/uploads\/2026\/04\/1004874202.jpg 1016w\" sizes=\"(max-width: 536px) 100vw, 536px\" \/><\/figure>\n","protected":false},"excerpt":{"rendered":"<p>Faleceu ontem, dia 28\/04, em Bras\u00edlia, FLORITA DUARTE VITOR, m\u00e3e da Ex-Secret\u00e1ria de Sa\u00fade de Vian\u00f3polis, Juliana Vitor de Freitas. [&hellip;]<\/p>\n","protected":false},"author":2,"featured_media":117890,"comment_status":"open","ping_status":"closed","sticky":true,"template":"","format":"standard","meta":{"_uag_custom_page_level_css":"","site-sidebar-layout":"default","site-content-layout":"","ast-site-content-layout":"default","site-content-style":"default","site-sidebar-style":"default","ast-global-header-display":"","ast-banner-title-visibility":"","ast-main-header-display":"","ast-hfb-above-header-display":"","ast-hfb-below-header-display":"","ast-hfb-mobile-header-display":"","site-post-title":"","ast-breadcrumbs-content":"","ast-featured-img":"","footer-sml-layout":"","ast-disable-related-posts":"","theme-transparent-header-meta":"","adv-header-id-meta":"","stick-header-meta":"","header-above-stick-meta":"","header-main-stick-meta":"","header-below-stick-meta":"","astra-migrate-meta-layouts":"default","ast-page-background-enabled":"default","ast-page-background-meta":{"desktop":{"background-color":"var(--ast-global-color-4)","background-image":"","background-repeat":"repeat","background-position":"center center","background-size":"auto","background-attachment":"scroll","background-type":"","background-media":"","overlay-type":"","overlay-color":"","overlay-opacity":"","overlay-gradient":""},"tablet":{"background-color":"","background-image":"","background-repeat":"repeat","background-position":"center center","background-size":"auto","background-attachment":"scroll","background-type":"","background-media":"","overlay-type":"","overlay-color":"","overlay-opacity":"","overlay-gradient":""},"mobile":{"background-color":"","background-image":"","background-repeat":"repeat","background-position":"center center","background-size":"auto","background-attachment":"scroll","background-type":"","background-media":"","overlay-type":"","overlay-color":"","overlay-opacity":"","overlay-gradient":""}},"ast-content-background-meta":{"desktop":{"background-color":"var(--ast-global-color-5)","background-image":"","background-repeat":"repeat","background-position":"center center","background-size":"auto","background-attachment":"scroll","background-type":"","background-media":"","overlay-type":"","overlay-color":"","overlay-opacity":"","overlay-gradient":""},"tablet":{"background-color":"var(--ast-global-color-5)","background-image":"","background-repeat":"repeat","background-position":"center center","background-size":"auto","background-attachment":"scroll","background-type":"","background-media":"","overlay-type":"","overlay-color":"","overlay-opacity":"","overlay-gradient":""},"mobile":{"background-color":"var(--ast-global-color-5)","background-image":"","background-repeat":"repeat","background-position":"center center","background-size":"auto","background-attachment":"scroll","background-type":"","background-media":"","overlay-type":"","overlay-color":"","overlay-opacity":"","overlay-gradient":""}},"footnotes":""},"categories":[1],"tags":[],"class_list":["post-117889","post","type-post","status-publish","format-standard","has-post-thumbnail","hentry","category-ultimas"],"uagb_featured_image_src":{"full":["https:\/\/www.correspondentevianopolino.com.br\/site\/wp-content\/uploads\/2026\/04\/file_00000000116c720ebcf92f9c06fb9a03.jpg",1536,1024,false],"thumbnail":["https:\/\/www.correspondentevianopolino.com.br\/site\/wp-content\/uploads\/2026\/04\/file_00000000116c720ebcf92f9c06fb9a03-465x310.jpg",465,310,true],"medium":["https:\/\/www.correspondentevianopolino.com.br\/site\/wp-content\/uploads\/2026\/04\/file_00000000116c720ebcf92f9c06fb9a03-300x200.jpg",300,200,true],"medium_large":["https:\/\/www.correspondentevianopolino.com.br\/site\/wp-content\/uploads\/2026\/04\/file_00000000116c720ebcf92f9c06fb9a03-768x512.jpg",768,512,true],"large":["https:\/\/www.correspondentevianopolino.com.br\/site\/wp-content\/uploads\/2026\/04\/file_00000000116c720ebcf92f9c06fb9a03-1013x675.jpg",1013,675,true],"1536x1536":["https:\/\/www.correspondentevianopolino.com.br\/site\/wp-content\/uploads\/2026\/04\/file_00000000116c720ebcf92f9c06fb9a03.jpg",1536,1024,false],"2048x2048":["https:\/\/www.correspondentevianopolino.com.br\/site\/wp-content\/uploads\/2026\/04\/file_00000000116c720ebcf92f9c06fb9a03.jpg",1536,1024,false]},"uagb_author_info":{"display_name":"Ol\u00edvio Lemos","author_link":"https:\/\/www.correspondentevianopolino.com.br\/site\/author\/olivio\/"},"uagb_comment_info":13,"uagb_excerpt":"Faleceu ontem, dia 28\/04, em Bras\u00edlia, FLORITA DUARTE VITOR, m\u00e3e da Ex-Secret\u00e1ria de Sa\u00fade de Vian\u00f3polis, Juliana Vitor de Freitas. [&hellip;]","_links":{"self":[{"href":"https:\/\/www.correspondentevianopolino.com.br\/site\/wp-json\/wp\/v2\/posts\/117889","targetHints":{"allow":["GET"]}}],"collection":[{"href":"https:\/\/www.correspondentevianopolino.com.br\/site\/wp-json\/wp\/v2\/posts"}],"about":[{"href":"https:\/\/www.correspondentevianopolino.com.br\/site\/wp-json\/wp\/v2\/types\/post"}],"author":[{"embeddable":true,"href":"https:\/\/www.correspondentevianopolino.com.br\/site\/wp-json\/wp\/v2\/users\/2"}],"replies":[{"embeddable":true,"href":"https:\/\/www.correspondentevianopolino.com.br\/site\/wp-json\/wp\/v2\/comments?post=117889"}],"version-history":[{"count":0,"href":"https:\/\/www.correspondentevianopolino.com.br\/site\/wp-json\/wp\/v2\/posts\/117889\/revisions"}],"wp:featuredmedia":[{"embeddable":true,"href":"https:\/\/www.correspondentevianopolino.com.br\/site\/wp-json\/wp\/v2\/media\/117890"}],"wp:attachment":[{"href":"https:\/\/www.correspondentevianopolino.com.br\/site\/wp-json\/wp\/v2\/media?parent=117889"}],"wp:term":[{"taxonomy":"category","embeddable":true,"href":"https:\/\/www.correspondentevianopolino.com.br\/site\/wp-json\/wp\/v2\/categories?post=117889"},{"taxonomy":"post_tag","embeddable":true,"href":"https:\/\/www.correspondentevianopolino.com.br\/site\/wp-json\/wp\/v2\/tags?post=117889"}],"curies":[{"name":"wp","href":"https:\/\/api.w.org\/{rel}","templated":true}]}}