{"id":117910,"date":"2026-04-30T08:52:22","date_gmt":"2026-04-30T11:52:22","guid":{"rendered":"https:\/\/www.correspondentevianopolino.com.br\/site\/?p=117910"},"modified":"2026-04-30T10:18:05","modified_gmt":"2026-04-30T13:18:05","slug":"delegado-5","status":"publish","type":"post","link":"https:\/\/www.correspondentevianopolino.com.br\/site\/delegado-5\/","title":{"rendered":"DELEGADO DE VIAN\u00d3POLIS PRENDE HOMEM ACUSADO DE MATAR MULHER NA CACHOEIRA, MUNIC\u00cdPIO DE ORIZONA"},"content":{"rendered":"\n<figure class=\"wp-block-image size-large\"><img decoding=\"async\" width=\"546\" height=\"675\" src=\"https:\/\/www.correspondentevianopolino.com.br\/site\/wp-content\/uploads\/2026\/04\/1004848956-546x675.jpg\" alt=\"\" class=\"wp-image-117804\" srcset=\"https:\/\/www.correspondentevianopolino.com.br\/site\/wp-content\/uploads\/2026\/04\/1004848956-546x675.jpg 546w, https:\/\/www.correspondentevianopolino.com.br\/site\/wp-content\/uploads\/2026\/04\/1004848956-243x300.jpg 243w, https:\/\/www.correspondentevianopolino.com.br\/site\/wp-content\/uploads\/2026\/04\/1004848956-465x575.jpg 465w, https:\/\/www.correspondentevianopolino.com.br\/site\/wp-content\/uploads\/2026\/04\/1004848956-768x950.jpg 768w, https:\/\/www.correspondentevianopolino.com.br\/site\/wp-content\/uploads\/2026\/04\/1004848956.jpg 1080w\" sizes=\"(max-width: 546px) 100vw, 546px\" \/><\/figure>\n\n\n\n<p>O Delegado de Pol\u00edcia de Vian\u00f3polis, Kennet Andersson Carvalho, que tamb\u00e9m responde pelo munic\u00edpio de Orizona, informou \u00e0 nossa reportagem, h\u00e1 poucos instantes, que foi preso o investigado por matar uma mulher na regi\u00e3o da Cachoeira, zona rural de Orizona.<\/p>\n\n\n\n<p><br>A pris\u00e3o ocorreu na manh\u00e3 desta quinta-feira, ap\u00f3s dilig\u00eancias realizadas pela Pol\u00edcia Civil. <\/p>\n\n\n\n<p>O caso, que causou grande repercuss\u00e3o na regi\u00e3o, segue sendo apurado pelas autoridades.<\/p>\n\n\n\n<p><br>Nossa equipe est\u00e1 levantando mais informa\u00e7\u00f5es para trazer todos os detalhes aos nossos inter-leitores.<\/p>\n\n\n\n<p> Em breve, novas atualiza\u00e7\u00f5es sobre o caso.<\/p>\n\n\n\n<p>A v\u00edtima foi identificada como Valdineide Moreira Santos, m\u00e3e de tr\u00eas crian\u00e7as, moradora de Cachoeira.<\/p>\n\n\n\n<p><br>Ela foi assassinada ap\u00f3s uma poss\u00edvel emboscada, enquanto aguardava ajuda devido a um problema mec\u00e2nico na motocicleta.<\/p>\n\n\n\n<p><br>O corpo foi encontrado pr\u00f3ximo a um curral.<\/p>\n\n\n\n<p><br>O autor fugiu logo ap\u00f3s o crime.<\/p>\n\n\n\n<p><\/p>\n","protected":false},"excerpt":{"rendered":"<p>O Delegado de Pol\u00edcia de Vian\u00f3polis, Kennet Andersson Carvalho, que tamb\u00e9m responde pelo munic\u00edpio de Orizona, informou \u00e0 nossa reportagem, [&hellip;]<\/p>\n","protected":false},"author":2,"featured_media":117911,"comment_status":"open","ping_status":"closed","sticky":false,"template":"","format":"standard","meta":{"_uag_custom_page_level_css":"","site-sidebar-layout":"default","site-content-layout":"","ast-site-content-layout":"default","site-content-style":"default","site-sidebar-style":"default","ast-global-header-display":"","ast-banner-title-visibility":"","ast-main-header-display":"","ast-hfb-above-header-display":"","ast-hfb-below-header-display":"","ast-hfb-mobile-header-display":"","site-post-title":"","ast-breadcrumbs-content":"","ast-featured-img":"","footer-sml-layout":"","ast-disable-related-posts":"","theme-transparent-header-meta":"","adv-header-id-meta":"","stick-header-meta":"","header-above-stick-meta":"","header-main-stick-meta":"","header-below-stick-meta":"","astra-migrate-meta-layouts":"default","ast-page-background-enabled":"default","ast-page-background-meta":{"desktop":{"background-color":"var(--ast-global-color-4)","background-image":"","background-repeat":"repeat","background-position":"center center","background-size":"auto","background-attachment":"scroll","background-type":"","background-media":"","overlay-type":"","overlay-color":"","overlay-opacity":"","overlay-gradient":""},"tablet":{"background-color":"","background-image":"","background-repeat":"repeat","background-position":"center center","background-size":"auto","background-attachment":"scroll","background-type":"","background-media":"","overlay-type":"","overlay-color":"","overlay-opacity":"","overlay-gradient":""},"mobile":{"background-color":"","background-image":"","background-repeat":"repeat","background-position":"center center","background-size":"auto","background-attachment":"scroll","background-type":"","background-media":"","overlay-type":"","overlay-color":"","overlay-opacity":"","overlay-gradient":""}},"ast-content-background-meta":{"desktop":{"background-color":"var(--ast-global-color-5)","background-image":"","background-repeat":"repeat","background-position":"center center","background-size":"auto","background-attachment":"scroll","background-type":"","background-media":"","overlay-type":"","overlay-color":"","overlay-opacity":"","overlay-gradient":""},"tablet":{"background-color":"var(--ast-global-color-5)","background-image":"","background-repeat":"repeat","background-position":"center center","background-size":"auto","background-attachment":"scroll","background-type":"","background-media":"","overlay-type":"","overlay-color":"","overlay-opacity":"","overlay-gradient":""},"mobile":{"background-color":"var(--ast-global-color-5)","background-image":"","background-repeat":"repeat","background-position":"center center","background-size":"auto","background-attachment":"scroll","background-type":"","background-media":"","overlay-type":"","overlay-color":"","overlay-opacity":"","overlay-gradient":""}},"footnotes":""},"categories":[1],"tags":[],"class_list":["post-117910","post","type-post","status-publish","format-standard","has-post-thumbnail","hentry","category-ultimas"],"uagb_featured_image_src":{"full":["https:\/\/www.correspondentevianopolino.com.br\/site\/wp-content\/uploads\/2026\/04\/IMG-20260430-WA0008.jpg",946,650,false],"thumbnail":["https:\/\/www.correspondentevianopolino.com.br\/site\/wp-content\/uploads\/2026\/04\/IMG-20260430-WA0008-465x320.jpg",465,320,true],"medium":["https:\/\/www.correspondentevianopolino.com.br\/site\/wp-content\/uploads\/2026\/04\/IMG-20260430-WA0008-300x206.jpg",300,206,true],"medium_large":["https:\/\/www.correspondentevianopolino.com.br\/site\/wp-content\/uploads\/2026\/04\/IMG-20260430-WA0008-768x528.jpg",768,528,true],"large":["https:\/\/www.correspondentevianopolino.com.br\/site\/wp-content\/uploads\/2026\/04\/IMG-20260430-WA0008.jpg",946,650,false],"1536x1536":["https:\/\/www.correspondentevianopolino.com.br\/site\/wp-content\/uploads\/2026\/04\/IMG-20260430-WA0008.jpg",946,650,false],"2048x2048":["https:\/\/www.correspondentevianopolino.com.br\/site\/wp-content\/uploads\/2026\/04\/IMG-20260430-WA0008.jpg",946,650,false]},"uagb_author_info":{"display_name":"Ol\u00edvio Lemos","author_link":"https:\/\/www.correspondentevianopolino.com.br\/site\/author\/olivio\/"},"uagb_comment_info":1,"uagb_excerpt":"O Delegado de Pol\u00edcia de Vian\u00f3polis, Kennet Andersson Carvalho, que tamb\u00e9m responde pelo munic\u00edpio de Orizona, informou \u00e0 nossa reportagem, [&hellip;]","_links":{"self":[{"href":"https:\/\/www.correspondentevianopolino.com.br\/site\/wp-json\/wp\/v2\/posts\/117910","targetHints":{"allow":["GET"]}}],"collection":[{"href":"https:\/\/www.correspondentevianopolino.com.br\/site\/wp-json\/wp\/v2\/posts"}],"about":[{"href":"https:\/\/www.correspondentevianopolino.com.br\/site\/wp-json\/wp\/v2\/types\/post"}],"author":[{"embeddable":true,"href":"https:\/\/www.correspondentevianopolino.com.br\/site\/wp-json\/wp\/v2\/users\/2"}],"replies":[{"embeddable":true,"href":"https:\/\/www.correspondentevianopolino.com.br\/site\/wp-json\/wp\/v2\/comments?post=117910"}],"version-history":[{"count":0,"href":"https:\/\/www.correspondentevianopolino.com.br\/site\/wp-json\/wp\/v2\/posts\/117910\/revisions"}],"wp:featuredmedia":[{"embeddable":true,"href":"https:\/\/www.correspondentevianopolino.com.br\/site\/wp-json\/wp\/v2\/media\/117911"}],"wp:attachment":[{"href":"https:\/\/www.correspondentevianopolino.com.br\/site\/wp-json\/wp\/v2\/media?parent=117910"}],"wp:term":[{"taxonomy":"category","embeddable":true,"href":"https:\/\/www.correspondentevianopolino.com.br\/site\/wp-json\/wp\/v2\/categories?post=117910"},{"taxonomy":"post_tag","embeddable":true,"href":"https:\/\/www.correspondentevianopolino.com.br\/site\/wp-json\/wp\/v2\/tags?post=117910"}],"curies":[{"name":"wp","href":"https:\/\/api.w.org\/{rel}","templated":true}]}}