{"id":117952,"date":"2026-05-01T18:48:56","date_gmt":"2026-05-01T21:48:56","guid":{"rendered":"https:\/\/www.correspondentevianopolino.com.br\/site\/?p=117952"},"modified":"2026-05-01T19:19:08","modified_gmt":"2026-05-01T22:19:08","slug":"deputado-federal-rubens-otonipt-faz-entrega-de-caminhao-transportador-de-leite-a-coopervicooperativa-dos-produtores-rurais-de-vianopolis","status":"publish","type":"post","link":"https:\/\/www.correspondentevianopolino.com.br\/site\/deputado-federal-rubens-otonipt-faz-entrega-de-caminhao-transportador-de-leite-a-coopervicooperativa-dos-produtores-rurais-de-vianopolis\/","title":{"rendered":"DEPUTADO FEDERAL, RUBENS OTONI(PT) FAZ ENTREGA DE CAMINH\u00c3O TRANSPORTADOR DE LEITE \u00c0 COOPERVI&#8230;EMENDA FOI DESTINADA NA ADMINISTRA\u00c7\u00c3O ANTERIOR DA COOPERATIVA"},"content":{"rendered":"\n<figure class=\"wp-block-image size-large\"><img decoding=\"async\" width=\"546\" height=\"675\" src=\"https:\/\/www.correspondentevianopolino.com.br\/site\/wp-content\/uploads\/2026\/04\/1004848956-546x675.jpg\" alt=\"\" class=\"wp-image-117804\" srcset=\"https:\/\/www.correspondentevianopolino.com.br\/site\/wp-content\/uploads\/2026\/04\/1004848956-546x675.jpg 546w, https:\/\/www.correspondentevianopolino.com.br\/site\/wp-content\/uploads\/2026\/04\/1004848956-243x300.jpg 243w, https:\/\/www.correspondentevianopolino.com.br\/site\/wp-content\/uploads\/2026\/04\/1004848956-465x575.jpg 465w, https:\/\/www.correspondentevianopolino.com.br\/site\/wp-content\/uploads\/2026\/04\/1004848956-768x950.jpg 768w, https:\/\/www.correspondentevianopolino.com.br\/site\/wp-content\/uploads\/2026\/04\/1004848956.jpg 1080w\" sizes=\"(max-width: 546px) 100vw, 546px\" \/><\/figure>\n\n\n\n<p>Com a presen\u00e7a do Deputado Federal pelo PT, Rubens Otoni; do Prefeito Marcelo Rezende; do Vereador Maximiliano Lisboa(Marquim); do Vice-Prefeito, Cleydson Mascarenhas e de diversas outras autoridades, foi entregue na data de hoje, 01\/05, \u00e0 COOPERVI(Cooperativa dos Produtores Rurais de Vian\u00f3polis), um caminh\u00e3o transportador de leite.<\/p>\n\n\n\n<p>Recursos para aquisi\u00e7\u00e3o do ve\u00edculo foram destinados pelo Deputado Rubens Otoni, atrav\u00e9s de emenda parlamentar, a pedido do Vereador Maximiliano Lisboa(Marquim), ainda na administra\u00e7\u00e3o do Ex-Presidente da COOPERVI, Fl\u00e1vio Silva J\u00fanior.<\/p>\n\n\n\n<p>Segundo o Vereador Maximiliano Lisboa(Marquim), o caminh\u00e3o \u00e9 uma ferramenta importante e que ajudar\u00e1 muito a cooperativa e, consequentemente, os seus cooperados.<\/p>\n\n\n\n<figure class=\"wp-block-image size-large\"><img decoding=\"async\" width=\"506\" height=\"675\" src=\"https:\/\/www.correspondentevianopolino.com.br\/site\/wp-content\/uploads\/2026\/05\/1004896464-506x675.jpg\" alt=\"\" class=\"wp-image-117959\" srcset=\"https:\/\/www.correspondentevianopolino.com.br\/site\/wp-content\/uploads\/2026\/05\/1004896464-506x675.jpg 506w, https:\/\/www.correspondentevianopolino.com.br\/site\/wp-content\/uploads\/2026\/05\/1004896464-225x300.jpg 225w, https:\/\/www.correspondentevianopolino.com.br\/site\/wp-content\/uploads\/2026\/05\/1004896464-465x620.jpg 465w, https:\/\/www.correspondentevianopolino.com.br\/site\/wp-content\/uploads\/2026\/05\/1004896464-768x1024.jpg 768w, https:\/\/www.correspondentevianopolino.com.br\/site\/wp-content\/uploads\/2026\/05\/1004896464-1152x1536.jpg 1152w, https:\/\/www.correspondentevianopolino.com.br\/site\/wp-content\/uploads\/2026\/05\/1004896464.jpg 1440w\" sizes=\"(max-width: 506px) 100vw, 506px\" \/><\/figure>\n\n\n\n<figure class=\"wp-block-image size-large\"><img decoding=\"async\" width=\"506\" height=\"675\" src=\"https:\/\/www.correspondentevianopolino.com.br\/site\/wp-content\/uploads\/2026\/05\/1004896456-506x675.jpg\" alt=\"\" class=\"wp-image-117960\" srcset=\"https:\/\/www.correspondentevianopolino.com.br\/site\/wp-content\/uploads\/2026\/05\/1004896456-506x675.jpg 506w, https:\/\/www.correspondentevianopolino.com.br\/site\/wp-content\/uploads\/2026\/05\/1004896456-225x300.jpg 225w, https:\/\/www.correspondentevianopolino.com.br\/site\/wp-content\/uploads\/2026\/05\/1004896456-465x620.jpg 465w, https:\/\/www.correspondentevianopolino.com.br\/site\/wp-content\/uploads\/2026\/05\/1004896456-768x1024.jpg 768w, https:\/\/www.correspondentevianopolino.com.br\/site\/wp-content\/uploads\/2026\/05\/1004896456-1152x1536.jpg 1152w, https:\/\/www.correspondentevianopolino.com.br\/site\/wp-content\/uploads\/2026\/05\/1004896456.jpg 1440w\" sizes=\"(max-width: 506px) 100vw, 506px\" \/><\/figure>\n\n\n\n<figure class=\"wp-block-image size-large\"><img decoding=\"async\" width=\"900\" height=\"675\" src=\"https:\/\/www.correspondentevianopolino.com.br\/site\/wp-content\/uploads\/2026\/05\/1004896444-900x675.jpg\" alt=\"\" class=\"wp-image-117962\" srcset=\"https:\/\/www.correspondentevianopolino.com.br\/site\/wp-content\/uploads\/2026\/05\/1004896444-900x675.jpg 900w, https:\/\/www.correspondentevianopolino.com.br\/site\/wp-content\/uploads\/2026\/05\/1004896444-300x225.jpg 300w, https:\/\/www.correspondentevianopolino.com.br\/site\/wp-content\/uploads\/2026\/05\/1004896444-465x349.jpg 465w, https:\/\/www.correspondentevianopolino.com.br\/site\/wp-content\/uploads\/2026\/05\/1004896444-768x576.jpg 768w, https:\/\/www.correspondentevianopolino.com.br\/site\/wp-content\/uploads\/2026\/05\/1004896444-1536x1152.jpg 1536w, https:\/\/www.correspondentevianopolino.com.br\/site\/wp-content\/uploads\/2026\/05\/1004896444.jpg 1920w\" sizes=\"(max-width: 900px) 100vw, 900px\" \/><\/figure>\n","protected":false},"excerpt":{"rendered":"<p>Com a presen\u00e7a do Deputado Federal pelo PT, Rubens Otoni; do Prefeito Marcelo Rezende; do Vereador Maximiliano Lisboa(Marquim); do Vice-Prefeito, [&hellip;]<\/p>\n","protected":false},"author":2,"featured_media":117958,"comment_status":"open","ping_status":"closed","sticky":false,"template":"","format":"standard","meta":{"_uag_custom_page_level_css":"","site-sidebar-layout":"default","site-content-layout":"","ast-site-content-layout":"default","site-content-style":"default","site-sidebar-style":"default","ast-global-header-display":"","ast-banner-title-visibility":"","ast-main-header-display":"","ast-hfb-above-header-display":"","ast-hfb-below-header-display":"","ast-hfb-mobile-header-display":"","site-post-title":"","ast-breadcrumbs-content":"","ast-featured-img":"","footer-sml-layout":"","ast-disable-related-posts":"","theme-transparent-header-meta":"","adv-header-id-meta":"","stick-header-meta":"","header-above-stick-meta":"","header-main-stick-meta":"","header-below-stick-meta":"","astra-migrate-meta-layouts":"default","ast-page-background-enabled":"default","ast-page-background-meta":{"desktop":{"background-color":"var(--ast-global-color-4)","background-image":"","background-repeat":"repeat","background-position":"center center","background-size":"auto","background-attachment":"scroll","background-type":"","background-media":"","overlay-type":"","overlay-color":"","overlay-opacity":"","overlay-gradient":""},"tablet":{"background-color":"","background-image":"","background-repeat":"repeat","background-position":"center center","background-size":"auto","background-attachment":"scroll","background-type":"","background-media":"","overlay-type":"","overlay-color":"","overlay-opacity":"","overlay-gradient":""},"mobile":{"background-color":"","background-image":"","background-repeat":"repeat","background-position":"center center","background-size":"auto","background-attachment":"scroll","background-type":"","background-media":"","overlay-type":"","overlay-color":"","overlay-opacity":"","overlay-gradient":""}},"ast-content-background-meta":{"desktop":{"background-color":"var(--ast-global-color-5)","background-image":"","background-repeat":"repeat","background-position":"center center","background-size":"auto","background-attachment":"scroll","background-type":"","background-media":"","overlay-type":"","overlay-color":"","overlay-opacity":"","overlay-gradient":""},"tablet":{"background-color":"var(--ast-global-color-5)","background-image":"","background-repeat":"repeat","background-position":"center center","background-size":"auto","background-attachment":"scroll","background-type":"","background-media":"","overlay-type":"","overlay-color":"","overlay-opacity":"","overlay-gradient":""},"mobile":{"background-color":"var(--ast-global-color-5)","background-image":"","background-repeat":"repeat","background-position":"center center","background-size":"auto","background-attachment":"scroll","background-type":"","background-media":"","overlay-type":"","overlay-color":"","overlay-opacity":"","overlay-gradient":""}},"footnotes":""},"categories":[1],"tags":[],"class_list":["post-117952","post","type-post","status-publish","format-standard","has-post-thumbnail","hentry","category-ultimas"],"uagb_featured_image_src":{"full":["https:\/\/www.correspondentevianopolino.com.br\/site\/wp-content\/uploads\/2026\/05\/Screenshot_20260501_190402_WhatsApp.jpg",774,1101,false],"thumbnail":["https:\/\/www.correspondentevianopolino.com.br\/site\/wp-content\/uploads\/2026\/05\/Screenshot_20260501_190402_WhatsApp-465x661.jpg",465,661,true],"medium":["https:\/\/www.correspondentevianopolino.com.br\/site\/wp-content\/uploads\/2026\/05\/Screenshot_20260501_190402_WhatsApp-211x300.jpg",211,300,true],"medium_large":["https:\/\/www.correspondentevianopolino.com.br\/site\/wp-content\/uploads\/2026\/05\/Screenshot_20260501_190402_WhatsApp-768x1092.jpg",768,1092,true],"large":["https:\/\/www.correspondentevianopolino.com.br\/site\/wp-content\/uploads\/2026\/05\/Screenshot_20260501_190402_WhatsApp-475x675.jpg",475,675,true],"1536x1536":["https:\/\/www.correspondentevianopolino.com.br\/site\/wp-content\/uploads\/2026\/05\/Screenshot_20260501_190402_WhatsApp.jpg",774,1101,false],"2048x2048":["https:\/\/www.correspondentevianopolino.com.br\/site\/wp-content\/uploads\/2026\/05\/Screenshot_20260501_190402_WhatsApp.jpg",774,1101,false]},"uagb_author_info":{"display_name":"Ol\u00edvio Lemos","author_link":"https:\/\/www.correspondentevianopolino.com.br\/site\/author\/olivio\/"},"uagb_comment_info":6,"uagb_excerpt":"Com a presen\u00e7a do Deputado Federal pelo PT, Rubens Otoni; do Prefeito Marcelo Rezende; do Vereador Maximiliano Lisboa(Marquim); do Vice-Prefeito, [&hellip;]","_links":{"self":[{"href":"https:\/\/www.correspondentevianopolino.com.br\/site\/wp-json\/wp\/v2\/posts\/117952","targetHints":{"allow":["GET"]}}],"collection":[{"href":"https:\/\/www.correspondentevianopolino.com.br\/site\/wp-json\/wp\/v2\/posts"}],"about":[{"href":"https:\/\/www.correspondentevianopolino.com.br\/site\/wp-json\/wp\/v2\/types\/post"}],"author":[{"embeddable":true,"href":"https:\/\/www.correspondentevianopolino.com.br\/site\/wp-json\/wp\/v2\/users\/2"}],"replies":[{"embeddable":true,"href":"https:\/\/www.correspondentevianopolino.com.br\/site\/wp-json\/wp\/v2\/comments?post=117952"}],"version-history":[{"count":0,"href":"https:\/\/www.correspondentevianopolino.com.br\/site\/wp-json\/wp\/v2\/posts\/117952\/revisions"}],"wp:featuredmedia":[{"embeddable":true,"href":"https:\/\/www.correspondentevianopolino.com.br\/site\/wp-json\/wp\/v2\/media\/117958"}],"wp:attachment":[{"href":"https:\/\/www.correspondentevianopolino.com.br\/site\/wp-json\/wp\/v2\/media?parent=117952"}],"wp:term":[{"taxonomy":"category","embeddable":true,"href":"https:\/\/www.correspondentevianopolino.com.br\/site\/wp-json\/wp\/v2\/categories?post=117952"},{"taxonomy":"post_tag","embeddable":true,"href":"https:\/\/www.correspondentevianopolino.com.br\/site\/wp-json\/wp\/v2\/tags?post=117952"}],"curies":[{"name":"wp","href":"https:\/\/api.w.org\/{rel}","templated":true}]}}