{"id":11870,"date":"2016-06-06T11:59:18","date_gmt":"2016-06-06T14:59:18","guid":{"rendered":"http:\/\/www.correspondentevianopolino.com.br\/?p=11870"},"modified":"2016-06-07T23:40:41","modified_gmt":"2016-06-08T02:40:41","slug":"programa-comercio-seguro-sera-instalado-na-proxima-quinta-feira-09","status":"publish","type":"post","link":"https:\/\/www.correspondentevianopolino.com.br\/site\/programa-comercio-seguro-sera-instalado-na-proxima-quinta-feira-09\/","title":{"rendered":"Programa Com\u00e9rcio Seguro ser\u00e1 instalado na pr\u00f3xima quinta-feira, 09"},"content":{"rendered":"<p>A presidente do Conselho Comunit\u00e1rio de Seguran\u00e7a e Defesa Social, Dirce Alves, informou \u00e0 nossa reportagem que a instala\u00e7\u00e3o do Programa Com\u00e9rcio Seguro acontecer\u00e1 \u00e0s 10h da pr\u00f3xima quinta-feira, 09, nas depend\u00eancias da C\u00e2mara Municipal.<\/p>\n<p>A Pol\u00edcia Militar, atrav\u00e9s do WhatsApp, criou um grupo, onde os comerciantes participantes v\u00e3o ajudar a PM a combater a criminalidade, uma vez que ter\u00e3o um canal para denunciar a\u00e7\u00f5es criminosas.<\/p>\n<p>A instala\u00e7\u00e3o do programa conta com o apoio da Prefeitura de Vian\u00f3polis, Poder Judici\u00e1rio e comerciantes locais.<\/p>\n<p>Os comerciantes que ainda n\u00e3o aderiram ao programa podem fazer sua ades\u00e3o entrando em contato com Dirce Alves, presidente do Conselho Comunit\u00e1rio de Seguran\u00e7a e Defesa Social.<\/p>\n<p>Cada comerciante que aderir ao programa receber\u00e1 uma placa do Programa Com\u00e9rcio Seguro, que dever\u00e1 ser afixada em seu estabelecimento comercial. O conselho tamb\u00e9m afixar\u00e1, nas entradas de Vian\u00f3polis, placas indicando que a cidade conta com esse programa.<\/p>\n<p>O n\u00famero do celular do Programa Com\u00e9rcio Seguro \u00e9 este:<strong> 9 9668-0038.<\/strong><\/p>\n","protected":false},"excerpt":{"rendered":"<p>A presidente do Conselho Comunit\u00e1rio de Seguran\u00e7a e Defesa Social, Dirce Alves, informou \u00e0 nossa reportagem que a instala\u00e7\u00e3o do [&hellip;]<\/p>\n","protected":false},"author":2,"featured_media":11871,"comment_status":"open","ping_status":"closed","sticky":false,"template":"","format":"standard","meta":{"_uag_custom_page_level_css":"","site-sidebar-layout":"default","site-content-layout":"","ast-site-content-layout":"default","site-content-style":"default","site-sidebar-style":"default","ast-global-header-display":"","ast-banner-title-visibility":"","ast-main-header-display":"","ast-hfb-above-header-display":"","ast-hfb-below-header-display":"","ast-hfb-mobile-header-display":"","site-post-title":"","ast-breadcrumbs-content":"","ast-featured-img":"","footer-sml-layout":"","ast-disable-related-posts":"","theme-transparent-header-meta":"","adv-header-id-meta":"","stick-header-meta":"","header-above-stick-meta":"","header-main-stick-meta":"","header-below-stick-meta":"","astra-migrate-meta-layouts":"default","ast-page-background-enabled":"default","ast-page-background-meta":{"desktop":{"background-color":"var(--ast-global-color-4)","background-image":"","background-repeat":"repeat","background-position":"center center","background-size":"auto","background-attachment":"scroll","background-type":"","background-media":"","overlay-type":"","overlay-color":"","overlay-opacity":"","overlay-gradient":""},"tablet":{"background-color":"","background-image":"","background-repeat":"repeat","background-position":"center center","background-size":"auto","background-attachment":"scroll","background-type":"","background-media":"","overlay-type":"","overlay-color":"","overlay-opacity":"","overlay-gradient":""},"mobile":{"background-color":"","background-image":"","background-repeat":"repeat","background-position":"center center","background-size":"auto","background-attachment":"scroll","background-type":"","background-media":"","overlay-type":"","overlay-color":"","overlay-opacity":"","overlay-gradient":""}},"ast-content-background-meta":{"desktop":{"background-color":"var(--ast-global-color-5)","background-image":"","background-repeat":"repeat","background-position":"center center","background-size":"auto","background-attachment":"scroll","background-type":"","background-media":"","overlay-type":"","overlay-color":"","overlay-opacity":"","overlay-gradient":""},"tablet":{"background-color":"var(--ast-global-color-5)","background-image":"","background-repeat":"repeat","background-position":"center center","background-size":"auto","background-attachment":"scroll","background-type":"","background-media":"","overlay-type":"","overlay-color":"","overlay-opacity":"","overlay-gradient":""},"mobile":{"background-color":"var(--ast-global-color-5)","background-image":"","background-repeat":"repeat","background-position":"center center","background-size":"auto","background-attachment":"scroll","background-type":"","background-media":"","overlay-type":"","overlay-color":"","overlay-opacity":"","overlay-gradient":""}},"footnotes":""},"categories":[],"tags":[],"class_list":["post-11870","post","type-post","status-publish","format-standard","has-post-thumbnail","hentry"],"uagb_featured_image_src":{"full":["https:\/\/www.correspondentevianopolino.com.br\/site\/wp-content\/uploads\/2016\/06\/IMG-20160606-WA0000.jpg",338,336,false],"thumbnail":["https:\/\/www.correspondentevianopolino.com.br\/site\/wp-content\/uploads\/2016\/06\/IMG-20160606-WA0000-150x150.jpg",150,150,true],"medium":["https:\/\/www.correspondentevianopolino.com.br\/site\/wp-content\/uploads\/2016\/06\/IMG-20160606-WA0000-300x298.jpg",300,298,true],"medium_large":["https:\/\/www.correspondentevianopolino.com.br\/site\/wp-content\/uploads\/2016\/06\/IMG-20160606-WA0000.jpg",338,336,false],"large":["https:\/\/www.correspondentevianopolino.com.br\/site\/wp-content\/uploads\/2016\/06\/IMG-20160606-WA0000.jpg",338,336,false],"1536x1536":["https:\/\/www.correspondentevianopolino.com.br\/site\/wp-content\/uploads\/2016\/06\/IMG-20160606-WA0000.jpg",338,336,false],"2048x2048":["https:\/\/www.correspondentevianopolino.com.br\/site\/wp-content\/uploads\/2016\/06\/IMG-20160606-WA0000.jpg",338,336,false]},"uagb_author_info":{"display_name":"Ol\u00edvio Lemos","author_link":"https:\/\/www.correspondentevianopolino.com.br\/site\/author\/olivio\/"},"uagb_comment_info":2,"uagb_excerpt":"A presidente do Conselho Comunit\u00e1rio de Seguran\u00e7a e Defesa Social, Dirce Alves, informou \u00e0 nossa reportagem que a instala\u00e7\u00e3o do [&hellip;]","_links":{"self":[{"href":"https:\/\/www.correspondentevianopolino.com.br\/site\/wp-json\/wp\/v2\/posts\/11870","targetHints":{"allow":["GET"]}}],"collection":[{"href":"https:\/\/www.correspondentevianopolino.com.br\/site\/wp-json\/wp\/v2\/posts"}],"about":[{"href":"https:\/\/www.correspondentevianopolino.com.br\/site\/wp-json\/wp\/v2\/types\/post"}],"author":[{"embeddable":true,"href":"https:\/\/www.correspondentevianopolino.com.br\/site\/wp-json\/wp\/v2\/users\/2"}],"replies":[{"embeddable":true,"href":"https:\/\/www.correspondentevianopolino.com.br\/site\/wp-json\/wp\/v2\/comments?post=11870"}],"version-history":[{"count":0,"href":"https:\/\/www.correspondentevianopolino.com.br\/site\/wp-json\/wp\/v2\/posts\/11870\/revisions"}],"wp:featuredmedia":[{"embeddable":true,"href":"https:\/\/www.correspondentevianopolino.com.br\/site\/wp-json\/wp\/v2\/media\/11871"}],"wp:attachment":[{"href":"https:\/\/www.correspondentevianopolino.com.br\/site\/wp-json\/wp\/v2\/media?parent=11870"}],"wp:term":[{"taxonomy":"category","embeddable":true,"href":"https:\/\/www.correspondentevianopolino.com.br\/site\/wp-json\/wp\/v2\/categories?post=11870"},{"taxonomy":"post_tag","embeddable":true,"href":"https:\/\/www.correspondentevianopolino.com.br\/site\/wp-json\/wp\/v2\/tags?post=11870"}],"curies":[{"name":"wp","href":"https:\/\/api.w.org\/{rel}","templated":true}]}}