{"id":11947,"date":"2016-06-08T20:23:17","date_gmt":"2016-06-08T23:23:17","guid":{"rendered":"http:\/\/www.correspondentevianopolino.com.br\/?p=11947"},"modified":"2016-06-09T12:30:21","modified_gmt":"2016-06-09T15:30:21","slug":"comandante-geral-da-pm-de-goias-visitara-vianopolis-amanha-e-se-reunira-com-o-prefeito-vianopolino","status":"publish","type":"post","link":"https:\/\/www.correspondentevianopolino.com.br\/site\/comandante-geral-da-pm-de-goias-visitara-vianopolis-amanha-e-se-reunira-com-o-prefeito-vianopolino\/","title":{"rendered":"Comandante Geral da PM de Goi\u00e1s visitar\u00e1 Vian\u00f3polis amanh\u00e3 e se reunir\u00e1 com o prefeito vianopolino"},"content":{"rendered":"<p>Depois de se reunir hoje em Goi\u00e2nia, 08, com o Secret\u00e1rio de Seguran\u00e7a P\u00fablica do Estado de Goi\u00e1s, Jos\u00e9 Eliton, com o Comandante Geral da PM de Goi\u00e1s e com o Delegado Geral da Pol\u00edcia Civil do Estado, o prefeito Issy Quinan J\u00fanior receber\u00e1 em seu gabinete, na tarde de amanh\u00e3, 09, a visita do Coronel Divino Alves de Oliveira, Comandante Geral da Pol\u00edcia Militar do Estado de Goi\u00e1s.<br \/>\nO prefeito vianopolino fez uma exposi\u00e7\u00e3o dos problemas de seguran\u00e7a p\u00fablica enfrentados pelos moradores de Vian\u00f3polis. Ele esclareceu que tem aumentado em nossa cidade, de forma consider\u00e1vel, os casos de roubos, furtos e ataques a ag\u00eancias banc\u00e1rias.<br \/>\nNo encontro de amanh\u00e3, o prefeito Issy Quinan J\u00fanior vai reivindicar, junto ao Alto Comando da PM, aumento do efetivo do 2\u00ba Pelot\u00e3o, al\u00e9m de outras medidas que contribuam para a redu\u00e7\u00e3o das a\u00e7\u00f5es criminosas em Vian\u00f3polis.<br \/>\nO hor\u00e1rio do encontro do Prefeito Issy Quinan J\u00fanior com o Comandante Geral da PM, Coronel Divino Alves de Oliveira, n\u00e3o foi informado. Sabe-se que acontecer\u00e1 no per\u00edodo da tarde de amanh\u00e3.<\/p>\n","protected":false},"excerpt":{"rendered":"<p>Depois de se reunir hoje em Goi\u00e2nia, 08, com o Secret\u00e1rio de Seguran\u00e7a P\u00fablica do Estado de Goi\u00e1s, Jos\u00e9 Eliton, [&hellip;]<\/p>\n","protected":false},"author":2,"featured_media":11948,"comment_status":"open","ping_status":"closed","sticky":false,"template":"","format":"standard","meta":{"_uag_custom_page_level_css":"","site-sidebar-layout":"default","site-content-layout":"","ast-site-content-layout":"default","site-content-style":"default","site-sidebar-style":"default","ast-global-header-display":"","ast-banner-title-visibility":"","ast-main-header-display":"","ast-hfb-above-header-display":"","ast-hfb-below-header-display":"","ast-hfb-mobile-header-display":"","site-post-title":"","ast-breadcrumbs-content":"","ast-featured-img":"","footer-sml-layout":"","ast-disable-related-posts":"","theme-transparent-header-meta":"","adv-header-id-meta":"","stick-header-meta":"","header-above-stick-meta":"","header-main-stick-meta":"","header-below-stick-meta":"","astra-migrate-meta-layouts":"default","ast-page-background-enabled":"default","ast-page-background-meta":{"desktop":{"background-color":"var(--ast-global-color-4)","background-image":"","background-repeat":"repeat","background-position":"center center","background-size":"auto","background-attachment":"scroll","background-type":"","background-media":"","overlay-type":"","overlay-color":"","overlay-opacity":"","overlay-gradient":""},"tablet":{"background-color":"","background-image":"","background-repeat":"repeat","background-position":"center center","background-size":"auto","background-attachment":"scroll","background-type":"","background-media":"","overlay-type":"","overlay-color":"","overlay-opacity":"","overlay-gradient":""},"mobile":{"background-color":"","background-image":"","background-repeat":"repeat","background-position":"center center","background-size":"auto","background-attachment":"scroll","background-type":"","background-media":"","overlay-type":"","overlay-color":"","overlay-opacity":"","overlay-gradient":""}},"ast-content-background-meta":{"desktop":{"background-color":"var(--ast-global-color-5)","background-image":"","background-repeat":"repeat","background-position":"center center","background-size":"auto","background-attachment":"scroll","background-type":"","background-media":"","overlay-type":"","overlay-color":"","overlay-opacity":"","overlay-gradient":""},"tablet":{"background-color":"var(--ast-global-color-5)","background-image":"","background-repeat":"repeat","background-position":"center center","background-size":"auto","background-attachment":"scroll","background-type":"","background-media":"","overlay-type":"","overlay-color":"","overlay-opacity":"","overlay-gradient":""},"mobile":{"background-color":"var(--ast-global-color-5)","background-image":"","background-repeat":"repeat","background-position":"center center","background-size":"auto","background-attachment":"scroll","background-type":"","background-media":"","overlay-type":"","overlay-color":"","overlay-opacity":"","overlay-gradient":""}},"footnotes":""},"categories":[],"tags":[],"class_list":["post-11947","post","type-post","status-publish","format-standard","has-post-thumbnail","hentry"],"uagb_featured_image_src":{"full":["https:\/\/www.correspondentevianopolino.com.br\/site\/wp-content\/uploads\/2016\/06\/divinoalves.jpg",448,322,false],"thumbnail":["https:\/\/www.correspondentevianopolino.com.br\/site\/wp-content\/uploads\/2016\/06\/divinoalves-150x150.jpg",150,150,true],"medium":["https:\/\/www.correspondentevianopolino.com.br\/site\/wp-content\/uploads\/2016\/06\/divinoalves-300x216.jpg",300,216,true],"medium_large":["https:\/\/www.correspondentevianopolino.com.br\/site\/wp-content\/uploads\/2016\/06\/divinoalves.jpg",448,322,false],"large":["https:\/\/www.correspondentevianopolino.com.br\/site\/wp-content\/uploads\/2016\/06\/divinoalves.jpg",448,322,false],"1536x1536":["https:\/\/www.correspondentevianopolino.com.br\/site\/wp-content\/uploads\/2016\/06\/divinoalves.jpg",448,322,false],"2048x2048":["https:\/\/www.correspondentevianopolino.com.br\/site\/wp-content\/uploads\/2016\/06\/divinoalves.jpg",448,322,false]},"uagb_author_info":{"display_name":"Ol\u00edvio Lemos","author_link":"https:\/\/www.correspondentevianopolino.com.br\/site\/author\/olivio\/"},"uagb_comment_info":0,"uagb_excerpt":"Depois de se reunir hoje em Goi\u00e2nia, 08, com o Secret\u00e1rio de Seguran\u00e7a P\u00fablica do Estado de Goi\u00e1s, Jos\u00e9 Eliton, [&hellip;]","_links":{"self":[{"href":"https:\/\/www.correspondentevianopolino.com.br\/site\/wp-json\/wp\/v2\/posts\/11947","targetHints":{"allow":["GET"]}}],"collection":[{"href":"https:\/\/www.correspondentevianopolino.com.br\/site\/wp-json\/wp\/v2\/posts"}],"about":[{"href":"https:\/\/www.correspondentevianopolino.com.br\/site\/wp-json\/wp\/v2\/types\/post"}],"author":[{"embeddable":true,"href":"https:\/\/www.correspondentevianopolino.com.br\/site\/wp-json\/wp\/v2\/users\/2"}],"replies":[{"embeddable":true,"href":"https:\/\/www.correspondentevianopolino.com.br\/site\/wp-json\/wp\/v2\/comments?post=11947"}],"version-history":[{"count":0,"href":"https:\/\/www.correspondentevianopolino.com.br\/site\/wp-json\/wp\/v2\/posts\/11947\/revisions"}],"wp:featuredmedia":[{"embeddable":true,"href":"https:\/\/www.correspondentevianopolino.com.br\/site\/wp-json\/wp\/v2\/media\/11948"}],"wp:attachment":[{"href":"https:\/\/www.correspondentevianopolino.com.br\/site\/wp-json\/wp\/v2\/media?parent=11947"}],"wp:term":[{"taxonomy":"category","embeddable":true,"href":"https:\/\/www.correspondentevianopolino.com.br\/site\/wp-json\/wp\/v2\/categories?post=11947"},{"taxonomy":"post_tag","embeddable":true,"href":"https:\/\/www.correspondentevianopolino.com.br\/site\/wp-json\/wp\/v2\/tags?post=11947"}],"curies":[{"name":"wp","href":"https:\/\/api.w.org\/{rel}","templated":true}]}}