{"id":11973,"date":"2016-06-09T23:38:56","date_gmt":"2016-06-10T02:38:56","guid":{"rendered":"http:\/\/www.correspondentevianopolino.com.br\/?p=11973"},"modified":"2016-06-11T20:49:13","modified_gmt":"2016-06-11T23:49:13","slug":"comandante-geral-da-pm-de-goias-anuncia-acoes-de-combate-a-criminalidade-em-vianopolis","status":"publish","type":"post","link":"https:\/\/www.correspondentevianopolino.com.br\/site\/comandante-geral-da-pm-de-goias-anuncia-acoes-de-combate-a-criminalidade-em-vianopolis\/","title":{"rendered":"Comandante Geral da PM de Goi\u00e1s anuncia a\u00e7\u00f5es de combate \u00e0 criminalidade em Vian\u00f3polis"},"content":{"rendered":"<p>O Comandante Geral da Pol\u00edcia Militar do Estado de Goi\u00e1s, Coronel Divino Alves de Oliveira, participou na tarde desta quinta-feira, 09, de audi\u00eancia p\u00fablica em Vian\u00f3polis, que contou com a presen\u00e7a de autoridades e moradores de nossa cidade.<\/p>\n<p>A audi\u00eancia foi aberta pelo Prefeito Issy Quinan J\u00fanior, que relatou a preocupa\u00e7\u00e3o dos vianopolinos com o grande n\u00famero de roubos, furtos e ataques a ag\u00eancias banc\u00e1rias.<\/p>\n<p>Em sua fala, Issy Quinan J\u00fanior relatou que tem reivindicado junto \u00e0 Secretaria de Seguran\u00e7a P\u00fablica medidas que reduzam drasticamente as ocorr\u00eancias policiais em nossa cidade. O prefeito vianopolino apresentou uma s\u00e9rie de reivindica\u00e7\u00f5es ao Coronel Divino Alves de Oliveira.<\/p>\n<p>Em seu pronunciamento aos presentes, o Comandante Geral da Pol\u00edcia Militar do Estado de Goi\u00e1s falou do que tem sido feito para diminuir os \u00edndices de criminalidade em todo o Estado. Ele relatou que a crise econ\u00f4mica pela qual o pa\u00eds passa \u00e9 um fator de aumento da criminalidade.<\/p>\n<p>O Coronel Divino Alves foi categ\u00f3rico em afirmar que n\u00e3o existe possibilidade de aumentar o efetivo do 2\u00ba Pelot\u00e3o de Vian\u00f3polis. No entanto, comprometeu-se a liberar recursos para o pagamento de horas extras aos policiais aqui destacados, a enviar com mais frequ\u00eancia equipes do GPT para realizar a\u00e7\u00f5es policiais em nossa cidade, e prometeu tamb\u00e9m colocar homens do servi\u00e7o de intelig\u00eancia da PM para atuarem em Vian\u00f3polis.<\/p>\n<p>Por fim, o Coronel pediu a colabora\u00e7\u00e3o da popula\u00e7\u00e3o no sentido de colaborar e ajudar a PM a combater a criminalidade em nossa cidade.<\/p>\n","protected":false},"excerpt":{"rendered":"<p>O Comandante Geral da Pol\u00edcia Militar do Estado de Goi\u00e1s, Coronel Divino Alves de Oliveira, participou na tarde desta quinta-feira, [&hellip;]<\/p>\n","protected":false},"author":2,"featured_media":11979,"comment_status":"open","ping_status":"closed","sticky":false,"template":"","format":"standard","meta":{"_uag_custom_page_level_css":"","site-sidebar-layout":"default","site-content-layout":"","ast-site-content-layout":"default","site-content-style":"default","site-sidebar-style":"default","ast-global-header-display":"","ast-banner-title-visibility":"","ast-main-header-display":"","ast-hfb-above-header-display":"","ast-hfb-below-header-display":"","ast-hfb-mobile-header-display":"","site-post-title":"","ast-breadcrumbs-content":"","ast-featured-img":"","footer-sml-layout":"","ast-disable-related-posts":"","theme-transparent-header-meta":"","adv-header-id-meta":"","stick-header-meta":"","header-above-stick-meta":"","header-main-stick-meta":"","header-below-stick-meta":"","astra-migrate-meta-layouts":"default","ast-page-background-enabled":"default","ast-page-background-meta":{"desktop":{"background-color":"var(--ast-global-color-4)","background-image":"","background-repeat":"repeat","background-position":"center center","background-size":"auto","background-attachment":"scroll","background-type":"","background-media":"","overlay-type":"","overlay-color":"","overlay-opacity":"","overlay-gradient":""},"tablet":{"background-color":"","background-image":"","background-repeat":"repeat","background-position":"center center","background-size":"auto","background-attachment":"scroll","background-type":"","background-media":"","overlay-type":"","overlay-color":"","overlay-opacity":"","overlay-gradient":""},"mobile":{"background-color":"","background-image":"","background-repeat":"repeat","background-position":"center center","background-size":"auto","background-attachment":"scroll","background-type":"","background-media":"","overlay-type":"","overlay-color":"","overlay-opacity":"","overlay-gradient":""}},"ast-content-background-meta":{"desktop":{"background-color":"var(--ast-global-color-5)","background-image":"","background-repeat":"repeat","background-position":"center center","background-size":"auto","background-attachment":"scroll","background-type":"","background-media":"","overlay-type":"","overlay-color":"","overlay-opacity":"","overlay-gradient":""},"tablet":{"background-color":"var(--ast-global-color-5)","background-image":"","background-repeat":"repeat","background-position":"center center","background-size":"auto","background-attachment":"scroll","background-type":"","background-media":"","overlay-type":"","overlay-color":"","overlay-opacity":"","overlay-gradient":""},"mobile":{"background-color":"var(--ast-global-color-5)","background-image":"","background-repeat":"repeat","background-position":"center center","background-size":"auto","background-attachment":"scroll","background-type":"","background-media":"","overlay-type":"","overlay-color":"","overlay-opacity":"","overlay-gradient":""}},"footnotes":""},"categories":[],"tags":[],"class_list":["post-11973","post","type-post","status-publish","format-standard","has-post-thumbnail","hentry"],"uagb_featured_image_src":{"full":["https:\/\/www.correspondentevianopolino.com.br\/site\/wp-content\/uploads\/2016\/06\/DSC0057-1.jpg",640,427,false],"thumbnail":["https:\/\/www.correspondentevianopolino.com.br\/site\/wp-content\/uploads\/2016\/06\/DSC0057-1-150x150.jpg",150,150,true],"medium":["https:\/\/www.correspondentevianopolino.com.br\/site\/wp-content\/uploads\/2016\/06\/DSC0057-1-300x200.jpg",300,200,true],"medium_large":["https:\/\/www.correspondentevianopolino.com.br\/site\/wp-content\/uploads\/2016\/06\/DSC0057-1.jpg",640,427,false],"large":["https:\/\/www.correspondentevianopolino.com.br\/site\/wp-content\/uploads\/2016\/06\/DSC0057-1.jpg",640,427,false],"1536x1536":["https:\/\/www.correspondentevianopolino.com.br\/site\/wp-content\/uploads\/2016\/06\/DSC0057-1.jpg",640,427,false],"2048x2048":["https:\/\/www.correspondentevianopolino.com.br\/site\/wp-content\/uploads\/2016\/06\/DSC0057-1.jpg",640,427,false]},"uagb_author_info":{"display_name":"Ol\u00edvio Lemos","author_link":"https:\/\/www.correspondentevianopolino.com.br\/site\/author\/olivio\/"},"uagb_comment_info":1,"uagb_excerpt":"O Comandante Geral da Pol\u00edcia Militar do Estado de Goi\u00e1s, Coronel Divino Alves de Oliveira, participou na tarde desta quinta-feira, [&hellip;]","_links":{"self":[{"href":"https:\/\/www.correspondentevianopolino.com.br\/site\/wp-json\/wp\/v2\/posts\/11973","targetHints":{"allow":["GET"]}}],"collection":[{"href":"https:\/\/www.correspondentevianopolino.com.br\/site\/wp-json\/wp\/v2\/posts"}],"about":[{"href":"https:\/\/www.correspondentevianopolino.com.br\/site\/wp-json\/wp\/v2\/types\/post"}],"author":[{"embeddable":true,"href":"https:\/\/www.correspondentevianopolino.com.br\/site\/wp-json\/wp\/v2\/users\/2"}],"replies":[{"embeddable":true,"href":"https:\/\/www.correspondentevianopolino.com.br\/site\/wp-json\/wp\/v2\/comments?post=11973"}],"version-history":[{"count":0,"href":"https:\/\/www.correspondentevianopolino.com.br\/site\/wp-json\/wp\/v2\/posts\/11973\/revisions"}],"wp:featuredmedia":[{"embeddable":true,"href":"https:\/\/www.correspondentevianopolino.com.br\/site\/wp-json\/wp\/v2\/media\/11979"}],"wp:attachment":[{"href":"https:\/\/www.correspondentevianopolino.com.br\/site\/wp-json\/wp\/v2\/media?parent=11973"}],"wp:term":[{"taxonomy":"category","embeddable":true,"href":"https:\/\/www.correspondentevianopolino.com.br\/site\/wp-json\/wp\/v2\/categories?post=11973"},{"taxonomy":"post_tag","embeddable":true,"href":"https:\/\/www.correspondentevianopolino.com.br\/site\/wp-json\/wp\/v2\/tags?post=11973"}],"curies":[{"name":"wp","href":"https:\/\/api.w.org\/{rel}","templated":true}]}}