{"id":11976,"date":"2016-06-09T19:42:15","date_gmt":"2016-06-09T22:42:15","guid":{"rendered":"http:\/\/www.correspondentevianopolino.com.br\/?p=11976"},"modified":"2016-06-11T07:21:57","modified_gmt":"2016-06-11T10:21:57","slug":"juiz-auxilar-de-vianopolis-condena-menores-que-participaram-do-assassinato-de-ceramista-silvaniense","status":"publish","type":"post","link":"https:\/\/www.correspondentevianopolino.com.br\/site\/juiz-auxilar-de-vianopolis-condena-menores-que-participaram-do-assassinato-de-ceramista-silvaniense\/","title":{"rendered":"Juiz auxilar de Vian\u00f3polis condena menores que participaram do assassinato de ceramista silvaniense"},"content":{"rendered":"<p>O juiz auxiliar de Vian\u00f3polis, Leonardo Fleury Curado Dias, condenou os menores que participaram do assassinato do ceramista silvaniense Paulo Jos\u00e9 da Silva, mais conhecido por Paulo Mineirinho, ocorrido no in\u00edcio de abril deste ano, na cidade de Leopoldo de Bulh\u00f5es.<\/p>\n<p>Dias depois do homic\u00eddio, o corpo foi encontrado em uma cascalheira nas proximidades de Vian\u00f3polis. As investiga\u00e7\u00f5es realizadas levaram a pol\u00edcia a descobrir que tr\u00eas menores e a jovem Nayara de Abreu Santana, de 22 anos, participaram do latroc\u00ednio (roubo seguido de morte).<\/p>\n<p>A pedido do Minist\u00e9rio P\u00fablico, a ju\u00edza de Vian\u00f3polis, Marli de F\u00e1tima Naves, que responde pela Comarca de Leopoldo de Bulh\u00f5es, uma vez que o juiz titular se encontra de f\u00e9rias, determinou a interna\u00e7\u00e3o dos menores em Goi\u00e2nia, por tempo indeterminado.<\/p>\n<p>Nesta quinta-feira, 09, o juiz auxiliar de Vian\u00f3polis, Leonardo Fleury Curado Dias, condenou os menores a tr\u00eas anos de interna\u00e7\u00e3o.<\/p>\n<p>A jovem Nayara de Abreu Santana, que se encontra presa em Goi\u00e2nia, ainda n\u00e3o foi julgada, o que dever\u00e1 acontecer em breve. Como o crime \u00e9 latroc\u00ednio, o julgamento ser\u00e1 singular, ou seja, a pena ser\u00e1 prolatada por um juiz.<\/p>\n","protected":false},"excerpt":{"rendered":"<p>O juiz auxiliar de Vian\u00f3polis, Leonardo Fleury Curado Dias, condenou os menores que participaram do assassinato do ceramista silvaniense Paulo [&hellip;]<\/p>\n","protected":false},"author":2,"featured_media":11977,"comment_status":"open","ping_status":"closed","sticky":false,"template":"","format":"standard","meta":{"_uag_custom_page_level_css":"","site-sidebar-layout":"default","site-content-layout":"","ast-site-content-layout":"default","site-content-style":"default","site-sidebar-style":"default","ast-global-header-display":"","ast-banner-title-visibility":"","ast-main-header-display":"","ast-hfb-above-header-display":"","ast-hfb-below-header-display":"","ast-hfb-mobile-header-display":"","site-post-title":"","ast-breadcrumbs-content":"","ast-featured-img":"","footer-sml-layout":"","ast-disable-related-posts":"","theme-transparent-header-meta":"","adv-header-id-meta":"","stick-header-meta":"","header-above-stick-meta":"","header-main-stick-meta":"","header-below-stick-meta":"","astra-migrate-meta-layouts":"default","ast-page-background-enabled":"default","ast-page-background-meta":{"desktop":{"background-color":"var(--ast-global-color-4)","background-image":"","background-repeat":"repeat","background-position":"center center","background-size":"auto","background-attachment":"scroll","background-type":"","background-media":"","overlay-type":"","overlay-color":"","overlay-opacity":"","overlay-gradient":""},"tablet":{"background-color":"","background-image":"","background-repeat":"repeat","background-position":"center center","background-size":"auto","background-attachment":"scroll","background-type":"","background-media":"","overlay-type":"","overlay-color":"","overlay-opacity":"","overlay-gradient":""},"mobile":{"background-color":"","background-image":"","background-repeat":"repeat","background-position":"center center","background-size":"auto","background-attachment":"scroll","background-type":"","background-media":"","overlay-type":"","overlay-color":"","overlay-opacity":"","overlay-gradient":""}},"ast-content-background-meta":{"desktop":{"background-color":"var(--ast-global-color-5)","background-image":"","background-repeat":"repeat","background-position":"center center","background-size":"auto","background-attachment":"scroll","background-type":"","background-media":"","overlay-type":"","overlay-color":"","overlay-opacity":"","overlay-gradient":""},"tablet":{"background-color":"var(--ast-global-color-5)","background-image":"","background-repeat":"repeat","background-position":"center center","background-size":"auto","background-attachment":"scroll","background-type":"","background-media":"","overlay-type":"","overlay-color":"","overlay-opacity":"","overlay-gradient":""},"mobile":{"background-color":"var(--ast-global-color-5)","background-image":"","background-repeat":"repeat","background-position":"center center","background-size":"auto","background-attachment":"scroll","background-type":"","background-media":"","overlay-type":"","overlay-color":"","overlay-opacity":"","overlay-gradient":""}},"footnotes":""},"categories":[],"tags":[],"class_list":["post-11976","post","type-post","status-publish","format-standard","has-post-thumbnail","hentry"],"uagb_featured_image_src":{"full":["https:\/\/www.correspondentevianopolino.com.br\/site\/wp-content\/uploads\/2016\/06\/FORUM.jpg",800,533,false],"thumbnail":["https:\/\/www.correspondentevianopolino.com.br\/site\/wp-content\/uploads\/2016\/06\/FORUM-150x150.jpg",150,150,true],"medium":["https:\/\/www.correspondentevianopolino.com.br\/site\/wp-content\/uploads\/2016\/06\/FORUM-300x200.jpg",300,200,true],"medium_large":["https:\/\/www.correspondentevianopolino.com.br\/site\/wp-content\/uploads\/2016\/06\/FORUM-768x512.jpg",768,512,true],"large":["https:\/\/www.correspondentevianopolino.com.br\/site\/wp-content\/uploads\/2016\/06\/FORUM.jpg",800,533,false],"1536x1536":["https:\/\/www.correspondentevianopolino.com.br\/site\/wp-content\/uploads\/2016\/06\/FORUM.jpg",800,533,false],"2048x2048":["https:\/\/www.correspondentevianopolino.com.br\/site\/wp-content\/uploads\/2016\/06\/FORUM.jpg",800,533,false]},"uagb_author_info":{"display_name":"Ol\u00edvio Lemos","author_link":"https:\/\/www.correspondentevianopolino.com.br\/site\/author\/olivio\/"},"uagb_comment_info":1,"uagb_excerpt":"O juiz auxiliar de Vian\u00f3polis, Leonardo Fleury Curado Dias, condenou os menores que participaram do assassinato do ceramista silvaniense Paulo [&hellip;]","_links":{"self":[{"href":"https:\/\/www.correspondentevianopolino.com.br\/site\/wp-json\/wp\/v2\/posts\/11976","targetHints":{"allow":["GET"]}}],"collection":[{"href":"https:\/\/www.correspondentevianopolino.com.br\/site\/wp-json\/wp\/v2\/posts"}],"about":[{"href":"https:\/\/www.correspondentevianopolino.com.br\/site\/wp-json\/wp\/v2\/types\/post"}],"author":[{"embeddable":true,"href":"https:\/\/www.correspondentevianopolino.com.br\/site\/wp-json\/wp\/v2\/users\/2"}],"replies":[{"embeddable":true,"href":"https:\/\/www.correspondentevianopolino.com.br\/site\/wp-json\/wp\/v2\/comments?post=11976"}],"version-history":[{"count":0,"href":"https:\/\/www.correspondentevianopolino.com.br\/site\/wp-json\/wp\/v2\/posts\/11976\/revisions"}],"wp:featuredmedia":[{"embeddable":true,"href":"https:\/\/www.correspondentevianopolino.com.br\/site\/wp-json\/wp\/v2\/media\/11977"}],"wp:attachment":[{"href":"https:\/\/www.correspondentevianopolino.com.br\/site\/wp-json\/wp\/v2\/media?parent=11976"}],"wp:term":[{"taxonomy":"category","embeddable":true,"href":"https:\/\/www.correspondentevianopolino.com.br\/site\/wp-json\/wp\/v2\/categories?post=11976"},{"taxonomy":"post_tag","embeddable":true,"href":"https:\/\/www.correspondentevianopolino.com.br\/site\/wp-json\/wp\/v2\/tags?post=11976"}],"curies":[{"name":"wp","href":"https:\/\/api.w.org\/{rel}","templated":true}]}}