{"id":121783,"date":"2026-08-26T11:16:20","date_gmt":"2026-08-26T14:16:20","guid":{"rendered":"https:\/\/www.correspondentevianopolino.com.br\/site\/?p=121783"},"modified":"2026-08-26T11:47:29","modified_gmt":"2026-08-26T14:47:29","slug":"eduardo","status":"publish","type":"post","link":"https:\/\/www.correspondentevianopolino.com.br\/site\/eduardo\/","title":{"rendered":"CANTOR EDUARDO QUE FAZ DUPLA COM DERICK AGRADECE DOA\u00c7\u00d5ES DE SANGUE E ORA\u00c7\u00d5ES PELA SUA RECUPERA\u00c7\u00c3O&#8230;VEJA V\u00cdDEO FEITO PELO JORNAL POSITIVO"},"content":{"rendered":"\n<figure class=\"wp-block-image size-large\"><img decoding=\"async\" width=\"875\" height=\"675\" src=\"https:\/\/www.correspondentevianopolino.com.br\/site\/wp-content\/uploads\/2026\/08\/1005897171-1-875x675.jpg\" alt=\"\" class=\"wp-image-121769\" srcset=\"https:\/\/www.correspondentevianopolino.com.br\/site\/wp-content\/uploads\/2026\/08\/1005897171-1-875x675.jpg 875w, https:\/\/www.correspondentevianopolino.com.br\/site\/wp-content\/uploads\/2026\/08\/1005897171-1-464x358.jpg 464w, https:\/\/www.correspondentevianopolino.com.br\/site\/wp-content\/uploads\/2026\/08\/1005897171-1-300x232.jpg 300w, https:\/\/www.correspondentevianopolino.com.br\/site\/wp-content\/uploads\/2026\/08\/1005897171-1-767x592.jpg 767w, https:\/\/www.correspondentevianopolino.com.br\/site\/wp-content\/uploads\/2026\/08\/1005897171-1.jpg 1179w\" sizes=\"(max-width: 875px) 100vw, 875px\" \/><\/figure>\n\n\n\n<p class=\"wp-block-paragraph\"><br>O cantor Eduardo, integrante da dupla sertaneja Derick e Eduardo, que se encontra internado no Hospital das Cl\u00ednicas, em Goi\u00e2nia, ap\u00f3s ser diagnosticado com leucemia, gravou um v\u00eddeo para o Jornal Positivo.<\/p>\n\n\n\n<p class=\"wp-block-paragraph\">Na grava\u00e7\u00e3o, Eduardo agradece a todas as pessoas que est\u00e3o realizando doa\u00e7\u00f5es de sangue e tamb\u00e9m \u00e0quelas que est\u00e3o fazendo ora\u00e7\u00f5es em prol de sua recupera\u00e7\u00e3o.<\/p>\n\n\n\n<p class=\"wp-block-paragraph\"><br>Bastante conhecido e querido, o cantor aproveitou o momento para agradecer o carinho, o apoio e a solidariedade que vem recebendo durante este per\u00edodo de tratamento.<\/p>\n\n\n\n<p class=\"wp-block-paragraph\"><br>VEJA V\u00cdDEO ABAIXO:<\/p>\n\n\n\n<figure class=\"wp-block-video\"><video height=\"900\" style=\"aspect-ratio: 720 \/ 900;\" width=\"720\" controls src=\"https:\/\/www.correspondentevianopolino.com.br\/site\/wp-content\/uploads\/2026\/08\/1000395413.mp4\"><\/video><\/figure>\n","protected":false},"excerpt":{"rendered":"<p>O cantor Eduardo, integrante da dupla sertaneja Derick e Eduardo, que se encontra internado no Hospital das Cl\u00ednicas, em Goi\u00e2nia, [&hellip;]<\/p>\n","protected":false},"author":2,"featured_media":121785,"comment_status":"open","ping_status":"closed","sticky":false,"template":"","format":"standard","meta":{"_uag_custom_page_level_css":"","site-sidebar-layout":"default","site-content-layout":"","ast-site-content-layout":"default","site-content-style":"default","site-sidebar-style":"default","ast-global-header-display":"","ast-banner-title-visibility":"","ast-main-header-display":"","ast-hfb-above-header-display":"","ast-hfb-below-header-display":"","ast-hfb-mobile-header-display":"","site-post-title":"","ast-breadcrumbs-content":"","ast-featured-img":"","footer-sml-layout":"","ast-disable-related-posts":"","theme-transparent-header-meta":"","adv-header-id-meta":"","stick-header-meta":"","header-above-stick-meta":"","header-main-stick-meta":"","header-below-stick-meta":"","astra-migrate-meta-layouts":"default","ast-page-background-enabled":"default","ast-page-background-meta":{"desktop":{"background-color":"var(--ast-global-color-4)","background-image":"","background-repeat":"repeat","background-position":"center center","background-size":"auto","background-attachment":"scroll","background-type":"","background-media":"","overlay-type":"","overlay-color":"","overlay-opacity":"","overlay-gradient":""},"tablet":{"background-color":"","background-image":"","background-repeat":"repeat","background-position":"center center","background-size":"auto","background-attachment":"scroll","background-type":"","background-media":"","overlay-type":"","overlay-color":"","overlay-opacity":"","overlay-gradient":""},"mobile":{"background-color":"","background-image":"","background-repeat":"repeat","background-position":"center center","background-size":"auto","background-attachment":"scroll","background-type":"","background-media":"","overlay-type":"","overlay-color":"","overlay-opacity":"","overlay-gradient":""}},"ast-content-background-meta":{"desktop":{"background-color":"var(--ast-global-color-5)","background-image":"","background-repeat":"repeat","background-position":"center center","background-size":"auto","background-attachment":"scroll","background-type":"","background-media":"","overlay-type":"","overlay-color":"","overlay-opacity":"","overlay-gradient":""},"tablet":{"background-color":"var(--ast-global-color-5)","background-image":"","background-repeat":"repeat","background-position":"center center","background-size":"auto","background-attachment":"scroll","background-type":"","background-media":"","overlay-type":"","overlay-color":"","overlay-opacity":"","overlay-gradient":""},"mobile":{"background-color":"var(--ast-global-color-5)","background-image":"","background-repeat":"repeat","background-position":"center center","background-size":"auto","background-attachment":"scroll","background-type":"","background-media":"","overlay-type":"","overlay-color":"","overlay-opacity":"","overlay-gradient":""}},"footnotes":""},"categories":[1],"tags":[],"class_list":["post-121783","post","type-post","status-publish","format-standard","has-post-thumbnail","hentry","category-ultimas"],"uagb_featured_image_src":{"full":["https:\/\/www.correspondentevianopolino.com.br\/site\/wp-content\/uploads\/2026\/08\/file_00000000acb4820e8b7f362c3043f537.png",1536,1024,false],"thumbnail":["https:\/\/www.correspondentevianopolino.com.br\/site\/wp-content\/uploads\/2026\/08\/file_00000000acb4820e8b7f362c3043f537-465x310.png",465,310,true],"medium":["https:\/\/www.correspondentevianopolino.com.br\/site\/wp-content\/uploads\/2026\/08\/file_00000000acb4820e8b7f362c3043f537-300x200.png",300,200,true],"medium_large":["https:\/\/www.correspondentevianopolino.com.br\/site\/wp-content\/uploads\/2026\/08\/file_00000000acb4820e8b7f362c3043f537-768x512.png",768,512,true],"large":["https:\/\/www.correspondentevianopolino.com.br\/site\/wp-content\/uploads\/2026\/08\/file_00000000acb4820e8b7f362c3043f537-1013x675.png",1013,675,true],"1536x1536":["https:\/\/www.correspondentevianopolino.com.br\/site\/wp-content\/uploads\/2026\/08\/file_00000000acb4820e8b7f362c3043f537.png",1536,1024,false],"2048x2048":["https:\/\/www.correspondentevianopolino.com.br\/site\/wp-content\/uploads\/2026\/08\/file_00000000acb4820e8b7f362c3043f537.png",1536,1024,false]},"uagb_author_info":{"display_name":"Ol\u00edvio Lemos","author_link":"https:\/\/www.correspondentevianopolino.com.br\/site\/author\/olivio\/"},"uagb_comment_info":2,"uagb_excerpt":"O cantor Eduardo, integrante da dupla sertaneja Derick e Eduardo, que se encontra internado no Hospital das Cl\u00ednicas, em Goi\u00e2nia, [&hellip;]","_links":{"self":[{"href":"https:\/\/www.correspondentevianopolino.com.br\/site\/wp-json\/wp\/v2\/posts\/121783","targetHints":{"allow":["GET"]}}],"collection":[{"href":"https:\/\/www.correspondentevianopolino.com.br\/site\/wp-json\/wp\/v2\/posts"}],"about":[{"href":"https:\/\/www.correspondentevianopolino.com.br\/site\/wp-json\/wp\/v2\/types\/post"}],"author":[{"embeddable":true,"href":"https:\/\/www.correspondentevianopolino.com.br\/site\/wp-json\/wp\/v2\/users\/2"}],"replies":[{"embeddable":true,"href":"https:\/\/www.correspondentevianopolino.com.br\/site\/wp-json\/wp\/v2\/comments?post=121783"}],"version-history":[{"count":0,"href":"https:\/\/www.correspondentevianopolino.com.br\/site\/wp-json\/wp\/v2\/posts\/121783\/revisions"}],"wp:featuredmedia":[{"embeddable":true,"href":"https:\/\/www.correspondentevianopolino.com.br\/site\/wp-json\/wp\/v2\/media\/121785"}],"wp:attachment":[{"href":"https:\/\/www.correspondentevianopolino.com.br\/site\/wp-json\/wp\/v2\/media?parent=121783"}],"wp:term":[{"taxonomy":"category","embeddable":true,"href":"https:\/\/www.correspondentevianopolino.com.br\/site\/wp-json\/wp\/v2\/categories?post=121783"},{"taxonomy":"post_tag","embeddable":true,"href":"https:\/\/www.correspondentevianopolino.com.br\/site\/wp-json\/wp\/v2\/tags?post=121783"}],"curies":[{"name":"wp","href":"https:\/\/api.w.org\/{rel}","templated":true}]}}