{"id":121892,"date":"2026-08-31T08:35:29","date_gmt":"2026-08-31T11:35:29","guid":{"rendered":"https:\/\/www.correspondentevianopolino.com.br\/site\/?p=121892"},"modified":"2026-08-31T09:37:07","modified_gmt":"2026-08-31T12:37:07","slug":"delegado-de-policia-de-vianopolis-fala-a-nossa-reportagem-e-explica-por-que-suspeito-de-furtar-propriedades-rurais-nao-foi-preso","status":"publish","type":"post","link":"https:\/\/www.correspondentevianopolino.com.br\/site\/delegado-de-policia-de-vianopolis-fala-a-nossa-reportagem-e-explica-por-que-suspeito-de-furtar-propriedades-rurais-nao-foi-preso\/","title":{"rendered":"DELEGADO DE POL\u00cdCIA DE VIAN\u00d3POLIS FALA \u00c0 NOSSA REPORTAGEM E EXPLICA POR QUE SUSPEITO DE FURTAR PROPRIEDADES RURAIS N\u00c3O FOI PRESO"},"content":{"rendered":"\n<figure class=\"wp-block-image size-large\"><img decoding=\"async\" width=\"680\" height=\"675\" src=\"https:\/\/www.correspondentevianopolino.com.br\/site\/wp-content\/uploads\/2026\/08\/1005931106-680x675.jpg\" alt=\"\" class=\"wp-image-121881\" srcset=\"https:\/\/www.correspondentevianopolino.com.br\/site\/wp-content\/uploads\/2026\/08\/1005931106-680x675.jpg 680w, https:\/\/www.correspondentevianopolino.com.br\/site\/wp-content\/uploads\/2026\/08\/1005931106-465x461.jpg 465w, https:\/\/www.correspondentevianopolino.com.br\/site\/wp-content\/uploads\/2026\/08\/1005931106-300x298.jpg 300w, https:\/\/www.correspondentevianopolino.com.br\/site\/wp-content\/uploads\/2026\/08\/1005931106-768x762.jpg 768w, https:\/\/www.correspondentevianopolino.com.br\/site\/wp-content\/uploads\/2026\/08\/1005931106.jpg 1178w\" sizes=\"(max-width: 680px) 100vw, 680px\" \/><\/figure>\n\n\n\n<p class=\"wp-block-paragraph\">O Delegado de Pol\u00edcia de Vian\u00f3polis, Kennet Carvalho enviou \u00e1udio ao Correspondente Vianopolino explicando por que o homem detido em uma fazenda, suspeito de furtos, n\u00e3o foi preso.<\/p>\n\n\n\n<p class=\"wp-block-paragraph\">Transcremos a fala do Delegado:<\/p>\n\n\n\n<p class=\"wp-block-paragraph\">&#8220;Na data de ontem, 30\/08,  foi realizada a apresenta\u00e7\u00e3o de um suspeito \u00e0 delegacia de Vian\u00f3polis, ap\u00f3s ter sido localizado no interior de uma propriedade particular.<\/p>\n\n\n\n<p class=\"wp-block-paragraph\">A ocorr\u00eancia foi apresentada com a natureza de viola\u00e7\u00e3o de domic\u00edlio inclu\u00edda pela Pol\u00edcia Militar.<\/p>\n\n\n\n<p class=\"wp-block-paragraph\"> Ao analisar esta ocorr\u00eancia, a Pol\u00edcia Civil concordou com os elementos apresentados pela Pol\u00edcia Militar e entendeu, portanto, que seria caso de lavratura de Termo Circunstanciado de Ocorr\u00eancia(TCO).<\/p>\n\n\n\n<p class=\"wp-block-paragraph\"> Em raz\u00e3o de ter sido localizado com o suspeito tamb\u00e9m uma arma branca, ele foi autuado tamb\u00e9m pelo mesmo delito.<\/p>\n\n\n\n<p class=\"wp-block-paragraph\">\u00c9 importante deixar claro que essas informa\u00e7\u00f5es acerca de ele ser suspeito de outros furtos na regi\u00e3o n\u00e3o constavam nem da ocorr\u00eancia nem de outras ocorr\u00eancias registradas at\u00e9 ent\u00e3o na delegacia.<\/p>\n\n\n\n<p class=\"wp-block-paragraph\"> Como se trata esses crimes, supostamente praticados, como crimes de natureza incondicionada, a Pol\u00edcia Civil, ap\u00f3s tomar conhecimento desses fatos, ap\u00f3s a repercuss\u00e3o do fato, iniciar\u00e1 dilig\u00eancias para apurar a autoria destes crimes.<\/p>\n\n\n\n<p class=\"wp-block-paragraph\">Importante deixar claro que a libera\u00e7\u00e3o ocorre por circunst\u00e2ncias legais. <\/p>\n\n\n\n<p class=\"wp-block-paragraph\">A localiza\u00e7\u00e3o dele no interior de uma propriedade particular e de posse de um instrumento configura crimes de menor potencial ofensivo. <\/p>\n\n\n\n<p class=\"wp-block-paragraph\">Nesses casos, a pr\u00f3pria legisla\u00e7\u00e3o ela prev\u00ea que o procedimento adequado \u00e9 a lavratura de Termo Circunstanciado de Ocorr\u00eancia, n\u00e3o competindo \u00e0 autoridade policial decretar a pris\u00e3o em flagrante destes suspeitos.<\/p>\n\n\n\n<p class=\"wp-block-paragraph\">Agora as investiga\u00e7\u00f5es prosseguir\u00e3o para apurar a ocorr\u00eancia desses supostos furtos praticados nessas propriedades.&#8221;<\/p>\n\n\n\n<p class=\"wp-block-paragraph\"><\/p>\n","protected":false},"excerpt":{"rendered":"<p>O Delegado de Pol\u00edcia de Vian\u00f3polis, Kennet Carvalho enviou \u00e1udio ao Correspondente Vianopolino explicando por que o homem detido em [&hellip;]<\/p>\n","protected":false},"author":2,"featured_media":121046,"comment_status":"open","ping_status":"closed","sticky":false,"template":"","format":"standard","meta":{"_uag_custom_page_level_css":"","site-sidebar-layout":"default","site-content-layout":"","ast-site-content-layout":"default","site-content-style":"default","site-sidebar-style":"default","ast-global-header-display":"","ast-banner-title-visibility":"","ast-main-header-display":"","ast-hfb-above-header-display":"","ast-hfb-below-header-display":"","ast-hfb-mobile-header-display":"","site-post-title":"","ast-breadcrumbs-content":"","ast-featured-img":"","footer-sml-layout":"","ast-disable-related-posts":"","theme-transparent-header-meta":"","adv-header-id-meta":"","stick-header-meta":"","header-above-stick-meta":"","header-main-stick-meta":"","header-below-stick-meta":"","astra-migrate-meta-layouts":"default","ast-page-background-enabled":"default","ast-page-background-meta":{"desktop":{"background-color":"var(--ast-global-color-4)","background-image":"","background-repeat":"repeat","background-position":"center center","background-size":"auto","background-attachment":"scroll","background-type":"","background-media":"","overlay-type":"","overlay-color":"","overlay-opacity":"","overlay-gradient":""},"tablet":{"background-color":"","background-image":"","background-repeat":"repeat","background-position":"center center","background-size":"auto","background-attachment":"scroll","background-type":"","background-media":"","overlay-type":"","overlay-color":"","overlay-opacity":"","overlay-gradient":""},"mobile":{"background-color":"","background-image":"","background-repeat":"repeat","background-position":"center center","background-size":"auto","background-attachment":"scroll","background-type":"","background-media":"","overlay-type":"","overlay-color":"","overlay-opacity":"","overlay-gradient":""}},"ast-content-background-meta":{"desktop":{"background-color":"var(--ast-global-color-5)","background-image":"","background-repeat":"repeat","background-position":"center center","background-size":"auto","background-attachment":"scroll","background-type":"","background-media":"","overlay-type":"","overlay-color":"","overlay-opacity":"","overlay-gradient":""},"tablet":{"background-color":"var(--ast-global-color-5)","background-image":"","background-repeat":"repeat","background-position":"center center","background-size":"auto","background-attachment":"scroll","background-type":"","background-media":"","overlay-type":"","overlay-color":"","overlay-opacity":"","overlay-gradient":""},"mobile":{"background-color":"var(--ast-global-color-5)","background-image":"","background-repeat":"repeat","background-position":"center center","background-size":"auto","background-attachment":"scroll","background-type":"","background-media":"","overlay-type":"","overlay-color":"","overlay-opacity":"","overlay-gradient":""}},"footnotes":""},"categories":[1],"tags":[],"class_list":["post-121892","post","type-post","status-publish","format-standard","has-post-thumbnail","hentry","category-ultimas"],"uagb_featured_image_src":{"full":["https:\/\/www.correspondentevianopolino.com.br\/site\/wp-content\/uploads\/2026\/08\/file_000000005804820e83341265118ce647.png",1536,1024,false],"thumbnail":["https:\/\/www.correspondentevianopolino.com.br\/site\/wp-content\/uploads\/2026\/08\/file_000000005804820e83341265118ce647-465x310.png",465,310,true],"medium":["https:\/\/www.correspondentevianopolino.com.br\/site\/wp-content\/uploads\/2026\/08\/file_000000005804820e83341265118ce647-300x200.png",300,200,true],"medium_large":["https:\/\/www.correspondentevianopolino.com.br\/site\/wp-content\/uploads\/2026\/08\/file_000000005804820e83341265118ce647-768x512.png",768,512,true],"large":["https:\/\/www.correspondentevianopolino.com.br\/site\/wp-content\/uploads\/2026\/08\/file_000000005804820e83341265118ce647-1013x675.png",1013,675,true],"1536x1536":["https:\/\/www.correspondentevianopolino.com.br\/site\/wp-content\/uploads\/2026\/08\/file_000000005804820e83341265118ce647.png",1536,1024,false],"2048x2048":["https:\/\/www.correspondentevianopolino.com.br\/site\/wp-content\/uploads\/2026\/08\/file_000000005804820e83341265118ce647.png",1536,1024,false]},"uagb_author_info":{"display_name":"Ol\u00edvio Lemos","author_link":"https:\/\/www.correspondentevianopolino.com.br\/site\/author\/olivio\/"},"uagb_comment_info":0,"uagb_excerpt":"O Delegado de Pol\u00edcia de Vian\u00f3polis, Kennet Carvalho enviou \u00e1udio ao Correspondente Vianopolino explicando por que o homem detido em [&hellip;]","_links":{"self":[{"href":"https:\/\/www.correspondentevianopolino.com.br\/site\/wp-json\/wp\/v2\/posts\/121892","targetHints":{"allow":["GET"]}}],"collection":[{"href":"https:\/\/www.correspondentevianopolino.com.br\/site\/wp-json\/wp\/v2\/posts"}],"about":[{"href":"https:\/\/www.correspondentevianopolino.com.br\/site\/wp-json\/wp\/v2\/types\/post"}],"author":[{"embeddable":true,"href":"https:\/\/www.correspondentevianopolino.com.br\/site\/wp-json\/wp\/v2\/users\/2"}],"replies":[{"embeddable":true,"href":"https:\/\/www.correspondentevianopolino.com.br\/site\/wp-json\/wp\/v2\/comments?post=121892"}],"version-history":[{"count":0,"href":"https:\/\/www.correspondentevianopolino.com.br\/site\/wp-json\/wp\/v2\/posts\/121892\/revisions"}],"wp:featuredmedia":[{"embeddable":true,"href":"https:\/\/www.correspondentevianopolino.com.br\/site\/wp-json\/wp\/v2\/media\/121046"}],"wp:attachment":[{"href":"https:\/\/www.correspondentevianopolino.com.br\/site\/wp-json\/wp\/v2\/media?parent=121892"}],"wp:term":[{"taxonomy":"category","embeddable":true,"href":"https:\/\/www.correspondentevianopolino.com.br\/site\/wp-json\/wp\/v2\/categories?post=121892"},{"taxonomy":"post_tag","embeddable":true,"href":"https:\/\/www.correspondentevianopolino.com.br\/site\/wp-json\/wp\/v2\/tags?post=121892"}],"curies":[{"name":"wp","href":"https:\/\/api.w.org\/{rel}","templated":true}]}}