{"id":121976,"date":"2026-09-05T00:35:37","date_gmt":"2026-09-05T03:35:37","guid":{"rendered":"https:\/\/www.correspondentevianopolino.com.br\/site\/?p=121976"},"modified":"2026-09-05T01:10:41","modified_gmt":"2026-09-05T04:10:41","slug":"saneago-5","status":"publish","type":"post","link":"https:\/\/www.correspondentevianopolino.com.br\/site\/saneago-5\/","title":{"rendered":"PODER\u00c1 FALTAR \u00c1GUA EM VIAN\u00d3POLIS HOJE, 05\/09, E AMANH\u00c3,  06\/09, DEVIDO A SERVI\u00c7OS DE INTERLIGA\u00c7\u00d5ES DE ADUTORAS QUE SER\u00c3O FEITOS PELA SANEAGO"},"content":{"rendered":"\n<figure class=\"wp-block-image size-large\"><img decoding=\"async\" src=\"https:\/\/www.correspondentevianopolino.com.br\/site\/wp-content\/uploads\/2026\/08\/IMG-20260831-WA0261-450x675.jpg\" alt=\"\"\/><\/figure>\n\n\n\n<p class=\"wp-block-paragraph\"><br><\/p>\n\n\n\n<p class=\"wp-block-paragraph\">O abastecimento de \u00e1gua poder\u00e1 ser afetado novamente em Vian\u00f3polis hoje, 05\/09, e amanh\u00e3, 06\/09.<\/p>\n\n\n\n<p class=\"wp-block-paragraph\">A informa\u00e7\u00e3o foi passada \u00e0 nossa reportagem pelo Gerente Local da Saneago, F\u00e1bio J\u00fanior de Oliveira.<\/p>\n\n\n\n<p class=\"wp-block-paragraph\"><br>\u00c9 que a Saneago realizar\u00e1 a segunda etapa dos trabalhos de implanta\u00e7\u00e3o e interliga\u00e7\u00e3o de adutoras na cidade.<\/p>\n\n\n\n<p class=\"wp-block-paragraph\">Os servi\u00e7os ser\u00e3o executados na regi\u00e3o da Rua Cora Coralina, no Setor Esplanada da Esta\u00e7\u00e3o, assim como nos arredores da Esta\u00e7\u00e3o de Tratamento da Saneago.<\/p>\n\n\n\n<p class=\"wp-block-paragraph\"><br>Assim como aconteceu no \u00faltimo fim de semana, os registros ser\u00e3o fechados das 7h30 \u00e0s 17h30, podendo provocar falta de \u00e1gua em diversos pontos da cidade.<\/p>\n\n\n\n<p class=\"wp-block-paragraph\"><br>A orienta\u00e7\u00e3o \u00e9 para que a popula\u00e7\u00e3o economize \u00e1gua e evite desperd\u00edcios durante o per\u00edodo dos trabalhos.<\/p>\n\n\n\n<p class=\"wp-block-paragraph\">No sistema de abastecimento de \u00e1gua, a normaliza\u00e7\u00e3o \u00e9 gradual e ocorre \u00e0 medida que as redes e os reservat\u00f3rios s\u00e3o carregados com carga d&#8217;\u00e1gua.<\/p>\n\n\n\n<p class=\"wp-block-paragraph\">Por isso, \u00e9 importante o consumo consciente das reservas nas caixas d\u2019\u00e1gua, sem desperd\u00edcios.<\/p>\n\n\n\n<p class=\"wp-block-paragraph\">Essa medida contribui para agilidade na recupera\u00e7\u00e3o do sistema, especialmente dos bairros da parte alta da cidade, que levam mais tempo para ter o abastecimento totalmente normalizado.<\/p>\n\n\n\n<p class=\"wp-block-paragraph\">O abastecimento de \u00e1gua poder\u00e1 ser afetado novamente em Vian\u00f3polis neste s\u00e1bado, 05\/09, e domingo, 06\/09.<\/p>\n\n\n\n<p class=\"wp-block-paragraph\"><br>A Saneago realizar\u00e1 a segunda etapa dos trabalhos de implanta\u00e7\u00e3o e interliga\u00e7\u00e3o de adutoras na cidade.<\/p>\n\n\n\n<p class=\"wp-block-paragraph\">Os servi\u00e7os ser\u00e3o executados na regi\u00e3o da Rua Cora Coralina, no Setor Esplanada da Esta\u00e7\u00e3o, assim como nos arredores da Esta\u00e7\u00e3o de Tratamento da Saneago.<\/p>\n\n\n\n<p class=\"wp-block-paragraph\"><br>Assim como aconteceu no \u00faltimo fim de semana, os registros ser\u00e3o fechados das 7h30 \u00e0s 17h30, podendo provocar falta de \u00e1gua em diversos pontos da cidade.<\/p>\n\n\n\n<p class=\"wp-block-paragraph\"><br><strong>A orienta\u00e7\u00e3o \u00e9 para que a popula\u00e7\u00e3o economize \u00e1gua e evite desperd\u00edcios durante o per\u00edodo dos trabalhos.<\/strong><\/p>\n\n\n\n<p class=\"wp-block-paragraph\">No sistema de abastecimento de \u00e1gua, a normaliza\u00e7\u00e3o \u00e9 gradual e ocorre \u00e0 medida que as redes e os reservat\u00f3rios s\u00e3o carregados com carga d&#8217;\u00e1gua. <\/p>\n\n\n\n<p class=\"wp-block-paragraph\">Por isso, \u00e9 importante o consumo consciente das reservas nas caixas d\u2019\u00e1gua, sem desperd\u00edcios.<\/p>\n\n\n\n<p class=\"wp-block-paragraph\"> Essa medida contribui para agilidade na recupera\u00e7\u00e3o do sistema, especialmente dos bairros da parte alta da cidade, que levam mais tempo para ter o abastecimento totalmente normalizado. <\/p>\n\n\n\n<p class=\"wp-block-paragraph\"><\/p>\n","protected":false},"excerpt":{"rendered":"<p>O abastecimento de \u00e1gua poder\u00e1 ser afetado novamente em Vian\u00f3polis hoje, 05\/09, e amanh\u00e3, 06\/09. A informa\u00e7\u00e3o foi passada \u00e0 [&hellip;]<\/p>\n","protected":false},"author":2,"featured_media":121819,"comment_status":"open","ping_status":"closed","sticky":false,"template":"","format":"standard","meta":{"_uag_custom_page_level_css":"","site-sidebar-layout":"default","site-content-layout":"","ast-site-content-layout":"default","site-content-style":"default","site-sidebar-style":"default","ast-global-header-display":"","ast-banner-title-visibility":"","ast-main-header-display":"","ast-hfb-above-header-display":"","ast-hfb-below-header-display":"","ast-hfb-mobile-header-display":"","site-post-title":"","ast-breadcrumbs-content":"","ast-featured-img":"","footer-sml-layout":"","ast-disable-related-posts":"","theme-transparent-header-meta":"","adv-header-id-meta":"","stick-header-meta":"","header-above-stick-meta":"","header-main-stick-meta":"","header-below-stick-meta":"","astra-migrate-meta-layouts":"default","ast-page-background-enabled":"default","ast-page-background-meta":{"desktop":{"background-color":"var(--ast-global-color-4)","background-image":"","background-repeat":"repeat","background-position":"center center","background-size":"auto","background-attachment":"scroll","background-type":"","background-media":"","overlay-type":"","overlay-color":"","overlay-opacity":"","overlay-gradient":""},"tablet":{"background-color":"","background-image":"","background-repeat":"repeat","background-position":"center center","background-size":"auto","background-attachment":"scroll","background-type":"","background-media":"","overlay-type":"","overlay-color":"","overlay-opacity":"","overlay-gradient":""},"mobile":{"background-color":"","background-image":"","background-repeat":"repeat","background-position":"center center","background-size":"auto","background-attachment":"scroll","background-type":"","background-media":"","overlay-type":"","overlay-color":"","overlay-opacity":"","overlay-gradient":""}},"ast-content-background-meta":{"desktop":{"background-color":"var(--ast-global-color-5)","background-image":"","background-repeat":"repeat","background-position":"center center","background-size":"auto","background-attachment":"scroll","background-type":"","background-media":"","overlay-type":"","overlay-color":"","overlay-opacity":"","overlay-gradient":""},"tablet":{"background-color":"var(--ast-global-color-5)","background-image":"","background-repeat":"repeat","background-position":"center center","background-size":"auto","background-attachment":"scroll","background-type":"","background-media":"","overlay-type":"","overlay-color":"","overlay-opacity":"","overlay-gradient":""},"mobile":{"background-color":"var(--ast-global-color-5)","background-image":"","background-repeat":"repeat","background-position":"center center","background-size":"auto","background-attachment":"scroll","background-type":"","background-media":"","overlay-type":"","overlay-color":"","overlay-opacity":"","overlay-gradient":""}},"footnotes":""},"categories":[1],"tags":[],"class_list":["post-121976","post","type-post","status-publish","format-standard","has-post-thumbnail","hentry","category-ultimas"],"uagb_featured_image_src":{"full":["https:\/\/www.correspondentevianopolino.com.br\/site\/wp-content\/uploads\/2026\/08\/file_0000000052f8820e88452c8031f6cb5b.png",1536,1024,false],"thumbnail":["https:\/\/www.correspondentevianopolino.com.br\/site\/wp-content\/uploads\/2026\/08\/file_0000000052f8820e88452c8031f6cb5b-465x310.png",465,310,true],"medium":["https:\/\/www.correspondentevianopolino.com.br\/site\/wp-content\/uploads\/2026\/08\/file_0000000052f8820e88452c8031f6cb5b-300x200.png",300,200,true],"medium_large":["https:\/\/www.correspondentevianopolino.com.br\/site\/wp-content\/uploads\/2026\/08\/file_0000000052f8820e88452c8031f6cb5b-768x512.png",768,512,true],"large":["https:\/\/www.correspondentevianopolino.com.br\/site\/wp-content\/uploads\/2026\/08\/file_0000000052f8820e88452c8031f6cb5b-1013x675.png",1013,675,true],"1536x1536":["https:\/\/www.correspondentevianopolino.com.br\/site\/wp-content\/uploads\/2026\/08\/file_0000000052f8820e88452c8031f6cb5b.png",1536,1024,false],"2048x2048":["https:\/\/www.correspondentevianopolino.com.br\/site\/wp-content\/uploads\/2026\/08\/file_0000000052f8820e88452c8031f6cb5b.png",1536,1024,false]},"uagb_author_info":{"display_name":"Ol\u00edvio Lemos","author_link":"https:\/\/www.correspondentevianopolino.com.br\/site\/author\/olivio\/"},"uagb_comment_info":22,"uagb_excerpt":"O abastecimento de \u00e1gua poder\u00e1 ser afetado novamente em Vian\u00f3polis hoje, 05\/09, e amanh\u00e3, 06\/09. A informa\u00e7\u00e3o foi passada \u00e0 [&hellip;]","_links":{"self":[{"href":"https:\/\/www.correspondentevianopolino.com.br\/site\/wp-json\/wp\/v2\/posts\/121976","targetHints":{"allow":["GET"]}}],"collection":[{"href":"https:\/\/www.correspondentevianopolino.com.br\/site\/wp-json\/wp\/v2\/posts"}],"about":[{"href":"https:\/\/www.correspondentevianopolino.com.br\/site\/wp-json\/wp\/v2\/types\/post"}],"author":[{"embeddable":true,"href":"https:\/\/www.correspondentevianopolino.com.br\/site\/wp-json\/wp\/v2\/users\/2"}],"replies":[{"embeddable":true,"href":"https:\/\/www.correspondentevianopolino.com.br\/site\/wp-json\/wp\/v2\/comments?post=121976"}],"version-history":[{"count":0,"href":"https:\/\/www.correspondentevianopolino.com.br\/site\/wp-json\/wp\/v2\/posts\/121976\/revisions"}],"wp:featuredmedia":[{"embeddable":true,"href":"https:\/\/www.correspondentevianopolino.com.br\/site\/wp-json\/wp\/v2\/media\/121819"}],"wp:attachment":[{"href":"https:\/\/www.correspondentevianopolino.com.br\/site\/wp-json\/wp\/v2\/media?parent=121976"}],"wp:term":[{"taxonomy":"category","embeddable":true,"href":"https:\/\/www.correspondentevianopolino.com.br\/site\/wp-json\/wp\/v2\/categories?post=121976"},{"taxonomy":"post_tag","embeddable":true,"href":"https:\/\/www.correspondentevianopolino.com.br\/site\/wp-json\/wp\/v2\/tags?post=121976"}],"curies":[{"name":"wp","href":"https:\/\/api.w.org\/{rel}","templated":true}]}}