{"id":121981,"date":"2026-09-03T09:45:45","date_gmt":"2026-09-03T12:45:45","guid":{"rendered":"https:\/\/www.correspondentevianopolino.com.br\/site\/?p=121981"},"modified":"2026-09-03T09:47:56","modified_gmt":"2026-09-03T12:47:56","slug":"blazi","status":"publish","type":"post","link":"https:\/\/www.correspondentevianopolino.com.br\/site\/blazi\/","title":{"rendered":"MORADORES DO RESIDENCIAL BLAZI RECLAMAM DE FUMA\u00c7A, MAU CHEIRO E FULIGEM, PROVENIENTES DO INC\u00caNDIO NO ATERRO(LIX\u00c3O) E PEDEM PROVID\u00caNCIAS DA PREFEITURA"},"content":{"rendered":"\n<figure class=\"wp-block-image size-large\"><img decoding=\"async\" width=\"450\" height=\"675\" src=\"https:\/\/www.correspondentevianopolino.com.br\/site\/wp-content\/uploads\/2026\/08\/IMG-20260831-WA0261-450x675.jpg\" alt=\"\" class=\"wp-image-121910\" srcset=\"https:\/\/www.correspondentevianopolino.com.br\/site\/wp-content\/uploads\/2026\/08\/IMG-20260831-WA0261-450x675.jpg 450w, https:\/\/www.correspondentevianopolino.com.br\/site\/wp-content\/uploads\/2026\/08\/IMG-20260831-WA0261-200x300.jpg 200w, https:\/\/www.correspondentevianopolino.com.br\/site\/wp-content\/uploads\/2026\/08\/IMG-20260831-WA0261-465x698.jpg 465w, https:\/\/www.correspondentevianopolino.com.br\/site\/wp-content\/uploads\/2026\/08\/IMG-20260831-WA0261-768x1152.jpg 768w, https:\/\/www.correspondentevianopolino.com.br\/site\/wp-content\/uploads\/2026\/08\/IMG-20260831-WA0261.jpg 1024w\" sizes=\"(max-width: 450px) 100vw, 450px\" \/><\/figure>\n\n\n\n<p class=\"wp-block-paragraph\"><br>Moradores do Residencial Blazi reclamam da intensa fuma\u00e7a, mau cheiro e da fuligem provocados pelo inc\u00eandio que come\u00e7ou na \u00faltima sexta-feira no aterro sanit\u00e1rio, conhecido popularmente como lix\u00e3o de Vian\u00f3polis.<\/p>\n\n\n\n<p class=\"wp-block-paragraph\"><br>Segundo os moradores, a situa\u00e7\u00e3o tem prejudicado principalmente idosos, crian\u00e7as e pessoas com problemas respirat\u00f3rios.<\/p>\n\n\n\n<p class=\"wp-block-paragraph\"><br>Eles pedem que a Prefeitura de Vian\u00f3polis realize um mutir\u00e3o com caminh\u00f5es-pipa e m\u00e1quinas para combater o fogo e fazer com que o inc\u00eandio seja debelado totalmente, encerrando de vez a emiss\u00e3o de fuma\u00e7a na regi\u00e3o.<\/p>\n","protected":false},"excerpt":{"rendered":"<p>Moradores do Residencial Blazi reclamam da intensa fuma\u00e7a, mau cheiro e da fuligem provocados pelo inc\u00eandio que come\u00e7ou na \u00faltima [&hellip;]<\/p>\n","protected":false},"author":2,"featured_media":121995,"comment_status":"open","ping_status":"closed","sticky":false,"template":"","format":"standard","meta":{"_uag_custom_page_level_css":"","site-sidebar-layout":"default","site-content-layout":"","ast-site-content-layout":"default","site-content-style":"default","site-sidebar-style":"default","ast-global-header-display":"","ast-banner-title-visibility":"","ast-main-header-display":"","ast-hfb-above-header-display":"","ast-hfb-below-header-display":"","ast-hfb-mobile-header-display":"","site-post-title":"","ast-breadcrumbs-content":"","ast-featured-img":"","footer-sml-layout":"","ast-disable-related-posts":"","theme-transparent-header-meta":"","adv-header-id-meta":"","stick-header-meta":"","header-above-stick-meta":"","header-main-stick-meta":"","header-below-stick-meta":"","astra-migrate-meta-layouts":"default","ast-page-background-enabled":"default","ast-page-background-meta":{"desktop":{"background-color":"var(--ast-global-color-4)","background-image":"","background-repeat":"repeat","background-position":"center center","background-size":"auto","background-attachment":"scroll","background-type":"","background-media":"","overlay-type":"","overlay-color":"","overlay-opacity":"","overlay-gradient":""},"tablet":{"background-color":"","background-image":"","background-repeat":"repeat","background-position":"center center","background-size":"auto","background-attachment":"scroll","background-type":"","background-media":"","overlay-type":"","overlay-color":"","overlay-opacity":"","overlay-gradient":""},"mobile":{"background-color":"","background-image":"","background-repeat":"repeat","background-position":"center center","background-size":"auto","background-attachment":"scroll","background-type":"","background-media":"","overlay-type":"","overlay-color":"","overlay-opacity":"","overlay-gradient":""}},"ast-content-background-meta":{"desktop":{"background-color":"var(--ast-global-color-5)","background-image":"","background-repeat":"repeat","background-position":"center center","background-size":"auto","background-attachment":"scroll","background-type":"","background-media":"","overlay-type":"","overlay-color":"","overlay-opacity":"","overlay-gradient":""},"tablet":{"background-color":"var(--ast-global-color-5)","background-image":"","background-repeat":"repeat","background-position":"center center","background-size":"auto","background-attachment":"scroll","background-type":"","background-media":"","overlay-type":"","overlay-color":"","overlay-opacity":"","overlay-gradient":""},"mobile":{"background-color":"var(--ast-global-color-5)","background-image":"","background-repeat":"repeat","background-position":"center center","background-size":"auto","background-attachment":"scroll","background-type":"","background-media":"","overlay-type":"","overlay-color":"","overlay-opacity":"","overlay-gradient":""}},"footnotes":""},"categories":[1],"tags":[],"class_list":["post-121981","post","type-post","status-publish","format-standard","has-post-thumbnail","hentry","category-ultimas"],"uagb_featured_image_src":{"full":["https:\/\/www.correspondentevianopolino.com.br\/site\/wp-content\/uploads\/2026\/09\/file_000000004234820e822dfe8a4d753a3f.png",1536,1024,false],"thumbnail":["https:\/\/www.correspondentevianopolino.com.br\/site\/wp-content\/uploads\/2026\/09\/file_000000004234820e822dfe8a4d753a3f-465x310.png",465,310,true],"medium":["https:\/\/www.correspondentevianopolino.com.br\/site\/wp-content\/uploads\/2026\/09\/file_000000004234820e822dfe8a4d753a3f-300x200.png",300,200,true],"medium_large":["https:\/\/www.correspondentevianopolino.com.br\/site\/wp-content\/uploads\/2026\/09\/file_000000004234820e822dfe8a4d753a3f-768x512.png",768,512,true],"large":["https:\/\/www.correspondentevianopolino.com.br\/site\/wp-content\/uploads\/2026\/09\/file_000000004234820e822dfe8a4d753a3f-1013x675.png",1013,675,true],"1536x1536":["https:\/\/www.correspondentevianopolino.com.br\/site\/wp-content\/uploads\/2026\/09\/file_000000004234820e822dfe8a4d753a3f.png",1536,1024,false],"2048x2048":["https:\/\/www.correspondentevianopolino.com.br\/site\/wp-content\/uploads\/2026\/09\/file_000000004234820e822dfe8a4d753a3f.png",1536,1024,false]},"uagb_author_info":{"display_name":"Ol\u00edvio Lemos","author_link":"https:\/\/www.correspondentevianopolino.com.br\/site\/author\/olivio\/"},"uagb_comment_info":1,"uagb_excerpt":"Moradores do Residencial Blazi reclamam da intensa fuma\u00e7a, mau cheiro e da fuligem provocados pelo inc\u00eandio que come\u00e7ou na \u00faltima [&hellip;]","_links":{"self":[{"href":"https:\/\/www.correspondentevianopolino.com.br\/site\/wp-json\/wp\/v2\/posts\/121981","targetHints":{"allow":["GET"]}}],"collection":[{"href":"https:\/\/www.correspondentevianopolino.com.br\/site\/wp-json\/wp\/v2\/posts"}],"about":[{"href":"https:\/\/www.correspondentevianopolino.com.br\/site\/wp-json\/wp\/v2\/types\/post"}],"author":[{"embeddable":true,"href":"https:\/\/www.correspondentevianopolino.com.br\/site\/wp-json\/wp\/v2\/users\/2"}],"replies":[{"embeddable":true,"href":"https:\/\/www.correspondentevianopolino.com.br\/site\/wp-json\/wp\/v2\/comments?post=121981"}],"version-history":[{"count":0,"href":"https:\/\/www.correspondentevianopolino.com.br\/site\/wp-json\/wp\/v2\/posts\/121981\/revisions"}],"wp:attachment":[{"href":"https:\/\/www.correspondentevianopolino.com.br\/site\/wp-json\/wp\/v2\/media?parent=121981"}],"wp:term":[{"taxonomy":"category","embeddable":true,"href":"https:\/\/www.correspondentevianopolino.com.br\/site\/wp-json\/wp\/v2\/categories?post=121981"},{"taxonomy":"post_tag","embeddable":true,"href":"https:\/\/www.correspondentevianopolino.com.br\/site\/wp-json\/wp\/v2\/tags?post=121981"}],"curies":[{"name":"wp","href":"https:\/\/api.w.org\/{rel}","templated":true}]}}