{"id":122037,"date":"2026-09-04T17:59:04","date_gmt":"2026-09-04T20:59:04","guid":{"rendered":"https:\/\/www.correspondentevianopolino.com.br\/site\/?p=122037"},"modified":"2026-09-04T18:12:00","modified_gmt":"2026-09-04T21:12:00","slug":"delegado-8","status":"publish","type":"post","link":"https:\/\/www.correspondentevianopolino.com.br\/site\/delegado-8\/","title":{"rendered":"POL\u00cdCIA CIVIL APREENDE ARSENAL E MAIS DE 400 MUNI\u00c7\u00d5ES NO CENTRO DE VIAN\u00d3POLIS&#8230;VEJA V\u00cdDEO"},"content":{"rendered":"\n<figure class=\"wp-block-image size-large\"><img decoding=\"async\" width=\"450\" height=\"675\" src=\"https:\/\/www.correspondentevianopolino.com.br\/site\/wp-content\/uploads\/2026\/08\/IMG-20260831-WA0261-450x675.jpg\" alt=\"\" class=\"wp-image-121910\" srcset=\"https:\/\/www.correspondentevianopolino.com.br\/site\/wp-content\/uploads\/2026\/08\/IMG-20260831-WA0261-450x675.jpg 450w, https:\/\/www.correspondentevianopolino.com.br\/site\/wp-content\/uploads\/2026\/08\/IMG-20260831-WA0261-200x300.jpg 200w, https:\/\/www.correspondentevianopolino.com.br\/site\/wp-content\/uploads\/2026\/08\/IMG-20260831-WA0261-465x698.jpg 465w, https:\/\/www.correspondentevianopolino.com.br\/site\/wp-content\/uploads\/2026\/08\/IMG-20260831-WA0261-768x1152.jpg 768w, https:\/\/www.correspondentevianopolino.com.br\/site\/wp-content\/uploads\/2026\/08\/IMG-20260831-WA0261.jpg 1024w\" sizes=\"(max-width: 450px) 100vw, 450px\" \/><\/figure>\n\n\n\n<p class=\"wp-block-paragraph\"><br>A Pol\u00edcia Civil de Vian\u00f3polis, sob o comando do Delegado Kennet, apreendeu, nesta sexta-feira, 04\/09 um arsenal de armas e 420 muni\u00e7\u00f5es durante o cumprimento de um mandado de busca e apreens\u00e3o em Vian\u00f3polis, dentro de uma investiga\u00e7\u00e3o relacionada a suposta viol\u00eancia dom\u00e9stica.<\/p>\n\n\n\n<p class=\"wp-block-paragraph\"><br>No im\u00f3vel foram encontrados um fuzil calibre .308, uma espingarda calibre 12, uma carabina .22 Magnum e uma pistola 9mm, al\u00e9m de carregadores, lunetas, mira laser e outros acess\u00f3rios<\/p>\n\n\n\n<p class=\"wp-block-paragraph\">.<br>O material foi apreendido e ser\u00e1 periciado.<\/p>\n\n\n\n<p class=\"wp-block-paragraph\"> A investiga\u00e7\u00e3o continua.<\/p>\n\n\n\n<p class=\"wp-block-paragraph\">O nome do investigado n\u00e3o foi divulgado pela Pol\u00edcia Civil.<\/p>\n\n\n\n<p class=\"wp-block-paragraph\">VEJA V\u00cdDEO COM A FALA DO DELEGADO DE POL\u00cdCIA:<\/p>\n\n\n\n<figure class=\"wp-block-video\"><video height=\"850\" style=\"aspect-ratio: 478 \/ 850;\" width=\"478\" controls src=\"https:\/\/www.correspondentevianopolino.com.br\/site\/wp-content\/uploads\/2026\/09\/WhatsApp-Video-2026-09-04-at-16.52.38.mp4\"><\/video><\/figure>\n\n\n\n<figure class=\"wp-block-image size-large\"><img decoding=\"async\" width=\"462\" height=\"675\" src=\"https:\/\/www.correspondentevianopolino.com.br\/site\/wp-content\/uploads\/2026\/09\/1005980025-462x675.jpg\" alt=\"\" class=\"wp-image-122046\" srcset=\"https:\/\/www.correspondentevianopolino.com.br\/site\/wp-content\/uploads\/2026\/09\/1005980025-462x675.jpg 462w, https:\/\/www.correspondentevianopolino.com.br\/site\/wp-content\/uploads\/2026\/09\/1005980025-206x300.jpg 206w, https:\/\/www.correspondentevianopolino.com.br\/site\/wp-content\/uploads\/2026\/09\/1005980025-464x678.jpg 464w, https:\/\/www.correspondentevianopolino.com.br\/site\/wp-content\/uploads\/2026\/09\/1005980025-768x1121.jpg 768w, https:\/\/www.correspondentevianopolino.com.br\/site\/wp-content\/uploads\/2026\/09\/1005980025-1052x1536.jpg 1052w, https:\/\/www.correspondentevianopolino.com.br\/site\/wp-content\/uploads\/2026\/09\/1005980025.jpg 1080w\" sizes=\"(max-width: 462px) 100vw, 462px\" \/><\/figure>\n\n\n\n<figure class=\"wp-block-image size-large\"><img decoding=\"async\" width=\"465\" height=\"675\" src=\"https:\/\/www.correspondentevianopolino.com.br\/site\/wp-content\/uploads\/2026\/09\/1005980029-465x675-1.jpg\" alt=\"\" class=\"wp-image-122047\" srcset=\"https:\/\/www.correspondentevianopolino.com.br\/site\/wp-content\/uploads\/2026\/09\/1005980029-465x675-1.jpg 465w, https:\/\/www.correspondentevianopolino.com.br\/site\/wp-content\/uploads\/2026\/09\/1005980029-207x300.jpg 207w, https:\/\/www.correspondentevianopolino.com.br\/site\/wp-content\/uploads\/2026\/09\/1005980029-767x1115.jpg 767w, https:\/\/www.correspondentevianopolino.com.br\/site\/wp-content\/uploads\/2026\/09\/1005980029-1057x1536.jpg 1057w, https:\/\/www.correspondentevianopolino.com.br\/site\/wp-content\/uploads\/2026\/09\/1005980029.jpg 1080w\" sizes=\"(max-width: 465px) 100vw, 465px\" \/><\/figure>\n","protected":false},"excerpt":{"rendered":"<p>A Pol\u00edcia Civil de Vian\u00f3polis, sob o comando do Delegado Kennet, apreendeu, nesta sexta-feira, 04\/09 um arsenal de armas e [&hellip;]<\/p>\n","protected":false},"author":2,"featured_media":122045,"comment_status":"open","ping_status":"closed","sticky":false,"template":"","format":"standard","meta":{"_uag_custom_page_level_css":"","site-sidebar-layout":"default","site-content-layout":"","ast-site-content-layout":"default","site-content-style":"default","site-sidebar-style":"default","ast-global-header-display":"","ast-banner-title-visibility":"","ast-main-header-display":"","ast-hfb-above-header-display":"","ast-hfb-below-header-display":"","ast-hfb-mobile-header-display":"","site-post-title":"","ast-breadcrumbs-content":"","ast-featured-img":"","footer-sml-layout":"","ast-disable-related-posts":"","theme-transparent-header-meta":"","adv-header-id-meta":"","stick-header-meta":"","header-above-stick-meta":"","header-main-stick-meta":"","header-below-stick-meta":"","astra-migrate-meta-layouts":"default","ast-page-background-enabled":"default","ast-page-background-meta":{"desktop":{"background-color":"var(--ast-global-color-4)","background-image":"","background-repeat":"repeat","background-position":"center center","background-size":"auto","background-attachment":"scroll","background-type":"","background-media":"","overlay-type":"","overlay-color":"","overlay-opacity":"","overlay-gradient":""},"tablet":{"background-color":"","background-image":"","background-repeat":"repeat","background-position":"center center","background-size":"auto","background-attachment":"scroll","background-type":"","background-media":"","overlay-type":"","overlay-color":"","overlay-opacity":"","overlay-gradient":""},"mobile":{"background-color":"","background-image":"","background-repeat":"repeat","background-position":"center center","background-size":"auto","background-attachment":"scroll","background-type":"","background-media":"","overlay-type":"","overlay-color":"","overlay-opacity":"","overlay-gradient":""}},"ast-content-background-meta":{"desktop":{"background-color":"var(--ast-global-color-5)","background-image":"","background-repeat":"repeat","background-position":"center center","background-size":"auto","background-attachment":"scroll","background-type":"","background-media":"","overlay-type":"","overlay-color":"","overlay-opacity":"","overlay-gradient":""},"tablet":{"background-color":"var(--ast-global-color-5)","background-image":"","background-repeat":"repeat","background-position":"center center","background-size":"auto","background-attachment":"scroll","background-type":"","background-media":"","overlay-type":"","overlay-color":"","overlay-opacity":"","overlay-gradient":""},"mobile":{"background-color":"var(--ast-global-color-5)","background-image":"","background-repeat":"repeat","background-position":"center center","background-size":"auto","background-attachment":"scroll","background-type":"","background-media":"","overlay-type":"","overlay-color":"","overlay-opacity":"","overlay-gradient":""}},"footnotes":""},"categories":[1],"tags":[],"class_list":["post-122037","post","type-post","status-publish","format-standard","has-post-thumbnail","hentry","category-ultimas"],"uagb_featured_image_src":{"full":["https:\/\/www.correspondentevianopolino.com.br\/site\/wp-content\/uploads\/2026\/09\/Delegado-1.png",1900,1267,false],"thumbnail":["https:\/\/www.correspondentevianopolino.com.br\/site\/wp-content\/uploads\/2026\/09\/Delegado-1-465x310.png",465,310,true],"medium":["https:\/\/www.correspondentevianopolino.com.br\/site\/wp-content\/uploads\/2026\/09\/Delegado-1-300x200.png",300,200,true],"medium_large":["https:\/\/www.correspondentevianopolino.com.br\/site\/wp-content\/uploads\/2026\/09\/Delegado-1-768x512.png",768,512,true],"large":["https:\/\/www.correspondentevianopolino.com.br\/site\/wp-content\/uploads\/2026\/09\/Delegado-1-1012x675.png",1012,675,true],"1536x1536":["https:\/\/www.correspondentevianopolino.com.br\/site\/wp-content\/uploads\/2026\/09\/Delegado-1-1536x1024.png",1536,1024,true],"2048x2048":["https:\/\/www.correspondentevianopolino.com.br\/site\/wp-content\/uploads\/2026\/09\/Delegado-1.png",1900,1267,false]},"uagb_author_info":{"display_name":"Ol\u00edvio Lemos","author_link":"https:\/\/www.correspondentevianopolino.com.br\/site\/author\/olivio\/"},"uagb_comment_info":5,"uagb_excerpt":"A Pol\u00edcia Civil de Vian\u00f3polis, sob o comando do Delegado Kennet, apreendeu, nesta sexta-feira, 04\/09 um arsenal de armas e [&hellip;]","_links":{"self":[{"href":"https:\/\/www.correspondentevianopolino.com.br\/site\/wp-json\/wp\/v2\/posts\/122037","targetHints":{"allow":["GET"]}}],"collection":[{"href":"https:\/\/www.correspondentevianopolino.com.br\/site\/wp-json\/wp\/v2\/posts"}],"about":[{"href":"https:\/\/www.correspondentevianopolino.com.br\/site\/wp-json\/wp\/v2\/types\/post"}],"author":[{"embeddable":true,"href":"https:\/\/www.correspondentevianopolino.com.br\/site\/wp-json\/wp\/v2\/users\/2"}],"replies":[{"embeddable":true,"href":"https:\/\/www.correspondentevianopolino.com.br\/site\/wp-json\/wp\/v2\/comments?post=122037"}],"version-history":[{"count":0,"href":"https:\/\/www.correspondentevianopolino.com.br\/site\/wp-json\/wp\/v2\/posts\/122037\/revisions"}],"wp:featuredmedia":[{"embeddable":true,"href":"https:\/\/www.correspondentevianopolino.com.br\/site\/wp-json\/wp\/v2\/media\/122045"}],"wp:attachment":[{"href":"https:\/\/www.correspondentevianopolino.com.br\/site\/wp-json\/wp\/v2\/media?parent=122037"}],"wp:term":[{"taxonomy":"category","embeddable":true,"href":"https:\/\/www.correspondentevianopolino.com.br\/site\/wp-json\/wp\/v2\/categories?post=122037"},{"taxonomy":"post_tag","embeddable":true,"href":"https:\/\/www.correspondentevianopolino.com.br\/site\/wp-json\/wp\/v2\/tags?post=122037"}],"curies":[{"name":"wp","href":"https:\/\/api.w.org\/{rel}","templated":true}]}}