{"id":12232,"date":"2016-06-13T18:12:26","date_gmt":"2016-06-13T21:12:26","guid":{"rendered":"http:\/\/www.correspondentevianopolino.com.br\/?p=12232"},"modified":"2016-06-14T21:26:33","modified_gmt":"2016-06-15T00:26:33","slug":"agfassociacao-geracao-futuro-preparando-um-futuro-melhor-para-novas-geracoes","status":"publish","type":"post","link":"https:\/\/www.correspondentevianopolino.com.br\/site\/agfassociacao-geracao-futuro-preparando-um-futuro-melhor-para-novas-geracoes\/","title":{"rendered":"AGF (Associa\u00e7\u00e3o Gera\u00e7\u00e3o Futuro), preparando um futuro melhor para novas gera\u00e7\u00f5es"},"content":{"rendered":"<p><strong>Por Alex de Faria (Colaborador do Correspondente Vianopolino)<\/strong><\/p>\n<p>A AGF-Associa\u00e7\u00e3o Gera\u00e7\u00e3o Futuro \u00e9 resultado do esfor\u00e7o comum das pessoas sensibilizadas na busca de atendimento permanente e eficaz na \u00e1rea da inf\u00e2ncia e juventude, com o objetivo de prevenir crimes, fornecer qualifica\u00e7\u00e3o profissional e dar apoio a crian\u00e7as e adolescentes, bem como a seus familiares, para se desenvolverem socioeconomicamente.<\/p>\n<p>O marco inicial dos trabalhos \u00e9 creditado \u00e0 reimplanta\u00e7\u00e3o do PROERD em Vian\u00f3polis. O projeto consiste em um trabalho preventivo, desenvolvido pela Pol\u00edcia Militar com alunos do 5\u00ba (quinto) ano, no qual se busca valorizar a autoestima das crian\u00e7as e demonstrar os malef\u00edcios do tr\u00e1fico e uso de drogas.<\/p>\n<p>Atualmente, a AGF desenvolve o projeto de uma horta org\u00e2nica, que deve ser utilizada por adolescentes no cumprimento de medidas socioeducativas, al\u00e9m de oferecer produtos saud\u00e1veis e de qualidade aos consumidores.<\/p>\n<p>Tamb\u00e9m est\u00e1 em funcionamento uma f\u00e1brica de cer\u00e2mica, que atende 40 crian\u00e7as e adolescentes da rede p\u00fablica de ensino, com o objetivo de capacitar estes jovens para o mercado de trabalho, al\u00e9m de proporcionar, no futuro, distribui\u00e7\u00e3o de renda com a comercializa\u00e7\u00e3o dos objetos fabricados.<\/p>\n<p>Al\u00e9m disso, os alunos da AGF contam com apoio psicopedag\u00f3gico, al\u00e9m da assist\u00eancia de equipe multidisciplinar aos familiares, na busca de solu\u00e7\u00e3o para eventuais conflitos.<\/p>\n<p>Outro projeto desenvolvido pala AGF consiste na confec\u00e7\u00e3o de artefatos de cimento, tais como vasos e objetos de enfeites do jardim, que tamb\u00e9m ser\u00e3o apresentados e confeccionados por nossas crian\u00e7as num futuro pr\u00f3ximo.<\/p>\n<p>Portanto, a AGF tem o prop\u00f3sito de e reduzir os \u00edndices de viol\u00eancia e marginalidade na comunidade, e oportunizar atividades educativas voltadas para o desenvolvimento integral de crian\u00e7as, adolescentes e jovens que vivem em situa\u00e7\u00e3o de vulnerabilidade e risco social, atrav\u00e9s de condi\u00e7\u00f5es f\u00edsicas e emocionais de proverem pra si pr\u00f3prios uma vida mais digna, com autonomia e respeito m\u00fatuo.<\/p>\n<p>Finalmente, importante destacar que a associa\u00e7\u00e3o n\u00e3o tem fins lucrativos, muito menos qualquer interesse pol\u00edtico-partid\u00e1rio, com atua\u00e7\u00e3o de pessoas volunt\u00e1rias em busca da concretiza\u00e7\u00e3o de seus objetivos.<\/p>\n<p>Em nota, o presidente da AGF, Roberto dos Santos Moura, destacou o trabalho das coordenadoras Maria Jos\u00e9 Caixeta e Geni Pereira de Souza, do professor Marcus, da cidade de Ipameri (aulas de cer\u00e2micas em argila), e da professora Maria Floriano (aulas de bordado \u00e0s segundas-feiras, nos per\u00edodos matutino e vespertino).<\/p>\n<p>Destacou tamb\u00e9m O PREPARAT\u00d3RIO ESCOLAR, projeto que visa acrescentar conhecimento aos jovens de nosso munic\u00edpio, ministrado pela professora Vera Martins (aulas \u00e0s quartas-feiras, pela manh\u00e3 e \u00e0 tarde).<\/p>\n<p>Todos os trabalhos s\u00e3o volunt\u00e1rios e quem tiver interesse em participar \u00e9 s\u00f3 falar com as coordenadoras da AGF.<\/p>\n","protected":false},"excerpt":{"rendered":"<p>Por Alex de Faria (Colaborador do Correspondente Vianopolino) A AGF-Associa\u00e7\u00e3o Gera\u00e7\u00e3o Futuro \u00e9 resultado do esfor\u00e7o comum das pessoas sensibilizadas [&hellip;]<\/p>\n","protected":false},"author":2,"featured_media":12237,"comment_status":"closed","ping_status":"closed","sticky":false,"template":"","format":"standard","meta":{"_uag_custom_page_level_css":"","site-sidebar-layout":"default","site-content-layout":"","ast-site-content-layout":"default","site-content-style":"default","site-sidebar-style":"default","ast-global-header-display":"","ast-banner-title-visibility":"","ast-main-header-display":"","ast-hfb-above-header-display":"","ast-hfb-below-header-display":"","ast-hfb-mobile-header-display":"","site-post-title":"","ast-breadcrumbs-content":"","ast-featured-img":"","footer-sml-layout":"","ast-disable-related-posts":"","theme-transparent-header-meta":"","adv-header-id-meta":"","stick-header-meta":"","header-above-stick-meta":"","header-main-stick-meta":"","header-below-stick-meta":"","astra-migrate-meta-layouts":"default","ast-page-background-enabled":"default","ast-page-background-meta":{"desktop":{"background-color":"var(--ast-global-color-4)","background-image":"","background-repeat":"repeat","background-position":"center center","background-size":"auto","background-attachment":"scroll","background-type":"","background-media":"","overlay-type":"","overlay-color":"","overlay-opacity":"","overlay-gradient":""},"tablet":{"background-color":"","background-image":"","background-repeat":"repeat","background-position":"center center","background-size":"auto","background-attachment":"scroll","background-type":"","background-media":"","overlay-type":"","overlay-color":"","overlay-opacity":"","overlay-gradient":""},"mobile":{"background-color":"","background-image":"","background-repeat":"repeat","background-position":"center center","background-size":"auto","background-attachment":"scroll","background-type":"","background-media":"","overlay-type":"","overlay-color":"","overlay-opacity":"","overlay-gradient":""}},"ast-content-background-meta":{"desktop":{"background-color":"var(--ast-global-color-5)","background-image":"","background-repeat":"repeat","background-position":"center center","background-size":"auto","background-attachment":"scroll","background-type":"","background-media":"","overlay-type":"","overlay-color":"","overlay-opacity":"","overlay-gradient":""},"tablet":{"background-color":"var(--ast-global-color-5)","background-image":"","background-repeat":"repeat","background-position":"center center","background-size":"auto","background-attachment":"scroll","background-type":"","background-media":"","overlay-type":"","overlay-color":"","overlay-opacity":"","overlay-gradient":""},"mobile":{"background-color":"var(--ast-global-color-5)","background-image":"","background-repeat":"repeat","background-position":"center center","background-size":"auto","background-attachment":"scroll","background-type":"","background-media":"","overlay-type":"","overlay-color":"","overlay-opacity":"","overlay-gradient":""}},"footnotes":""},"categories":[],"tags":[],"class_list":["post-12232","post","type-post","status-publish","format-standard","has-post-thumbnail","hentry"],"uagb_featured_image_src":{"full":["https:\/\/www.correspondentevianopolino.com.br\/site\/wp-content\/uploads\/2016\/06\/DSC_0003-1.jpg",640,427,false],"thumbnail":["https:\/\/www.correspondentevianopolino.com.br\/site\/wp-content\/uploads\/2016\/06\/DSC_0003-1-150x150.jpg",150,150,true],"medium":["https:\/\/www.correspondentevianopolino.com.br\/site\/wp-content\/uploads\/2016\/06\/DSC_0003-1-300x200.jpg",300,200,true],"medium_large":["https:\/\/www.correspondentevianopolino.com.br\/site\/wp-content\/uploads\/2016\/06\/DSC_0003-1.jpg",640,427,false],"large":["https:\/\/www.correspondentevianopolino.com.br\/site\/wp-content\/uploads\/2016\/06\/DSC_0003-1.jpg",640,427,false],"1536x1536":["https:\/\/www.correspondentevianopolino.com.br\/site\/wp-content\/uploads\/2016\/06\/DSC_0003-1.jpg",640,427,false],"2048x2048":["https:\/\/www.correspondentevianopolino.com.br\/site\/wp-content\/uploads\/2016\/06\/DSC_0003-1.jpg",640,427,false]},"uagb_author_info":{"display_name":"Ol\u00edvio Lemos","author_link":"https:\/\/www.correspondentevianopolino.com.br\/site\/author\/olivio\/"},"uagb_comment_info":1,"uagb_excerpt":"Por Alex de Faria (Colaborador do Correspondente Vianopolino) A AGF-Associa\u00e7\u00e3o Gera\u00e7\u00e3o Futuro \u00e9 resultado do esfor\u00e7o comum das pessoas sensibilizadas [&hellip;]","_links":{"self":[{"href":"https:\/\/www.correspondentevianopolino.com.br\/site\/wp-json\/wp\/v2\/posts\/12232","targetHints":{"allow":["GET"]}}],"collection":[{"href":"https:\/\/www.correspondentevianopolino.com.br\/site\/wp-json\/wp\/v2\/posts"}],"about":[{"href":"https:\/\/www.correspondentevianopolino.com.br\/site\/wp-json\/wp\/v2\/types\/post"}],"author":[{"embeddable":true,"href":"https:\/\/www.correspondentevianopolino.com.br\/site\/wp-json\/wp\/v2\/users\/2"}],"replies":[{"embeddable":true,"href":"https:\/\/www.correspondentevianopolino.com.br\/site\/wp-json\/wp\/v2\/comments?post=12232"}],"version-history":[{"count":0,"href":"https:\/\/www.correspondentevianopolino.com.br\/site\/wp-json\/wp\/v2\/posts\/12232\/revisions"}],"wp:featuredmedia":[{"embeddable":true,"href":"https:\/\/www.correspondentevianopolino.com.br\/site\/wp-json\/wp\/v2\/media\/12237"}],"wp:attachment":[{"href":"https:\/\/www.correspondentevianopolino.com.br\/site\/wp-json\/wp\/v2\/media?parent=12232"}],"wp:term":[{"taxonomy":"category","embeddable":true,"href":"https:\/\/www.correspondentevianopolino.com.br\/site\/wp-json\/wp\/v2\/categories?post=12232"},{"taxonomy":"post_tag","embeddable":true,"href":"https:\/\/www.correspondentevianopolino.com.br\/site\/wp-json\/wp\/v2\/tags?post=12232"}],"curies":[{"name":"wp","href":"https:\/\/api.w.org\/{rel}","templated":true}]}}