{"id":12244,"date":"2016-06-14T06:07:12","date_gmt":"2016-06-14T09:07:12","guid":{"rendered":"http:\/\/www.correspondentevianopolino.com.br\/?p=12244"},"modified":"2016-06-14T21:25:53","modified_gmt":"2016-06-15T00:25:53","slug":"mais-um-ex-vereador-anuncia-que-e-pre-candidato-nas-eleicoes-deste-ano","status":"publish","type":"post","link":"https:\/\/www.correspondentevianopolino.com.br\/site\/mais-um-ex-vereador-anuncia-que-e-pre-candidato-nas-eleicoes-deste-ano\/","title":{"rendered":"Ex-presidente da C\u00e2mara Municipal anuncia que \u00e9 pr\u00e9-candidato a vereador nas elei\u00e7\u00f5es deste ano"},"content":{"rendered":"<p>Ele foi vereador em Vian\u00f3polis no per\u00edodo de 2009 a 2012, tendo, inclusive, presidido a C\u00e2mara Municipal no ano de 2010. Ele agora quer retornar \u00e0 C\u00e2mara Municipal, uma vez que anunciou oficialmente que \u00e9 pr\u00e9-candidato ao legislativo vianopolino nas elei\u00e7\u00f5es municipais deste ano.<br \/>\nEdmilson da Silva (Nena), que nas elei\u00e7\u00f5es de 2008 foi eleito obtendo 198 votos, \u00e9 mais um ex-vereador a anunciar pr\u00e9-candidatura.<br \/>\nEdmilson da Silva (Nena), filiado ao PDT, vem trabalhando intensamente, buscando apoio para sua pr\u00e9-candidatura.<\/p>\n","protected":false},"excerpt":{"rendered":"<p>Ele foi vereador em Vian\u00f3polis no per\u00edodo de 2009 a 2012, tendo, inclusive, presidido a C\u00e2mara Municipal no ano de [&hellip;]<\/p>\n","protected":false},"author":2,"featured_media":12261,"comment_status":"closed","ping_status":"closed","sticky":false,"template":"","format":"standard","meta":{"_uag_custom_page_level_css":"","site-sidebar-layout":"default","site-content-layout":"","ast-site-content-layout":"default","site-content-style":"default","site-sidebar-style":"default","ast-global-header-display":"","ast-banner-title-visibility":"","ast-main-header-display":"","ast-hfb-above-header-display":"","ast-hfb-below-header-display":"","ast-hfb-mobile-header-display":"","site-post-title":"","ast-breadcrumbs-content":"","ast-featured-img":"","footer-sml-layout":"","ast-disable-related-posts":"","theme-transparent-header-meta":"","adv-header-id-meta":"","stick-header-meta":"","header-above-stick-meta":"","header-main-stick-meta":"","header-below-stick-meta":"","astra-migrate-meta-layouts":"default","ast-page-background-enabled":"default","ast-page-background-meta":{"desktop":{"background-color":"var(--ast-global-color-4)","background-image":"","background-repeat":"repeat","background-position":"center center","background-size":"auto","background-attachment":"scroll","background-type":"","background-media":"","overlay-type":"","overlay-color":"","overlay-opacity":"","overlay-gradient":""},"tablet":{"background-color":"","background-image":"","background-repeat":"repeat","background-position":"center center","background-size":"auto","background-attachment":"scroll","background-type":"","background-media":"","overlay-type":"","overlay-color":"","overlay-opacity":"","overlay-gradient":""},"mobile":{"background-color":"","background-image":"","background-repeat":"repeat","background-position":"center center","background-size":"auto","background-attachment":"scroll","background-type":"","background-media":"","overlay-type":"","overlay-color":"","overlay-opacity":"","overlay-gradient":""}},"ast-content-background-meta":{"desktop":{"background-color":"var(--ast-global-color-5)","background-image":"","background-repeat":"repeat","background-position":"center center","background-size":"auto","background-attachment":"scroll","background-type":"","background-media":"","overlay-type":"","overlay-color":"","overlay-opacity":"","overlay-gradient":""},"tablet":{"background-color":"var(--ast-global-color-5)","background-image":"","background-repeat":"repeat","background-position":"center center","background-size":"auto","background-attachment":"scroll","background-type":"","background-media":"","overlay-type":"","overlay-color":"","overlay-opacity":"","overlay-gradient":""},"mobile":{"background-color":"var(--ast-global-color-5)","background-image":"","background-repeat":"repeat","background-position":"center center","background-size":"auto","background-attachment":"scroll","background-type":"","background-media":"","overlay-type":"","overlay-color":"","overlay-opacity":"","overlay-gradient":""}},"footnotes":""},"categories":[],"tags":[],"class_list":["post-12244","post","type-post","status-publish","format-standard","has-post-thumbnail","hentry"],"uagb_featured_image_src":{"full":["https:\/\/www.correspondentevianopolino.com.br\/site\/wp-content\/uploads\/2016\/06\/EDM\u00cdLSON-DA-SILVA-01.jpg",336,411,false],"thumbnail":["https:\/\/www.correspondentevianopolino.com.br\/site\/wp-content\/uploads\/2016\/06\/EDM\u00cdLSON-DA-SILVA-01-150x150.jpg",150,150,true],"medium":["https:\/\/www.correspondentevianopolino.com.br\/site\/wp-content\/uploads\/2016\/06\/EDM\u00cdLSON-DA-SILVA-01-245x300.jpg",245,300,true],"medium_large":["https:\/\/www.correspondentevianopolino.com.br\/site\/wp-content\/uploads\/2016\/06\/EDM\u00cdLSON-DA-SILVA-01.jpg",336,411,false],"large":["https:\/\/www.correspondentevianopolino.com.br\/site\/wp-content\/uploads\/2016\/06\/EDM\u00cdLSON-DA-SILVA-01.jpg",336,411,false],"1536x1536":["https:\/\/www.correspondentevianopolino.com.br\/site\/wp-content\/uploads\/2016\/06\/EDM\u00cdLSON-DA-SILVA-01.jpg",336,411,false],"2048x2048":["https:\/\/www.correspondentevianopolino.com.br\/site\/wp-content\/uploads\/2016\/06\/EDM\u00cdLSON-DA-SILVA-01.jpg",336,411,false]},"uagb_author_info":{"display_name":"Ol\u00edvio Lemos","author_link":"https:\/\/www.correspondentevianopolino.com.br\/site\/author\/olivio\/"},"uagb_comment_info":0,"uagb_excerpt":"Ele foi vereador em Vian\u00f3polis no per\u00edodo de 2009 a 2012, tendo, inclusive, presidido a C\u00e2mara Municipal no ano de [&hellip;]","_links":{"self":[{"href":"https:\/\/www.correspondentevianopolino.com.br\/site\/wp-json\/wp\/v2\/posts\/12244","targetHints":{"allow":["GET"]}}],"collection":[{"href":"https:\/\/www.correspondentevianopolino.com.br\/site\/wp-json\/wp\/v2\/posts"}],"about":[{"href":"https:\/\/www.correspondentevianopolino.com.br\/site\/wp-json\/wp\/v2\/types\/post"}],"author":[{"embeddable":true,"href":"https:\/\/www.correspondentevianopolino.com.br\/site\/wp-json\/wp\/v2\/users\/2"}],"replies":[{"embeddable":true,"href":"https:\/\/www.correspondentevianopolino.com.br\/site\/wp-json\/wp\/v2\/comments?post=12244"}],"version-history":[{"count":0,"href":"https:\/\/www.correspondentevianopolino.com.br\/site\/wp-json\/wp\/v2\/posts\/12244\/revisions"}],"wp:featuredmedia":[{"embeddable":true,"href":"https:\/\/www.correspondentevianopolino.com.br\/site\/wp-json\/wp\/v2\/media\/12261"}],"wp:attachment":[{"href":"https:\/\/www.correspondentevianopolino.com.br\/site\/wp-json\/wp\/v2\/media?parent=12244"}],"wp:term":[{"taxonomy":"category","embeddable":true,"href":"https:\/\/www.correspondentevianopolino.com.br\/site\/wp-json\/wp\/v2\/categories?post=12244"},{"taxonomy":"post_tag","embeddable":true,"href":"https:\/\/www.correspondentevianopolino.com.br\/site\/wp-json\/wp\/v2\/tags?post=12244"}],"curies":[{"name":"wp","href":"https:\/\/api.w.org\/{rel}","templated":true}]}}