{"id":12323,"date":"2016-06-16T05:53:23","date_gmt":"2016-06-16T08:53:23","guid":{"rendered":"http:\/\/www.correspondentevianopolino.com.br\/?p=12323"},"modified":"2016-06-17T07:50:32","modified_gmt":"2016-06-17T10:50:32","slug":"agropecuarista-vianopolino-e-assaltado-e-fica-sem-sua-camioneta","status":"publish","type":"post","link":"https:\/\/www.correspondentevianopolino.com.br\/site\/agropecuarista-vianopolino-e-assaltado-e-fica-sem-sua-camioneta\/","title":{"rendered":"Agropecuarista vianopolino \u00e9 assaltado e fica sem sua camioneta"},"content":{"rendered":"<p>Apesar da intensifica\u00e7\u00e3o de a\u00e7\u00f5es policiais, assim como de patrulhamento constante pela cidade por parte dos militares destacados no 2\u00ba Pelot\u00e3o da Pol\u00edcia Militar, os bandidos continuam agindo em Vian\u00f3polis, tirando a tranquilidade de seus moradores.<br \/>\nNa noite de ontem, 16, por volta das 20h20min, alguns amigos conversavam em um bar ao lado do Posto do Danilo do Bairro Michelli. Dentre eles, estava o agropecuarista Marco Ant\u00f4nio Mattos Guimar\u00e3es, propriet\u00e1rio de uma camioneta S-10, de cor branca, placas ONX 0208, que estava estacionada pr\u00f3ximo do bar.<br \/>\nDe repente, sa\u00edram de tr\u00e1s de um caminh\u00e3o, dois homens encapuzados, um deles armado, e anunciaram o assalto. Eles pediram as chaves da camioneta e o agropecuarista atendeu a ordem dos ladr\u00f5es.<br \/>\nNa sequ\u00eancia, eles entraram no ve\u00edculo e fugiram para o lado do Trevo de Vian\u00f3polis.<br \/>\nDiversas pessoas, dentre elas os frentistas do Posto do Danilo, assistiram \u00e0 a\u00e7\u00e3o dos ladr\u00f5es, mas nada puderam fazer.<br \/>\nA Pol\u00edcia Militar foi acionada, realizou dilig\u00eancias nas proximidades do Trevo da cidade, acionou policiais rodovi\u00e1rios da regi\u00e3o da Estrada de Ferro, mas at\u00e9 o fechamento desta edi\u00e7\u00e3o a camioneta n\u00e3o havia sido encontrada.<br \/>\nA ocorr\u00eancia foi atendida pelos Sargentos Weder e Poloniato, contando com o aux\u00edlio do soldado Mendes.<\/p>\n","protected":false},"excerpt":{"rendered":"<p>Apesar da intensifica\u00e7\u00e3o de a\u00e7\u00f5es policiais, assim como de patrulhamento constante pela cidade por parte dos militares destacados no 2\u00ba [&hellip;]<\/p>\n","protected":false},"author":2,"featured_media":12324,"comment_status":"open","ping_status":"closed","sticky":false,"template":"","format":"standard","meta":{"_uag_custom_page_level_css":"","site-sidebar-layout":"default","site-content-layout":"","ast-site-content-layout":"default","site-content-style":"default","site-sidebar-style":"default","ast-global-header-display":"","ast-banner-title-visibility":"","ast-main-header-display":"","ast-hfb-above-header-display":"","ast-hfb-below-header-display":"","ast-hfb-mobile-header-display":"","site-post-title":"","ast-breadcrumbs-content":"","ast-featured-img":"","footer-sml-layout":"","ast-disable-related-posts":"","theme-transparent-header-meta":"","adv-header-id-meta":"","stick-header-meta":"","header-above-stick-meta":"","header-main-stick-meta":"","header-below-stick-meta":"","astra-migrate-meta-layouts":"default","ast-page-background-enabled":"default","ast-page-background-meta":{"desktop":{"background-color":"var(--ast-global-color-4)","background-image":"","background-repeat":"repeat","background-position":"center center","background-size":"auto","background-attachment":"scroll","background-type":"","background-media":"","overlay-type":"","overlay-color":"","overlay-opacity":"","overlay-gradient":""},"tablet":{"background-color":"","background-image":"","background-repeat":"repeat","background-position":"center center","background-size":"auto","background-attachment":"scroll","background-type":"","background-media":"","overlay-type":"","overlay-color":"","overlay-opacity":"","overlay-gradient":""},"mobile":{"background-color":"","background-image":"","background-repeat":"repeat","background-position":"center center","background-size":"auto","background-attachment":"scroll","background-type":"","background-media":"","overlay-type":"","overlay-color":"","overlay-opacity":"","overlay-gradient":""}},"ast-content-background-meta":{"desktop":{"background-color":"var(--ast-global-color-5)","background-image":"","background-repeat":"repeat","background-position":"center center","background-size":"auto","background-attachment":"scroll","background-type":"","background-media":"","overlay-type":"","overlay-color":"","overlay-opacity":"","overlay-gradient":""},"tablet":{"background-color":"var(--ast-global-color-5)","background-image":"","background-repeat":"repeat","background-position":"center center","background-size":"auto","background-attachment":"scroll","background-type":"","background-media":"","overlay-type":"","overlay-color":"","overlay-opacity":"","overlay-gradient":""},"mobile":{"background-color":"var(--ast-global-color-5)","background-image":"","background-repeat":"repeat","background-position":"center center","background-size":"auto","background-attachment":"scroll","background-type":"","background-media":"","overlay-type":"","overlay-color":"","overlay-opacity":"","overlay-gradient":""}},"footnotes":""},"categories":[],"tags":[],"class_list":["post-12323","post","type-post","status-publish","format-standard","has-post-thumbnail","hentry"],"uagb_featured_image_src":{"full":["https:\/\/www.correspondentevianopolino.com.br\/site\/wp-content\/uploads\/2016\/06\/ASSALTO-ILU-2.jpg",448,311,false],"thumbnail":["https:\/\/www.correspondentevianopolino.com.br\/site\/wp-content\/uploads\/2016\/06\/ASSALTO-ILU-2-150x150.jpg",150,150,true],"medium":["https:\/\/www.correspondentevianopolino.com.br\/site\/wp-content\/uploads\/2016\/06\/ASSALTO-ILU-2-300x208.jpg",300,208,true],"medium_large":["https:\/\/www.correspondentevianopolino.com.br\/site\/wp-content\/uploads\/2016\/06\/ASSALTO-ILU-2.jpg",448,311,false],"large":["https:\/\/www.correspondentevianopolino.com.br\/site\/wp-content\/uploads\/2016\/06\/ASSALTO-ILU-2.jpg",448,311,false],"1536x1536":["https:\/\/www.correspondentevianopolino.com.br\/site\/wp-content\/uploads\/2016\/06\/ASSALTO-ILU-2.jpg",448,311,false],"2048x2048":["https:\/\/www.correspondentevianopolino.com.br\/site\/wp-content\/uploads\/2016\/06\/ASSALTO-ILU-2.jpg",448,311,false]},"uagb_author_info":{"display_name":"Ol\u00edvio Lemos","author_link":"https:\/\/www.correspondentevianopolino.com.br\/site\/author\/olivio\/"},"uagb_comment_info":0,"uagb_excerpt":"Apesar da intensifica\u00e7\u00e3o de a\u00e7\u00f5es policiais, assim como de patrulhamento constante pela cidade por parte dos militares destacados no 2\u00ba [&hellip;]","_links":{"self":[{"href":"https:\/\/www.correspondentevianopolino.com.br\/site\/wp-json\/wp\/v2\/posts\/12323","targetHints":{"allow":["GET"]}}],"collection":[{"href":"https:\/\/www.correspondentevianopolino.com.br\/site\/wp-json\/wp\/v2\/posts"}],"about":[{"href":"https:\/\/www.correspondentevianopolino.com.br\/site\/wp-json\/wp\/v2\/types\/post"}],"author":[{"embeddable":true,"href":"https:\/\/www.correspondentevianopolino.com.br\/site\/wp-json\/wp\/v2\/users\/2"}],"replies":[{"embeddable":true,"href":"https:\/\/www.correspondentevianopolino.com.br\/site\/wp-json\/wp\/v2\/comments?post=12323"}],"version-history":[{"count":0,"href":"https:\/\/www.correspondentevianopolino.com.br\/site\/wp-json\/wp\/v2\/posts\/12323\/revisions"}],"wp:featuredmedia":[{"embeddable":true,"href":"https:\/\/www.correspondentevianopolino.com.br\/site\/wp-json\/wp\/v2\/media\/12324"}],"wp:attachment":[{"href":"https:\/\/www.correspondentevianopolino.com.br\/site\/wp-json\/wp\/v2\/media?parent=12323"}],"wp:term":[{"taxonomy":"category","embeddable":true,"href":"https:\/\/www.correspondentevianopolino.com.br\/site\/wp-json\/wp\/v2\/categories?post=12323"},{"taxonomy":"post_tag","embeddable":true,"href":"https:\/\/www.correspondentevianopolino.com.br\/site\/wp-json\/wp\/v2\/tags?post=12323"}],"curies":[{"name":"wp","href":"https:\/\/api.w.org\/{rel}","templated":true}]}}