{"id":12376,"date":"2016-06-17T07:54:05","date_gmt":"2016-06-17T10:54:05","guid":{"rendered":"http:\/\/www.correspondentevianopolino.com.br\/?p=12376"},"modified":"2016-06-24T11:05:48","modified_gmt":"2016-06-24T14:05:48","slug":"pm-realiza-operacao-e-apreende-veiculo-com-maconha-em-seu-interior","status":"publish","type":"post","link":"https:\/\/www.correspondentevianopolino.com.br\/site\/pm-realiza-operacao-e-apreende-veiculo-com-maconha-em-seu-interior\/","title":{"rendered":"PM realiza opera\u00e7\u00e3o e apreende ve\u00edculo com maconha em seu interior"},"content":{"rendered":"<p>Comandada pelo Tenente D\u00e1rio, a Pol\u00edcia Militar realizou na noite de ontem, 16, em Vian\u00f3polis, a Opera\u00e7\u00e3o Satura\u00e7\u00e3o.<br \/>\nBloqueios foram realizados em diversos locais da cidade com abordagens a pessoas, assim como checagem de documenta\u00e7\u00e3o de ve\u00edculos.<br \/>\nViaturas e policiais de Vian\u00f3polis e de outras cidades da regi\u00e3o participaram da Opera\u00e7\u00e3o Satura\u00e7\u00e3o.<br \/>\nEssa \u00e9 mais uma das a\u00e7\u00f5es determinadas pelo Comandante da Pol\u00edcia Militar do Estado de Goi\u00e1s, Coronel Divino Alves, que esteve na semana passada em Vian\u00f3polis e discutiu com autoridades e moradores os problemas de seguran\u00e7a p\u00fablica enfrentados pelos vianopolinos.<br \/>\nDepois da visita do comandante geral da PM, diversas opera\u00e7\u00f5es de bloqueios foram realizadas em Vian\u00f3polis, assim como foi intensificado o patrulhamento durante o dia pelas ruas da cidade.<br \/>\nNa opera\u00e7\u00e3o realizada ontem, de acordo com o Tenente D\u00e1rio, foi apreendido um ve\u00edculo Fiat Uno, de cor vermelha, placas de Vian\u00f3polis, que devido \u00e0 documenta\u00e7\u00e3o atrasada, foi recolhido ao p\u00e1tio do 2\u00ba Pelot\u00e3o da Pol\u00edcia Militar de Vian\u00f3polis.<br \/>\nNo interior do ve\u00edculo Fiat Uno, que era conduzido por um trabalhador em cer\u00e2mica residente em nossa cidade, os policiais militares encontraram uma por\u00e7\u00e3o de maconha. Como portar maconha para uso pr\u00f3prio n\u00e3o configura crime, o trabalhador n\u00e3o foi preso. Se fosse uma quantidade maior, o motorista poderia ser enquadrado no crime de tr\u00e1fico de drogas.<br \/>\nAgora, ele responder\u00e1 apenas a um TCO-Termo Circunstanciado de Ocorr\u00eancias, por conta do ve\u00edculo.<\/p>\n","protected":false},"excerpt":{"rendered":"<p>Comandada pelo Tenente D\u00e1rio, a Pol\u00edcia Militar realizou na noite de ontem, 16, em Vian\u00f3polis, a Opera\u00e7\u00e3o Satura\u00e7\u00e3o. Bloqueios foram [&hellip;]<\/p>\n","protected":false},"author":2,"featured_media":12377,"comment_status":"closed","ping_status":"closed","sticky":false,"template":"","format":"standard","meta":{"_uag_custom_page_level_css":"","site-sidebar-layout":"default","site-content-layout":"","ast-site-content-layout":"default","site-content-style":"default","site-sidebar-style":"default","ast-global-header-display":"","ast-banner-title-visibility":"","ast-main-header-display":"","ast-hfb-above-header-display":"","ast-hfb-below-header-display":"","ast-hfb-mobile-header-display":"","site-post-title":"","ast-breadcrumbs-content":"","ast-featured-img":"","footer-sml-layout":"","ast-disable-related-posts":"","theme-transparent-header-meta":"","adv-header-id-meta":"","stick-header-meta":"","header-above-stick-meta":"","header-main-stick-meta":"","header-below-stick-meta":"","astra-migrate-meta-layouts":"default","ast-page-background-enabled":"default","ast-page-background-meta":{"desktop":{"background-color":"var(--ast-global-color-4)","background-image":"","background-repeat":"repeat","background-position":"center center","background-size":"auto","background-attachment":"scroll","background-type":"","background-media":"","overlay-type":"","overlay-color":"","overlay-opacity":"","overlay-gradient":""},"tablet":{"background-color":"","background-image":"","background-repeat":"repeat","background-position":"center center","background-size":"auto","background-attachment":"scroll","background-type":"","background-media":"","overlay-type":"","overlay-color":"","overlay-opacity":"","overlay-gradient":""},"mobile":{"background-color":"","background-image":"","background-repeat":"repeat","background-position":"center center","background-size":"auto","background-attachment":"scroll","background-type":"","background-media":"","overlay-type":"","overlay-color":"","overlay-opacity":"","overlay-gradient":""}},"ast-content-background-meta":{"desktop":{"background-color":"var(--ast-global-color-5)","background-image":"","background-repeat":"repeat","background-position":"center center","background-size":"auto","background-attachment":"scroll","background-type":"","background-media":"","overlay-type":"","overlay-color":"","overlay-opacity":"","overlay-gradient":""},"tablet":{"background-color":"var(--ast-global-color-5)","background-image":"","background-repeat":"repeat","background-position":"center center","background-size":"auto","background-attachment":"scroll","background-type":"","background-media":"","overlay-type":"","overlay-color":"","overlay-opacity":"","overlay-gradient":""},"mobile":{"background-color":"var(--ast-global-color-5)","background-image":"","background-repeat":"repeat","background-position":"center center","background-size":"auto","background-attachment":"scroll","background-type":"","background-media":"","overlay-type":"","overlay-color":"","overlay-opacity":"","overlay-gradient":""}},"footnotes":""},"categories":[],"tags":[],"class_list":["post-12376","post","type-post","status-publish","format-standard","has-post-thumbnail","hentry"],"uagb_featured_image_src":{"full":["https:\/\/www.correspondentevianopolino.com.br\/site\/wp-content\/uploads\/2016\/06\/IMG-20160617-WA0002.jpg",640,360,false],"thumbnail":["https:\/\/www.correspondentevianopolino.com.br\/site\/wp-content\/uploads\/2016\/06\/IMG-20160617-WA0002-150x150.jpg",150,150,true],"medium":["https:\/\/www.correspondentevianopolino.com.br\/site\/wp-content\/uploads\/2016\/06\/IMG-20160617-WA0002-300x169.jpg",300,169,true],"medium_large":["https:\/\/www.correspondentevianopolino.com.br\/site\/wp-content\/uploads\/2016\/06\/IMG-20160617-WA0002.jpg",640,360,false],"large":["https:\/\/www.correspondentevianopolino.com.br\/site\/wp-content\/uploads\/2016\/06\/IMG-20160617-WA0002.jpg",640,360,false],"1536x1536":["https:\/\/www.correspondentevianopolino.com.br\/site\/wp-content\/uploads\/2016\/06\/IMG-20160617-WA0002.jpg",640,360,false],"2048x2048":["https:\/\/www.correspondentevianopolino.com.br\/site\/wp-content\/uploads\/2016\/06\/IMG-20160617-WA0002.jpg",640,360,false]},"uagb_author_info":{"display_name":"Ol\u00edvio Lemos","author_link":"https:\/\/www.correspondentevianopolino.com.br\/site\/author\/olivio\/"},"uagb_comment_info":2,"uagb_excerpt":"Comandada pelo Tenente D\u00e1rio, a Pol\u00edcia Militar realizou na noite de ontem, 16, em Vian\u00f3polis, a Opera\u00e7\u00e3o Satura\u00e7\u00e3o. Bloqueios foram [&hellip;]","_links":{"self":[{"href":"https:\/\/www.correspondentevianopolino.com.br\/site\/wp-json\/wp\/v2\/posts\/12376","targetHints":{"allow":["GET"]}}],"collection":[{"href":"https:\/\/www.correspondentevianopolino.com.br\/site\/wp-json\/wp\/v2\/posts"}],"about":[{"href":"https:\/\/www.correspondentevianopolino.com.br\/site\/wp-json\/wp\/v2\/types\/post"}],"author":[{"embeddable":true,"href":"https:\/\/www.correspondentevianopolino.com.br\/site\/wp-json\/wp\/v2\/users\/2"}],"replies":[{"embeddable":true,"href":"https:\/\/www.correspondentevianopolino.com.br\/site\/wp-json\/wp\/v2\/comments?post=12376"}],"version-history":[{"count":0,"href":"https:\/\/www.correspondentevianopolino.com.br\/site\/wp-json\/wp\/v2\/posts\/12376\/revisions"}],"wp:featuredmedia":[{"embeddable":true,"href":"https:\/\/www.correspondentevianopolino.com.br\/site\/wp-json\/wp\/v2\/media\/12377"}],"wp:attachment":[{"href":"https:\/\/www.correspondentevianopolino.com.br\/site\/wp-json\/wp\/v2\/media?parent=12376"}],"wp:term":[{"taxonomy":"category","embeddable":true,"href":"https:\/\/www.correspondentevianopolino.com.br\/site\/wp-json\/wp\/v2\/categories?post=12376"},{"taxonomy":"post_tag","embeddable":true,"href":"https:\/\/www.correspondentevianopolino.com.br\/site\/wp-json\/wp\/v2\/tags?post=12376"}],"curies":[{"name":"wp","href":"https:\/\/api.w.org\/{rel}","templated":true}]}}