{"id":12387,"date":"2016-06-17T18:42:02","date_gmt":"2016-06-17T21:42:02","guid":{"rendered":"http:\/\/www.correspondentevianopolino.com.br\/?p=12387"},"modified":"2016-06-24T10:58:23","modified_gmt":"2016-06-24T13:58:23","slug":"vice-governador-de-goias-vira-a-vianopolis-inaugurar-diversas-obras","status":"publish","type":"post","link":"https:\/\/www.correspondentevianopolino.com.br\/site\/vice-governador-de-goias-vira-a-vianopolis-inaugurar-diversas-obras\/","title":{"rendered":"Vice-governador de Goi\u00e1s vir\u00e1 a Vian\u00f3polis inaugurar obras"},"content":{"rendered":"<p>O vice-governador e secret\u00e1rio de seguran\u00e7a p\u00fablica de Goi\u00e1s, Jos\u00e9 Eliton, estar\u00e1 em Vian\u00f3polis no pr\u00f3ximo dia 24, sexta-feira da pr\u00f3xima semana, quando participar\u00e1, na parte da manh\u00e3, de inaugura\u00e7\u00f5es de diversas obras realizadas pela Prefeitura de Vian\u00f3polis.<\/p>\n<p>Al\u00e9m das inaugura\u00e7\u00f5es, ser\u00e3o assinadas ordens de servi\u00e7os de obras que ser\u00e3o iniciadas pela municipalidade em parceria com o Estado de Goi\u00e1s.<\/p>\n<p>No dia das inaugura\u00e7\u00f5es, 24, a cidade receber\u00e1 o programa Governo Junto de Voc\u00ea, que oferecer\u00e1 servi\u00e7os essenciais prestados pelo Governo de Goi\u00e1s, como servi\u00e7os de inscri\u00e7\u00e3o, consulta e regulariza\u00e7\u00e3o do CPF, Previd\u00eancia Social, Imposto de Renda, certid\u00f5es de d\u00e9bitos, c\u00edveis e criminais, requerimento de pens\u00e3o por morte e outros, cadastro para emiss\u00e3o do t\u00edtulo de eleitor, emiss\u00e3o da carteira de identidade, solicita\u00e7\u00e3o de passaporte, consulta de seguro desemprego, parcelamento de tributos, passaporte do idoso, emiss\u00e3o de Carteira de Trabalho, al\u00e9m de atendimento e servi\u00e7os do Ipasgo, Detran, Celg e Saneago.<\/p>\n<p><strong>Os servi\u00e7os ser\u00e3o prestados na pr\u00f3xima sexta-feira, dia 24, a partir das 8h, nas depend\u00eancias da Feira Coberta de Vian\u00f3polis.<\/strong><\/p>\n","protected":false},"excerpt":{"rendered":"<p>O vice-governador e secret\u00e1rio de seguran\u00e7a p\u00fablica de Goi\u00e1s, Jos\u00e9 Eliton, estar\u00e1 em Vian\u00f3polis no pr\u00f3ximo dia 24, sexta-feira da [&hellip;]<\/p>\n","protected":false},"author":2,"featured_media":12388,"comment_status":"closed","ping_status":"closed","sticky":false,"template":"","format":"standard","meta":{"_uag_custom_page_level_css":"","site-sidebar-layout":"default","site-content-layout":"","ast-site-content-layout":"default","site-content-style":"default","site-sidebar-style":"default","ast-global-header-display":"","ast-banner-title-visibility":"","ast-main-header-display":"","ast-hfb-above-header-display":"","ast-hfb-below-header-display":"","ast-hfb-mobile-header-display":"","site-post-title":"","ast-breadcrumbs-content":"","ast-featured-img":"","footer-sml-layout":"","ast-disable-related-posts":"","theme-transparent-header-meta":"","adv-header-id-meta":"","stick-header-meta":"","header-above-stick-meta":"","header-main-stick-meta":"","header-below-stick-meta":"","astra-migrate-meta-layouts":"default","ast-page-background-enabled":"default","ast-page-background-meta":{"desktop":{"background-color":"var(--ast-global-color-4)","background-image":"","background-repeat":"repeat","background-position":"center center","background-size":"auto","background-attachment":"scroll","background-type":"","background-media":"","overlay-type":"","overlay-color":"","overlay-opacity":"","overlay-gradient":""},"tablet":{"background-color":"","background-image":"","background-repeat":"repeat","background-position":"center center","background-size":"auto","background-attachment":"scroll","background-type":"","background-media":"","overlay-type":"","overlay-color":"","overlay-opacity":"","overlay-gradient":""},"mobile":{"background-color":"","background-image":"","background-repeat":"repeat","background-position":"center center","background-size":"auto","background-attachment":"scroll","background-type":"","background-media":"","overlay-type":"","overlay-color":"","overlay-opacity":"","overlay-gradient":""}},"ast-content-background-meta":{"desktop":{"background-color":"var(--ast-global-color-5)","background-image":"","background-repeat":"repeat","background-position":"center center","background-size":"auto","background-attachment":"scroll","background-type":"","background-media":"","overlay-type":"","overlay-color":"","overlay-opacity":"","overlay-gradient":""},"tablet":{"background-color":"var(--ast-global-color-5)","background-image":"","background-repeat":"repeat","background-position":"center center","background-size":"auto","background-attachment":"scroll","background-type":"","background-media":"","overlay-type":"","overlay-color":"","overlay-opacity":"","overlay-gradient":""},"mobile":{"background-color":"var(--ast-global-color-5)","background-image":"","background-repeat":"repeat","background-position":"center center","background-size":"auto","background-attachment":"scroll","background-type":"","background-media":"","overlay-type":"","overlay-color":"","overlay-opacity":"","overlay-gradient":""}},"footnotes":""},"categories":[],"tags":[],"class_list":["post-12387","post","type-post","status-publish","format-standard","has-post-thumbnail","hentry"],"uagb_featured_image_src":{"full":["https:\/\/www.correspondentevianopolino.com.br\/site\/wp-content\/uploads\/2016\/06\/jose-eliton-e-o-novo-secretario-de-seguranca-publica-de-goias.jpg",448,286,false],"thumbnail":["https:\/\/www.correspondentevianopolino.com.br\/site\/wp-content\/uploads\/2016\/06\/jose-eliton-e-o-novo-secretario-de-seguranca-publica-de-goias-150x150.jpg",150,150,true],"medium":["https:\/\/www.correspondentevianopolino.com.br\/site\/wp-content\/uploads\/2016\/06\/jose-eliton-e-o-novo-secretario-de-seguranca-publica-de-goias-300x192.jpg",300,192,true],"medium_large":["https:\/\/www.correspondentevianopolino.com.br\/site\/wp-content\/uploads\/2016\/06\/jose-eliton-e-o-novo-secretario-de-seguranca-publica-de-goias.jpg",448,286,false],"large":["https:\/\/www.correspondentevianopolino.com.br\/site\/wp-content\/uploads\/2016\/06\/jose-eliton-e-o-novo-secretario-de-seguranca-publica-de-goias.jpg",448,286,false],"1536x1536":["https:\/\/www.correspondentevianopolino.com.br\/site\/wp-content\/uploads\/2016\/06\/jose-eliton-e-o-novo-secretario-de-seguranca-publica-de-goias.jpg",448,286,false],"2048x2048":["https:\/\/www.correspondentevianopolino.com.br\/site\/wp-content\/uploads\/2016\/06\/jose-eliton-e-o-novo-secretario-de-seguranca-publica-de-goias.jpg",448,286,false]},"uagb_author_info":{"display_name":"Ol\u00edvio Lemos","author_link":"https:\/\/www.correspondentevianopolino.com.br\/site\/author\/olivio\/"},"uagb_comment_info":0,"uagb_excerpt":"O vice-governador e secret\u00e1rio de seguran\u00e7a p\u00fablica de Goi\u00e1s, Jos\u00e9 Eliton, estar\u00e1 em Vian\u00f3polis no pr\u00f3ximo dia 24, sexta-feira da [&hellip;]","_links":{"self":[{"href":"https:\/\/www.correspondentevianopolino.com.br\/site\/wp-json\/wp\/v2\/posts\/12387","targetHints":{"allow":["GET"]}}],"collection":[{"href":"https:\/\/www.correspondentevianopolino.com.br\/site\/wp-json\/wp\/v2\/posts"}],"about":[{"href":"https:\/\/www.correspondentevianopolino.com.br\/site\/wp-json\/wp\/v2\/types\/post"}],"author":[{"embeddable":true,"href":"https:\/\/www.correspondentevianopolino.com.br\/site\/wp-json\/wp\/v2\/users\/2"}],"replies":[{"embeddable":true,"href":"https:\/\/www.correspondentevianopolino.com.br\/site\/wp-json\/wp\/v2\/comments?post=12387"}],"version-history":[{"count":0,"href":"https:\/\/www.correspondentevianopolino.com.br\/site\/wp-json\/wp\/v2\/posts\/12387\/revisions"}],"wp:featuredmedia":[{"embeddable":true,"href":"https:\/\/www.correspondentevianopolino.com.br\/site\/wp-json\/wp\/v2\/media\/12388"}],"wp:attachment":[{"href":"https:\/\/www.correspondentevianopolino.com.br\/site\/wp-json\/wp\/v2\/media?parent=12387"}],"wp:term":[{"taxonomy":"category","embeddable":true,"href":"https:\/\/www.correspondentevianopolino.com.br\/site\/wp-json\/wp\/v2\/categories?post=12387"},{"taxonomy":"post_tag","embeddable":true,"href":"https:\/\/www.correspondentevianopolino.com.br\/site\/wp-json\/wp\/v2\/tags?post=12387"}],"curies":[{"name":"wp","href":"https:\/\/api.w.org\/{rel}","templated":true}]}}