{"id":12426,"date":"2016-06-23T22:16:48","date_gmt":"2016-06-24T01:16:48","guid":{"rendered":"http:\/\/www.correspondentevianopolino.com.br\/?p=12426"},"modified":"2016-06-24T10:38:04","modified_gmt":"2016-06-24T13:38:04","slug":"psd-foi-o-primeiro-partido-de-vianopolis-a-lancar-pre-candidatos","status":"publish","type":"post","link":"https:\/\/www.correspondentevianopolino.com.br\/site\/psd-foi-o-primeiro-partido-de-vianopolis-a-lancar-pre-candidatos\/","title":{"rendered":"PSD foi o primeiro partido de Vian\u00f3polis a lan\u00e7ar pr\u00e9-candidatos"},"content":{"rendered":"<p>O PSD (Partido Social Democrata), presidido pelo vice-prefeito de Vian\u00f3polis, Tormin Chaves Neto, \u00e9 o primeiro partido de nossa cidade a realizar pr\u00e9-conven\u00e7\u00e3o partid\u00e1ria e lan\u00e7ar pr\u00e9-candidatos ao cargo de vereador, com vistas \u00e0s elei\u00e7\u00f5es municipais deste ano.<\/p>\n<p>De acordo com o presidente do PSD, Tormin Chaves Neto, foram lan\u00e7ados 19 pr\u00e9-candidatos \u00e0 C\u00e2mara de Vereadores. No entanto, o partido dever\u00e1 oficializar 14 candidaturas quando da realiza\u00e7\u00e3o da conven\u00e7\u00e3o final.<\/p>\n<p>Conforme a lei eleitoral, ser\u00e3o lan\u00e7ados 10 homens e 4 mulheres para disputarem o pleito de 2 de outubro.<\/p>\n<p>Na lista dos 19 pr\u00e9-candidatos do PSD figuram os nomes de dois atuais vereadores, Cleydson Mascarenhas e Maria Abadia de Castro Souza, atual presidente da C\u00e2mara Municipal de Vian\u00f3polis. Ainda na rela\u00e7\u00e3o de pr\u00e9-candidatos, est\u00e3o dois ex-vereadores, Vilmar de Souza (Preto da Ponte Funda) e Tarciso Xavier.<\/p>\n<p>A conven\u00e7\u00e3o que oficializar\u00e1 os 14 candidatos do PSD dever\u00e1 ser realizada no per\u00edodo de 20 de julho a 5 de agosto, de acordo com a legisla\u00e7\u00e3o eleitoral.<\/p>\n<p>Os registros de candidaturas podem ser feitos at\u00e9 o dia 15 de agosto, no Cart\u00f3rio Eleitoral de Vian\u00f3polis.<\/p>\n","protected":false},"excerpt":{"rendered":"<p>O PSD (Partido Social Democrata), presidido pelo vice-prefeito de Vian\u00f3polis, Tormin Chaves Neto, \u00e9 o primeiro partido de nossa cidade [&hellip;]<\/p>\n","protected":false},"author":2,"featured_media":12427,"comment_status":"closed","ping_status":"closed","sticky":false,"template":"","format":"standard","meta":{"_uag_custom_page_level_css":"","site-sidebar-layout":"default","site-content-layout":"","ast-site-content-layout":"default","site-content-style":"default","site-sidebar-style":"default","ast-global-header-display":"","ast-banner-title-visibility":"","ast-main-header-display":"","ast-hfb-above-header-display":"","ast-hfb-below-header-display":"","ast-hfb-mobile-header-display":"","site-post-title":"","ast-breadcrumbs-content":"","ast-featured-img":"","footer-sml-layout":"","ast-disable-related-posts":"","theme-transparent-header-meta":"","adv-header-id-meta":"","stick-header-meta":"","header-above-stick-meta":"","header-main-stick-meta":"","header-below-stick-meta":"","astra-migrate-meta-layouts":"default","ast-page-background-enabled":"default","ast-page-background-meta":{"desktop":{"background-color":"var(--ast-global-color-4)","background-image":"","background-repeat":"repeat","background-position":"center center","background-size":"auto","background-attachment":"scroll","background-type":"","background-media":"","overlay-type":"","overlay-color":"","overlay-opacity":"","overlay-gradient":""},"tablet":{"background-color":"","background-image":"","background-repeat":"repeat","background-position":"center center","background-size":"auto","background-attachment":"scroll","background-type":"","background-media":"","overlay-type":"","overlay-color":"","overlay-opacity":"","overlay-gradient":""},"mobile":{"background-color":"","background-image":"","background-repeat":"repeat","background-position":"center center","background-size":"auto","background-attachment":"scroll","background-type":"","background-media":"","overlay-type":"","overlay-color":"","overlay-opacity":"","overlay-gradient":""}},"ast-content-background-meta":{"desktop":{"background-color":"var(--ast-global-color-5)","background-image":"","background-repeat":"repeat","background-position":"center center","background-size":"auto","background-attachment":"scroll","background-type":"","background-media":"","overlay-type":"","overlay-color":"","overlay-opacity":"","overlay-gradient":""},"tablet":{"background-color":"var(--ast-global-color-5)","background-image":"","background-repeat":"repeat","background-position":"center center","background-size":"auto","background-attachment":"scroll","background-type":"","background-media":"","overlay-type":"","overlay-color":"","overlay-opacity":"","overlay-gradient":""},"mobile":{"background-color":"var(--ast-global-color-5)","background-image":"","background-repeat":"repeat","background-position":"center center","background-size":"auto","background-attachment":"scroll","background-type":"","background-media":"","overlay-type":"","overlay-color":"","overlay-opacity":"","overlay-gradient":""}},"footnotes":""},"categories":[],"tags":[],"class_list":["post-12426","post","type-post","status-publish","format-standard","has-post-thumbnail","hentry"],"uagb_featured_image_src":{"full":["https:\/\/www.correspondentevianopolino.com.br\/site\/wp-content\/uploads\/2016\/06\/elei\u00e7\u00f5es-2016-12-3.jpg",314,187,false],"thumbnail":["https:\/\/www.correspondentevianopolino.com.br\/site\/wp-content\/uploads\/2016\/06\/elei\u00e7\u00f5es-2016-12-3-150x150.jpg",150,150,true],"medium":["https:\/\/www.correspondentevianopolino.com.br\/site\/wp-content\/uploads\/2016\/06\/elei\u00e7\u00f5es-2016-12-3-300x179.jpg",300,179,true],"medium_large":["https:\/\/www.correspondentevianopolino.com.br\/site\/wp-content\/uploads\/2016\/06\/elei\u00e7\u00f5es-2016-12-3.jpg",314,187,false],"large":["https:\/\/www.correspondentevianopolino.com.br\/site\/wp-content\/uploads\/2016\/06\/elei\u00e7\u00f5es-2016-12-3.jpg",314,187,false],"1536x1536":["https:\/\/www.correspondentevianopolino.com.br\/site\/wp-content\/uploads\/2016\/06\/elei\u00e7\u00f5es-2016-12-3.jpg",314,187,false],"2048x2048":["https:\/\/www.correspondentevianopolino.com.br\/site\/wp-content\/uploads\/2016\/06\/elei\u00e7\u00f5es-2016-12-3.jpg",314,187,false]},"uagb_author_info":{"display_name":"Ol\u00edvio Lemos","author_link":"https:\/\/www.correspondentevianopolino.com.br\/site\/author\/olivio\/"},"uagb_comment_info":0,"uagb_excerpt":"O PSD (Partido Social Democrata), presidido pelo vice-prefeito de Vian\u00f3polis, Tormin Chaves Neto, \u00e9 o primeiro partido de nossa cidade [&hellip;]","_links":{"self":[{"href":"https:\/\/www.correspondentevianopolino.com.br\/site\/wp-json\/wp\/v2\/posts\/12426","targetHints":{"allow":["GET"]}}],"collection":[{"href":"https:\/\/www.correspondentevianopolino.com.br\/site\/wp-json\/wp\/v2\/posts"}],"about":[{"href":"https:\/\/www.correspondentevianopolino.com.br\/site\/wp-json\/wp\/v2\/types\/post"}],"author":[{"embeddable":true,"href":"https:\/\/www.correspondentevianopolino.com.br\/site\/wp-json\/wp\/v2\/users\/2"}],"replies":[{"embeddable":true,"href":"https:\/\/www.correspondentevianopolino.com.br\/site\/wp-json\/wp\/v2\/comments?post=12426"}],"version-history":[{"count":0,"href":"https:\/\/www.correspondentevianopolino.com.br\/site\/wp-json\/wp\/v2\/posts\/12426\/revisions"}],"wp:featuredmedia":[{"embeddable":true,"href":"https:\/\/www.correspondentevianopolino.com.br\/site\/wp-json\/wp\/v2\/media\/12427"}],"wp:attachment":[{"href":"https:\/\/www.correspondentevianopolino.com.br\/site\/wp-json\/wp\/v2\/media?parent=12426"}],"wp:term":[{"taxonomy":"category","embeddable":true,"href":"https:\/\/www.correspondentevianopolino.com.br\/site\/wp-json\/wp\/v2\/categories?post=12426"},{"taxonomy":"post_tag","embeddable":true,"href":"https:\/\/www.correspondentevianopolino.com.br\/site\/wp-json\/wp\/v2\/tags?post=12426"}],"curies":[{"name":"wp","href":"https:\/\/api.w.org\/{rel}","templated":true}]}}