{"id":12444,"date":"2016-06-24T05:29:02","date_gmt":"2016-06-24T08:29:02","guid":{"rendered":"http:\/\/www.correspondentevianopolino.com.br\/?p=12444"},"modified":"2016-08-03T12:00:05","modified_gmt":"2016-08-03T15:00:05","slug":"marconi-e-jose-eliton-visitam-vianopolis-e-inauguram-obras","status":"publish","type":"post","link":"https:\/\/www.correspondentevianopolino.com.br\/site\/marconi-e-jose-eliton-visitam-vianopolis-e-inauguram-obras\/","title":{"rendered":"Marconi e Jos\u00e9 Eliton visitam Vian\u00f3polis e inauguram obras (veja + fotos)"},"content":{"rendered":"<p>O governador Marconi Perillo e o vice-governador e secret\u00e1rio de seguran\u00e7a p\u00fablica de Goi\u00e1s, Jos\u00e9 Eliton, visitaram Vian\u00f3polis na data de hoje, 24, ocasi\u00e3o em que, juntamente com o prefeito Issy Quinan J\u00fanior e diversas autoridades, inauguraram\u00a0diversas obras.<\/p>\n<p>Aconteceram as\u00a0inaugura\u00e7\u00f5es da sede do Conselho Tutelar de Vian\u00f3polis, assim como a revitaliza\u00e7\u00e3o da Rua Calil Elias Neto, que recebeu uma nova ilumina\u00e7\u00e3o, onde foram instalados\u00a042 postes e 84 l\u00e2mpadas ao longo da Calil Elias Neto, ao custo de R$ 826.000,00.<\/p>\n<p>Tamb\u00e9m aconteceram as inaugura\u00e7\u00f5es de diversas pra\u00e7as.<\/p>\n<p>Al\u00e9m disso, foram\u00a0assinadas ordens de servi\u00e7os para in\u00edcio de outras obras em nosso munic\u00edpio. Dentre elas, obra de saneamento b\u00e1sico, que consumir\u00e1 recursos superiores a 17 milh\u00f5es de reais.<\/p>\n<p>O prefeito Issy Quinan J\u00fanior classificou esta obra como a mais importante da hist\u00f3ria de Vian\u00f3polis.<\/p>\n","protected":false},"excerpt":{"rendered":"<p>O governador Marconi Perillo e o vice-governador e secret\u00e1rio de seguran\u00e7a p\u00fablica de Goi\u00e1s, Jos\u00e9 Eliton, visitaram Vian\u00f3polis na data [&hellip;]<\/p>\n","protected":false},"author":2,"featured_media":12479,"comment_status":"closed","ping_status":"closed","sticky":false,"template":"","format":"standard","meta":{"_uag_custom_page_level_css":"","site-sidebar-layout":"default","site-content-layout":"","ast-site-content-layout":"default","site-content-style":"default","site-sidebar-style":"default","ast-global-header-display":"","ast-banner-title-visibility":"","ast-main-header-display":"","ast-hfb-above-header-display":"","ast-hfb-below-header-display":"","ast-hfb-mobile-header-display":"","site-post-title":"","ast-breadcrumbs-content":"","ast-featured-img":"","footer-sml-layout":"","ast-disable-related-posts":"","theme-transparent-header-meta":"","adv-header-id-meta":"","stick-header-meta":"","header-above-stick-meta":"","header-main-stick-meta":"","header-below-stick-meta":"","astra-migrate-meta-layouts":"default","ast-page-background-enabled":"default","ast-page-background-meta":{"desktop":{"background-color":"var(--ast-global-color-4)","background-image":"","background-repeat":"repeat","background-position":"center center","background-size":"auto","background-attachment":"scroll","background-type":"","background-media":"","overlay-type":"","overlay-color":"","overlay-opacity":"","overlay-gradient":""},"tablet":{"background-color":"","background-image":"","background-repeat":"repeat","background-position":"center center","background-size":"auto","background-attachment":"scroll","background-type":"","background-media":"","overlay-type":"","overlay-color":"","overlay-opacity":"","overlay-gradient":""},"mobile":{"background-color":"","background-image":"","background-repeat":"repeat","background-position":"center center","background-size":"auto","background-attachment":"scroll","background-type":"","background-media":"","overlay-type":"","overlay-color":"","overlay-opacity":"","overlay-gradient":""}},"ast-content-background-meta":{"desktop":{"background-color":"var(--ast-global-color-5)","background-image":"","background-repeat":"repeat","background-position":"center center","background-size":"auto","background-attachment":"scroll","background-type":"","background-media":"","overlay-type":"","overlay-color":"","overlay-opacity":"","overlay-gradient":""},"tablet":{"background-color":"var(--ast-global-color-5)","background-image":"","background-repeat":"repeat","background-position":"center center","background-size":"auto","background-attachment":"scroll","background-type":"","background-media":"","overlay-type":"","overlay-color":"","overlay-opacity":"","overlay-gradient":""},"mobile":{"background-color":"var(--ast-global-color-5)","background-image":"","background-repeat":"repeat","background-position":"center center","background-size":"auto","background-attachment":"scroll","background-type":"","background-media":"","overlay-type":"","overlay-color":"","overlay-opacity":"","overlay-gradient":""}},"footnotes":""},"categories":[],"tags":[],"class_list":["post-12444","post","type-post","status-publish","format-standard","has-post-thumbnail","hentry"],"uagb_featured_image_src":{"full":["https:\/\/www.correspondentevianopolino.com.br\/site\/wp-content\/uploads\/2016\/06\/DSC0045.jpg",448,299,false],"thumbnail":["https:\/\/www.correspondentevianopolino.com.br\/site\/wp-content\/uploads\/2016\/06\/DSC0045-150x150.jpg",150,150,true],"medium":["https:\/\/www.correspondentevianopolino.com.br\/site\/wp-content\/uploads\/2016\/06\/DSC0045-300x200.jpg",300,200,true],"medium_large":["https:\/\/www.correspondentevianopolino.com.br\/site\/wp-content\/uploads\/2016\/06\/DSC0045.jpg",448,299,false],"large":["https:\/\/www.correspondentevianopolino.com.br\/site\/wp-content\/uploads\/2016\/06\/DSC0045.jpg",448,299,false],"1536x1536":["https:\/\/www.correspondentevianopolino.com.br\/site\/wp-content\/uploads\/2016\/06\/DSC0045.jpg",448,299,false],"2048x2048":["https:\/\/www.correspondentevianopolino.com.br\/site\/wp-content\/uploads\/2016\/06\/DSC0045.jpg",448,299,false]},"uagb_author_info":{"display_name":"Ol\u00edvio Lemos","author_link":"https:\/\/www.correspondentevianopolino.com.br\/site\/author\/olivio\/"},"uagb_comment_info":2,"uagb_excerpt":"O governador Marconi Perillo e o vice-governador e secret\u00e1rio de seguran\u00e7a p\u00fablica de Goi\u00e1s, Jos\u00e9 Eliton, visitaram Vian\u00f3polis na data [&hellip;]","_links":{"self":[{"href":"https:\/\/www.correspondentevianopolino.com.br\/site\/wp-json\/wp\/v2\/posts\/12444","targetHints":{"allow":["GET"]}}],"collection":[{"href":"https:\/\/www.correspondentevianopolino.com.br\/site\/wp-json\/wp\/v2\/posts"}],"about":[{"href":"https:\/\/www.correspondentevianopolino.com.br\/site\/wp-json\/wp\/v2\/types\/post"}],"author":[{"embeddable":true,"href":"https:\/\/www.correspondentevianopolino.com.br\/site\/wp-json\/wp\/v2\/users\/2"}],"replies":[{"embeddable":true,"href":"https:\/\/www.correspondentevianopolino.com.br\/site\/wp-json\/wp\/v2\/comments?post=12444"}],"version-history":[{"count":0,"href":"https:\/\/www.correspondentevianopolino.com.br\/site\/wp-json\/wp\/v2\/posts\/12444\/revisions"}],"wp:featuredmedia":[{"embeddable":true,"href":"https:\/\/www.correspondentevianopolino.com.br\/site\/wp-json\/wp\/v2\/media\/12479"}],"wp:attachment":[{"href":"https:\/\/www.correspondentevianopolino.com.br\/site\/wp-json\/wp\/v2\/media?parent=12444"}],"wp:term":[{"taxonomy":"category","embeddable":true,"href":"https:\/\/www.correspondentevianopolino.com.br\/site\/wp-json\/wp\/v2\/categories?post=12444"},{"taxonomy":"post_tag","embeddable":true,"href":"https:\/\/www.correspondentevianopolino.com.br\/site\/wp-json\/wp\/v2\/tags?post=12444"}],"curies":[{"name":"wp","href":"https:\/\/api.w.org\/{rel}","templated":true}]}}