{"id":18287,"date":"2017-01-25T20:13:27","date_gmt":"2017-01-25T22:13:27","guid":{"rendered":"http:\/\/www.correspondentevianopolino.com.br\/site\/?p=18287"},"modified":"2017-01-26T12:04:44","modified_gmt":"2017-01-26T14:04:44","slug":"marconi-perillo-posta-foto-no-face-ao-lado-de-aluna-da-escola-municipal-de-caraiba-mas-informa-que-ela-estuda-em-escola-estadual","status":"publish","type":"post","link":"https:\/\/www.correspondentevianopolino.com.br\/site\/marconi-perillo-posta-foto-no-face-ao-lado-de-aluna-da-escola-municipal-de-caraiba-mas-informa-que-ela-estuda-em-escola-estadual\/","title":{"rendered":"Marconi Perillo posta foto no Facebook ao lado de aluna da Escola Municipal de Cara\u00edba, mas informa que ela estuda em uma escola estadual"},"content":{"rendered":"<p>O governador Marconi Perillo recebeu recentemente em seu gabinete, em Goi\u00e2nia, o Secret\u00e1rio Municipal de Educa\u00e7\u00e3o de Vian\u00f3polis, Carlos de Souza Lobo, a professora Elisete Tavares e a aluna Mayara de Aleluia Pereira, estudante da Escola Municipal Ant\u00f4nio de Souza Lobo Sobrinho, da localidade de Cara\u00edba, que conquistou Medalha de Ouro na final\u00edssima da 5\u00aa edi\u00e7\u00e3o da Olimp\u00edada de L\u00edngua Portuguesa, que aconteceu em S\u00e3o Paulo, no m\u00eas de novembro de 2016.<\/p>\n<p>Al\u00e9m da aluna de Vian\u00f3polis, Marconi recebeu uma aluna de Caldas Novas, que tamb\u00e9m se destacou na Olimp\u00edada de L\u00edngua Portuguesa-Escrevendo o Futuro.<\/p>\n<p>Na ocasi\u00e3o, Marconi foi informado pelo Secret\u00e1rio Carlos de Souza Lobo que a aluna era de uma Escola Municipal de Vian\u00f3polis.<\/p>\n<p>Logo depois, o governador postou em sua p\u00e1gina no Facebook fotos ao lado das duas alunas. No texto escrito por Marconi, ele cita que a aluna Mayara de Aleluia estuda em uma escola estadual, quando, na verdade, a aluna que venceu o concurso era da Escola Municipal Ant\u00f4nio de Souza Lobo Sobrinho de Cara\u00edba.<\/p>\n<p>Ou\u00a0a postagem foi feita por um assessor de Marconi que n\u00e3o tinha a informa\u00e7\u00e3o de onde a garota estudava, ou o governador cometeu um erro grav\u00edssimo em n\u00e3o citar que a aluna \u00e9 de uma escola municipal.<\/p>\n<p>Na postagem, os m\u00e9ritos ficaram para a rede estadual de ensino e n\u00e3o para a rede de ensino de nosso munic\u00edpio.<\/p>\n","protected":false},"excerpt":{"rendered":"<p>O governador Marconi Perillo recebeu recentemente em seu gabinete, em Goi\u00e2nia, o Secret\u00e1rio Municipal de Educa\u00e7\u00e3o de Vian\u00f3polis, Carlos de [&hellip;]<\/p>\n","protected":false},"author":2,"featured_media":18288,"comment_status":"open","ping_status":"open","sticky":false,"template":"","format":"standard","meta":{"_uag_custom_page_level_css":"","site-sidebar-layout":"default","site-content-layout":"","ast-site-content-layout":"default","site-content-style":"default","site-sidebar-style":"default","ast-global-header-display":"","ast-banner-title-visibility":"","ast-main-header-display":"","ast-hfb-above-header-display":"","ast-hfb-below-header-display":"","ast-hfb-mobile-header-display":"","site-post-title":"","ast-breadcrumbs-content":"","ast-featured-img":"","footer-sml-layout":"","ast-disable-related-posts":"","theme-transparent-header-meta":"","adv-header-id-meta":"","stick-header-meta":"","header-above-stick-meta":"","header-main-stick-meta":"","header-below-stick-meta":"","astra-migrate-meta-layouts":"default","ast-page-background-enabled":"default","ast-page-background-meta":{"desktop":{"background-color":"var(--ast-global-color-4)","background-image":"","background-repeat":"repeat","background-position":"center center","background-size":"auto","background-attachment":"scroll","background-type":"","background-media":"","overlay-type":"","overlay-color":"","overlay-opacity":"","overlay-gradient":""},"tablet":{"background-color":"","background-image":"","background-repeat":"repeat","background-position":"center center","background-size":"auto","background-attachment":"scroll","background-type":"","background-media":"","overlay-type":"","overlay-color":"","overlay-opacity":"","overlay-gradient":""},"mobile":{"background-color":"","background-image":"","background-repeat":"repeat","background-position":"center center","background-size":"auto","background-attachment":"scroll","background-type":"","background-media":"","overlay-type":"","overlay-color":"","overlay-opacity":"","overlay-gradient":""}},"ast-content-background-meta":{"desktop":{"background-color":"var(--ast-global-color-5)","background-image":"","background-repeat":"repeat","background-position":"center center","background-size":"auto","background-attachment":"scroll","background-type":"","background-media":"","overlay-type":"","overlay-color":"","overlay-opacity":"","overlay-gradient":""},"tablet":{"background-color":"var(--ast-global-color-5)","background-image":"","background-repeat":"repeat","background-position":"center center","background-size":"auto","background-attachment":"scroll","background-type":"","background-media":"","overlay-type":"","overlay-color":"","overlay-opacity":"","overlay-gradient":""},"mobile":{"background-color":"var(--ast-global-color-5)","background-image":"","background-repeat":"repeat","background-position":"center center","background-size":"auto","background-attachment":"scroll","background-type":"","background-media":"","overlay-type":"","overlay-color":"","overlay-opacity":"","overlay-gradient":""}},"footnotes":""},"categories":[1],"tags":[],"class_list":["post-18287","post","type-post","status-publish","format-standard","has-post-thumbnail","hentry","category-ultimas"],"uagb_featured_image_src":{"full":["https:\/\/www.correspondentevianopolino.com.br\/site\/wp-content\/uploads\/2017\/01\/IMG-20170125-WA0095.jpg",336,434,false],"thumbnail":["https:\/\/www.correspondentevianopolino.com.br\/site\/wp-content\/uploads\/2017\/01\/IMG-20170125-WA0095-150x150.jpg",150,150,true],"medium":["https:\/\/www.correspondentevianopolino.com.br\/site\/wp-content\/uploads\/2017\/01\/IMG-20170125-WA0095-232x300.jpg",232,300,true],"medium_large":["https:\/\/www.correspondentevianopolino.com.br\/site\/wp-content\/uploads\/2017\/01\/IMG-20170125-WA0095.jpg",336,434,false],"large":["https:\/\/www.correspondentevianopolino.com.br\/site\/wp-content\/uploads\/2017\/01\/IMG-20170125-WA0095.jpg",336,434,false],"1536x1536":["https:\/\/www.correspondentevianopolino.com.br\/site\/wp-content\/uploads\/2017\/01\/IMG-20170125-WA0095.jpg",336,434,false],"2048x2048":["https:\/\/www.correspondentevianopolino.com.br\/site\/wp-content\/uploads\/2017\/01\/IMG-20170125-WA0095.jpg",336,434,false]},"uagb_author_info":{"display_name":"Ol\u00edvio Lemos","author_link":"https:\/\/www.correspondentevianopolino.com.br\/site\/author\/olivio\/"},"uagb_comment_info":1,"uagb_excerpt":"O governador Marconi Perillo recebeu recentemente em seu gabinete, em Goi\u00e2nia, o Secret\u00e1rio Municipal de Educa\u00e7\u00e3o de Vian\u00f3polis, Carlos de [&hellip;]","_links":{"self":[{"href":"https:\/\/www.correspondentevianopolino.com.br\/site\/wp-json\/wp\/v2\/posts\/18287","targetHints":{"allow":["GET"]}}],"collection":[{"href":"https:\/\/www.correspondentevianopolino.com.br\/site\/wp-json\/wp\/v2\/posts"}],"about":[{"href":"https:\/\/www.correspondentevianopolino.com.br\/site\/wp-json\/wp\/v2\/types\/post"}],"author":[{"embeddable":true,"href":"https:\/\/www.correspondentevianopolino.com.br\/site\/wp-json\/wp\/v2\/users\/2"}],"replies":[{"embeddable":true,"href":"https:\/\/www.correspondentevianopolino.com.br\/site\/wp-json\/wp\/v2\/comments?post=18287"}],"version-history":[{"count":0,"href":"https:\/\/www.correspondentevianopolino.com.br\/site\/wp-json\/wp\/v2\/posts\/18287\/revisions"}],"wp:featuredmedia":[{"embeddable":true,"href":"https:\/\/www.correspondentevianopolino.com.br\/site\/wp-json\/wp\/v2\/media\/18288"}],"wp:attachment":[{"href":"https:\/\/www.correspondentevianopolino.com.br\/site\/wp-json\/wp\/v2\/media?parent=18287"}],"wp:term":[{"taxonomy":"category","embeddable":true,"href":"https:\/\/www.correspondentevianopolino.com.br\/site\/wp-json\/wp\/v2\/categories?post=18287"},{"taxonomy":"post_tag","embeddable":true,"href":"https:\/\/www.correspondentevianopolino.com.br\/site\/wp-json\/wp\/v2\/tags?post=18287"}],"curies":[{"name":"wp","href":"https:\/\/api.w.org\/{rel}","templated":true}]}}