{"id":18312,"date":"2017-01-26T06:35:36","date_gmt":"2017-01-26T08:35:36","guid":{"rendered":"http:\/\/www.correspondentevianopolino.com.br\/site\/?p=18312"},"modified":"2017-01-28T08:08:01","modified_gmt":"2017-01-28T10:08:01","slug":"camara-municipal-realiza-hoje-26-4a-sessao-extra-e-deve-aprovar-recomposicao-salarial-para-servidores","status":"publish","type":"post","link":"https:\/\/www.correspondentevianopolino.com.br\/site\/camara-municipal-realiza-hoje-26-4a-sessao-extra-e-deve-aprovar-recomposicao-salarial-para-servidores\/","title":{"rendered":"C\u00e2mara Municipal realiza hoje, 26, quarta sess\u00e3o extra e deve aprovar recomposi\u00e7\u00e3o salarial para servidores"},"content":{"rendered":"<p>Convocada pelo Poder Executivo, a C\u00e2mara Municipal de Vian\u00f3polis realiza na noite de hoje, 26, a quarta sess\u00e3o extra da semana. A primeira aconteceu na \u00faltima segunda-feira.<\/p>\n<p>As sess\u00f5es foram convocadas para que os vereadores analisassem tr\u00eas projetos de lei enviados pelo Executivo que tratam da recomposi\u00e7\u00e3o salarial dos servidores efetivos, aposentados e pensionistas, assim como recomposi\u00e7\u00e3o dos sal\u00e1rios dos conselheiros tutelares e professores municipais.<\/p>\n<p>Depois de serem distribu\u00eddos \u00e0s comiss\u00f5es na segunda-feira, os projetos come\u00e7aram a ser votados na sess\u00e3o da \u00faltima ter\u00e7a-feira. Dessa maneira, foram apreciados em duas sess\u00f5es e aprovados.<\/p>\n<p>Hoje \u00e0 noite, os projetos ser\u00e3o apreciados em terceira e \u00faltima vota\u00e7\u00e3o, devendo ser aprovados sem maiores problemas pelos vereadores vianopolinos.<\/p>\n<p>Os servidores municipais efetivos, incluindo aposentados e pensionistas, assim como os conselheiros tutelares ter\u00e3o reajuste de 6,58%. J\u00e1 os professores ter\u00e3o reajuste superior a 7%, conforme o Piso Nacional definido pelo Minist\u00e9rio da Educa\u00e7\u00e3o.<\/p>\n<p>&nbsp;<\/p>\n","protected":false},"excerpt":{"rendered":"<p>Convocada pelo Poder Executivo, a C\u00e2mara Municipal de Vian\u00f3polis realiza na noite de hoje, 26, a quarta sess\u00e3o extra da [&hellip;]<\/p>\n","protected":false},"author":2,"featured_media":18313,"comment_status":"open","ping_status":"open","sticky":false,"template":"","format":"standard","meta":{"_uag_custom_page_level_css":"","site-sidebar-layout":"default","site-content-layout":"","ast-site-content-layout":"default","site-content-style":"default","site-sidebar-style":"default","ast-global-header-display":"","ast-banner-title-visibility":"","ast-main-header-display":"","ast-hfb-above-header-display":"","ast-hfb-below-header-display":"","ast-hfb-mobile-header-display":"","site-post-title":"","ast-breadcrumbs-content":"","ast-featured-img":"","footer-sml-layout":"","ast-disable-related-posts":"","theme-transparent-header-meta":"","adv-header-id-meta":"","stick-header-meta":"","header-above-stick-meta":"","header-main-stick-meta":"","header-below-stick-meta":"","astra-migrate-meta-layouts":"default","ast-page-background-enabled":"default","ast-page-background-meta":{"desktop":{"background-color":"var(--ast-global-color-4)","background-image":"","background-repeat":"repeat","background-position":"center center","background-size":"auto","background-attachment":"scroll","background-type":"","background-media":"","overlay-type":"","overlay-color":"","overlay-opacity":"","overlay-gradient":""},"tablet":{"background-color":"","background-image":"","background-repeat":"repeat","background-position":"center center","background-size":"auto","background-attachment":"scroll","background-type":"","background-media":"","overlay-type":"","overlay-color":"","overlay-opacity":"","overlay-gradient":""},"mobile":{"background-color":"","background-image":"","background-repeat":"repeat","background-position":"center center","background-size":"auto","background-attachment":"scroll","background-type":"","background-media":"","overlay-type":"","overlay-color":"","overlay-opacity":"","overlay-gradient":""}},"ast-content-background-meta":{"desktop":{"background-color":"var(--ast-global-color-5)","background-image":"","background-repeat":"repeat","background-position":"center center","background-size":"auto","background-attachment":"scroll","background-type":"","background-media":"","overlay-type":"","overlay-color":"","overlay-opacity":"","overlay-gradient":""},"tablet":{"background-color":"var(--ast-global-color-5)","background-image":"","background-repeat":"repeat","background-position":"center center","background-size":"auto","background-attachment":"scroll","background-type":"","background-media":"","overlay-type":"","overlay-color":"","overlay-opacity":"","overlay-gradient":""},"mobile":{"background-color":"var(--ast-global-color-5)","background-image":"","background-repeat":"repeat","background-position":"center center","background-size":"auto","background-attachment":"scroll","background-type":"","background-media":"","overlay-type":"","overlay-color":"","overlay-opacity":"","overlay-gradient":""}},"footnotes":""},"categories":[1],"tags":[],"class_list":["post-18312","post","type-post","status-publish","format-standard","has-post-thumbnail","hentry","category-ultimas"],"uagb_featured_image_src":{"full":["https:\/\/www.correspondentevianopolino.com.br\/site\/wp-content\/uploads\/2017\/01\/DSC_0108-2.jpg",640,450,false],"thumbnail":["https:\/\/www.correspondentevianopolino.com.br\/site\/wp-content\/uploads\/2017\/01\/DSC_0108-2-150x150.jpg",150,150,true],"medium":["https:\/\/www.correspondentevianopolino.com.br\/site\/wp-content\/uploads\/2017\/01\/DSC_0108-2-300x211.jpg",300,211,true],"medium_large":["https:\/\/www.correspondentevianopolino.com.br\/site\/wp-content\/uploads\/2017\/01\/DSC_0108-2.jpg",640,450,false],"large":["https:\/\/www.correspondentevianopolino.com.br\/site\/wp-content\/uploads\/2017\/01\/DSC_0108-2.jpg",640,450,false],"1536x1536":["https:\/\/www.correspondentevianopolino.com.br\/site\/wp-content\/uploads\/2017\/01\/DSC_0108-2.jpg",640,450,false],"2048x2048":["https:\/\/www.correspondentevianopolino.com.br\/site\/wp-content\/uploads\/2017\/01\/DSC_0108-2.jpg",640,450,false]},"uagb_author_info":{"display_name":"Ol\u00edvio Lemos","author_link":"https:\/\/www.correspondentevianopolino.com.br\/site\/author\/olivio\/"},"uagb_comment_info":0,"uagb_excerpt":"Convocada pelo Poder Executivo, a C\u00e2mara Municipal de Vian\u00f3polis realiza na noite de hoje, 26, a quarta sess\u00e3o extra da [&hellip;]","_links":{"self":[{"href":"https:\/\/www.correspondentevianopolino.com.br\/site\/wp-json\/wp\/v2\/posts\/18312","targetHints":{"allow":["GET"]}}],"collection":[{"href":"https:\/\/www.correspondentevianopolino.com.br\/site\/wp-json\/wp\/v2\/posts"}],"about":[{"href":"https:\/\/www.correspondentevianopolino.com.br\/site\/wp-json\/wp\/v2\/types\/post"}],"author":[{"embeddable":true,"href":"https:\/\/www.correspondentevianopolino.com.br\/site\/wp-json\/wp\/v2\/users\/2"}],"replies":[{"embeddable":true,"href":"https:\/\/www.correspondentevianopolino.com.br\/site\/wp-json\/wp\/v2\/comments?post=18312"}],"version-history":[{"count":0,"href":"https:\/\/www.correspondentevianopolino.com.br\/site\/wp-json\/wp\/v2\/posts\/18312\/revisions"}],"wp:featuredmedia":[{"embeddable":true,"href":"https:\/\/www.correspondentevianopolino.com.br\/site\/wp-json\/wp\/v2\/media\/18313"}],"wp:attachment":[{"href":"https:\/\/www.correspondentevianopolino.com.br\/site\/wp-json\/wp\/v2\/media?parent=18312"}],"wp:term":[{"taxonomy":"category","embeddable":true,"href":"https:\/\/www.correspondentevianopolino.com.br\/site\/wp-json\/wp\/v2\/categories?post=18312"},{"taxonomy":"post_tag","embeddable":true,"href":"https:\/\/www.correspondentevianopolino.com.br\/site\/wp-json\/wp\/v2\/tags?post=18312"}],"curies":[{"name":"wp","href":"https:\/\/api.w.org\/{rel}","templated":true}]}}