{"id":18352,"date":"2017-01-29T06:50:08","date_gmt":"2017-01-29T08:50:08","guid":{"rendered":"http:\/\/www.correspondentevianopolino.com.br\/site\/?p=18352"},"modified":"2017-02-02T17:21:27","modified_gmt":"2017-02-02T19:21:27","slug":"familia-vianacorrea-parte-i-o-inicio-de-tudo","status":"publish","type":"post","link":"https:\/\/www.correspondentevianopolino.com.br\/site\/familia-vianacorrea-parte-i-o-inicio-de-tudo\/","title":{"rendered":"FAM\u00cdLIA VIANA\/CORREA&#8230; PARTE I&#8230; O IN\u00cdCIO DE TUDO&#8230;"},"content":{"rendered":"<p>A hist\u00f3ria desta fam\u00edlia come\u00e7ou no ano de 1948, quando o Distrito de Esta\u00e7\u00e3o Tavares, que pertencia \u00e0 cidade de Bonfim, hoje Silv\u00e2nia, havia poucos dias sido emancipado e ganhado outro nome: Vian\u00f3polis.<\/p>\n<p>Naquela \u00e9poca, dentre as poucas atra\u00e7\u00f5es do pequeno lugarejo, acontecia, diariamente, um footing, mais conhecido por vai-e-vem. Era o tradicional passeio das mo\u00e7as e rapazes, que ia do Lago da Esta\u00e7\u00e3o Ferrovi\u00e1ria pela rua do meio (hoje, Felismino Viana), bastante animado e divertido.<\/p>\n<p>Muitos jovens se conheceram, casaram-se e formaram a maioria das fam\u00edlias de Vian\u00f3polis no tradicional vai-e-vem. Uma dessas fam\u00edlias \u00e9 esta, sobre a qual contaremos um pouco de sua bonita, valorosa e exemplar hist\u00f3ria, que tamb\u00e9m come\u00e7ou no footing.<\/p>\n<p>Na primavera de setembro de 1948, uma bonita mo\u00e7a com seus tenros 18 anos passeava com algumas amigas pela rua do meio. Numa dessas passagens, em frente a um bar, ela se deparou com um rapaz de 20 anos de idade, que havia se mudado h\u00e1 pouco tempo para a nova cidade de Vian\u00f3polis.<\/p>\n<p>Os olhares dos jovens se cruzaram e aconteceu o flerte, aquele que seria o primeiro de muitos, que levaria os dois a se apaixonarem e se casarem, meses depois.<\/p>\n<p>Ela, Lucila C\u00e9lia do Esp\u00edrito Santo Borges, nascida no dia 30 de outubro de 1931, na cidade de Bonfim (hoje, Silv\u00e2nia), no lar de Oscar Correa e Benedita dos Santos Correa, \u00e9 a matriarca da fam\u00edlia Viana\/Correa.<\/p>\n<p>Ele, Aparecido Viana Borges, nascido em 7 de julho de 1929, na cidade de Cristalina (GO), no lar de Marciano Vieira Borges, na \u00e9poca, pequeno agricultor em Cristalina, e de Sebastiana Martins Borges, \u00e9 o patriarca da fam\u00edlia cuja hist\u00f3ria contamos neste cap\u00edtulo.<\/p>\n<p>Lucila iniciou seus estudos em Vian\u00f3polis, mais precisamente na escola do saudoso professor Sebasti\u00e3o Bueno. Posteriormente, estudou por 8 anos no Instituto Nossa Senhora Auxiliadora de Silv\u00e2nia, em regime de internato, onde se tornou normalista no ano de 1949.<\/p>\n<p>O pai de Lucila, Oscar Correa, que era filho de Pedro Le\u00e3o Correa e Maria dos Prazeres Correa, foi o que uma comunidade quer e espera de um cidad\u00e3o. Para se ter uma ideia da import\u00e2ncia de Oscar Correa para Vian\u00f3polis, vale recordar que ele foi vereador, delegado, farmac\u00eautico e comerciante.<\/p>\n<p>A m\u00e3e de Lucila, Benedita dos Santos Correa, foi uma das pessoas que muito ajudaram quando do in\u00edcio da Igreja Cat\u00f3lica de Vian\u00f3polis. Muito dedicada \u00e0s coisas da igreja, Benedita foi presidente do Apostolado da Ora\u00e7\u00e3o por longo per\u00edodo e a doadora das imagens e sinos que ornamentaram por muito tempo a Igreja Cat\u00f3lica de nossa cidade.<\/p>\n<p>Aparecido, antes de chegar a Vian\u00f3polis, residiu em Uruta\u00ed e Ipameri.<\/p>\n<p>No ano de 1931, quando tinha apenas dois anos de idade, seus pais se mudaram para Uruta\u00ed. Marciano Vieira Borges, pai de Aparecido, foi trabalhar na ent\u00e3o Col\u00f4nia Agr\u00edcola Rural, que era mantida pelo Governo Federal e que depois se tornou Instituto Federal Goiano.<\/p>\n<p>Anos depois, com a separa\u00e7\u00e3o dos pais, Aparecido passou a residir em Ipameri, com a m\u00e3e e os demais irm\u00e3os.<\/p>\n<p>No ano de 1948, o irm\u00e3o de Aparecido, Manoel Viana Borges, saudoso Filinho Gordo, veio trabalhar na ent\u00e3o Charqueada Olinda, cujos propriet\u00e1rios eram: Iasser Calixto, Germiniano Carneiro, Geraldo Oliv\u00e9rio, Jo\u00e3o Batista Gomes (1\u00ba prefeito eleito de Vian\u00f3polis), Jos\u00e9 Ferreira, Ol\u00edvio Lopes Ferreira, Geraldo Umbelino e Ant\u00f4nio Dutra Rodrigues Filinho Gordo chegou a integrar a equipe de futebol da Charqueada, respeitada e temida, na \u00e9poca, em nossa regi\u00e3o.<\/p>\n<p>Filinho Gordo trouxe sua m\u00e3e e suas irm\u00e3s solteiras para tamb\u00e9m residirem em Vian\u00f3polis, convidando seu irm\u00e3o Aparecido, que havia servido ao ex\u00e9rcito na 6\u00aa Infantaria do Ex\u00e9rcito Brasileiro naquele ano, para vir trabalhar na Charqueada Olinda.<\/p>\n<p>&nbsp;<\/p>\n<p style=\"text-align: center;\"><strong>EM BREVE, O CASAMENTO DE APARECIDO E LUCILA&#8230; PARTE II<\/strong><\/p>\n","protected":false},"excerpt":{"rendered":"<p>A hist\u00f3ria desta fam\u00edlia come\u00e7ou no ano de 1948, quando o Distrito de Esta\u00e7\u00e3o Tavares, que pertencia \u00e0 cidade de [&hellip;]<\/p>\n","protected":false},"author":2,"featured_media":18353,"comment_status":"open","ping_status":"open","sticky":false,"template":"","format":"standard","meta":{"_uag_custom_page_level_css":"","site-sidebar-layout":"default","site-content-layout":"","ast-site-content-layout":"default","site-content-style":"default","site-sidebar-style":"default","ast-global-header-display":"","ast-banner-title-visibility":"","ast-main-header-display":"","ast-hfb-above-header-display":"","ast-hfb-below-header-display":"","ast-hfb-mobile-header-display":"","site-post-title":"","ast-breadcrumbs-content":"","ast-featured-img":"","footer-sml-layout":"","ast-disable-related-posts":"","theme-transparent-header-meta":"","adv-header-id-meta":"","stick-header-meta":"","header-above-stick-meta":"","header-main-stick-meta":"","header-below-stick-meta":"","astra-migrate-meta-layouts":"default","ast-page-background-enabled":"default","ast-page-background-meta":{"desktop":{"background-color":"var(--ast-global-color-4)","background-image":"","background-repeat":"repeat","background-position":"center center","background-size":"auto","background-attachment":"scroll","background-type":"","background-media":"","overlay-type":"","overlay-color":"","overlay-opacity":"","overlay-gradient":""},"tablet":{"background-color":"","background-image":"","background-repeat":"repeat","background-position":"center center","background-size":"auto","background-attachment":"scroll","background-type":"","background-media":"","overlay-type":"","overlay-color":"","overlay-opacity":"","overlay-gradient":""},"mobile":{"background-color":"","background-image":"","background-repeat":"repeat","background-position":"center center","background-size":"auto","background-attachment":"scroll","background-type":"","background-media":"","overlay-type":"","overlay-color":"","overlay-opacity":"","overlay-gradient":""}},"ast-content-background-meta":{"desktop":{"background-color":"var(--ast-global-color-5)","background-image":"","background-repeat":"repeat","background-position":"center center","background-size":"auto","background-attachment":"scroll","background-type":"","background-media":"","overlay-type":"","overlay-color":"","overlay-opacity":"","overlay-gradient":""},"tablet":{"background-color":"var(--ast-global-color-5)","background-image":"","background-repeat":"repeat","background-position":"center center","background-size":"auto","background-attachment":"scroll","background-type":"","background-media":"","overlay-type":"","overlay-color":"","overlay-opacity":"","overlay-gradient":""},"mobile":{"background-color":"var(--ast-global-color-5)","background-image":"","background-repeat":"repeat","background-position":"center center","background-size":"auto","background-attachment":"scroll","background-type":"","background-media":"","overlay-type":"","overlay-color":"","overlay-opacity":"","overlay-gradient":""}},"footnotes":""},"categories":[1],"tags":[],"class_list":["post-18352","post","type-post","status-publish","format-standard","has-post-thumbnail","hentry","category-ultimas"],"uagb_featured_image_src":{"full":["https:\/\/www.correspondentevianopolino.com.br\/site\/wp-content\/uploads\/2017\/01\/FAMILIA-VIANA-03.jpeg",1769,1408,false],"thumbnail":["https:\/\/www.correspondentevianopolino.com.br\/site\/wp-content\/uploads\/2017\/01\/FAMILIA-VIANA-03-150x150.jpeg",150,150,true],"medium":["https:\/\/www.correspondentevianopolino.com.br\/site\/wp-content\/uploads\/2017\/01\/FAMILIA-VIANA-03-300x239.jpeg",300,239,true],"medium_large":["https:\/\/www.correspondentevianopolino.com.br\/site\/wp-content\/uploads\/2017\/01\/FAMILIA-VIANA-03-768x611.jpeg",768,611,true],"large":["https:\/\/www.correspondentevianopolino.com.br\/site\/wp-content\/uploads\/2017\/01\/FAMILIA-VIANA-03-1024x815.jpeg",848,675,true],"1536x1536":["https:\/\/www.correspondentevianopolino.com.br\/site\/wp-content\/uploads\/2017\/01\/FAMILIA-VIANA-03.jpeg",1536,1223,false],"2048x2048":["https:\/\/www.correspondentevianopolino.com.br\/site\/wp-content\/uploads\/2017\/01\/FAMILIA-VIANA-03.jpeg",1769,1408,false]},"uagb_author_info":{"display_name":"Ol\u00edvio Lemos","author_link":"https:\/\/www.correspondentevianopolino.com.br\/site\/author\/olivio\/"},"uagb_comment_info":0,"uagb_excerpt":"A hist\u00f3ria desta fam\u00edlia come\u00e7ou no ano de 1948, quando o Distrito de Esta\u00e7\u00e3o Tavares, que pertencia \u00e0 cidade de [&hellip;]","_links":{"self":[{"href":"https:\/\/www.correspondentevianopolino.com.br\/site\/wp-json\/wp\/v2\/posts\/18352","targetHints":{"allow":["GET"]}}],"collection":[{"href":"https:\/\/www.correspondentevianopolino.com.br\/site\/wp-json\/wp\/v2\/posts"}],"about":[{"href":"https:\/\/www.correspondentevianopolino.com.br\/site\/wp-json\/wp\/v2\/types\/post"}],"author":[{"embeddable":true,"href":"https:\/\/www.correspondentevianopolino.com.br\/site\/wp-json\/wp\/v2\/users\/2"}],"replies":[{"embeddable":true,"href":"https:\/\/www.correspondentevianopolino.com.br\/site\/wp-json\/wp\/v2\/comments?post=18352"}],"version-history":[{"count":0,"href":"https:\/\/www.correspondentevianopolino.com.br\/site\/wp-json\/wp\/v2\/posts\/18352\/revisions"}],"wp:featuredmedia":[{"embeddable":true,"href":"https:\/\/www.correspondentevianopolino.com.br\/site\/wp-json\/wp\/v2\/media\/18353"}],"wp:attachment":[{"href":"https:\/\/www.correspondentevianopolino.com.br\/site\/wp-json\/wp\/v2\/media?parent=18352"}],"wp:term":[{"taxonomy":"category","embeddable":true,"href":"https:\/\/www.correspondentevianopolino.com.br\/site\/wp-json\/wp\/v2\/categories?post=18352"},{"taxonomy":"post_tag","embeddable":true,"href":"https:\/\/www.correspondentevianopolino.com.br\/site\/wp-json\/wp\/v2\/tags?post=18352"}],"curies":[{"name":"wp","href":"https:\/\/api.w.org\/{rel}","templated":true}]}}