{"id":18372,"date":"2017-01-27T21:14:50","date_gmt":"2017-01-27T23:14:50","guid":{"rendered":"http:\/\/www.correspondentevianopolino.com.br\/site\/?p=18372"},"modified":"2017-02-01T11:27:56","modified_gmt":"2017-02-01T13:27:56","slug":"servidores-da-unidade-prisional-de-vianopolis-sao-homenageados-pelos-bons-servicos-prestados","status":"publish","type":"post","link":"https:\/\/www.correspondentevianopolino.com.br\/site\/servidores-da-unidade-prisional-de-vianopolis-sao-homenageados-pelos-bons-servicos-prestados\/","title":{"rendered":"Servidores da Unidade Prisional de Vian\u00f3polis s\u00e3o homenageados pelos bons servi\u00e7os prestados"},"content":{"rendered":"<p>Durante a inaugura\u00e7\u00e3o da Unidade Prisional de Orizona, ocorrida nesta sexta-feira, 27, contando com a presen\u00e7a de diversas autoridades municipais e estaduais, Jo\u00e3o Batista de Brito, Diretor da Unidade Prisional de Vian\u00f3polis, e Eduardo Augusto dos Santos, Chefe do Cart\u00f3rio Penitenci\u00e1rio, foram homenageados pelos bons servi\u00e7os prestados em nossa cidade.<\/p>\n<p>Ali\u00e1s, durante o per\u00edodo em que est\u00e1 \u00e0 frente da Dire\u00e7\u00e3o da Unidade Prisional de Vian\u00f3polis, Jo\u00e3o Batista de Brito conseguiu diversas melhorias, contando com parcerias do Conselho de Execu\u00e7\u00e3o Penal, C\u00e2mara Municipal, Conselho Comunit\u00e1rio de Seguran\u00e7a P\u00fablica e Defesa Social, Poder Judici\u00e1rio, Minist\u00e9rio P\u00fablico e Prefeitura Municipal.<\/p>\n<p>Hoje, a Unidade Prisional de Vian\u00f3polis \u00e9 refer\u00eancia dentre os pres\u00eddios da 4\u00aa Regional (Caldas Novas).<\/p>\n<p>Outro homenageado em Orizona foi o servidor Eduardo Augusto dos Santos, Chefe do Cart\u00f3rio Penitenci\u00e1rio da Unidade Prisional de nossa cidade. Ele \u00e9 respons\u00e1vel pela parte burocr\u00e1tica da unidade que, nos \u00faltimos meses, est\u00e1 em 1\u00ba lugar no total de 15 pres\u00eddios da 4\u00aa Regional, pelos bons servi\u00e7os realizados.<\/p>\n<p>De acordo com o Diretor Jo\u00e3o Batista de Brito, o objetivo principal \u00e9 fazer um sistema prisional mais humano e menos carrasco, apesar do pouco investimento feito pelo Estado.<\/p>\n<p>Al\u00e9m de executar seu trabalho na lida com detentos, o gestor executa a \u00e1rdua miss\u00e3o de melhor as condi\u00e7\u00f5es f\u00edsicas da Unidade Prisional. Segundo ele, o objetivo da execu\u00e7\u00e3o \u00e9 propiciar um cumprimento de pena digno que, ao final, garanta a ressocializa\u00e7\u00e3o do indiv\u00edduo.<\/p>\n<p><img decoding=\"async\" class=\"alignnone size-full wp-image-18373\" src=\"https:\/\/www.correspondentevianopolino.com.br\/site\/wp-content\/uploads\/2017\/01\/IMG-20170127-WA0015.jpg\" alt=\"IMG-20170127-WA0015\" width=\"640\" height=\"360\" srcset=\"https:\/\/www.correspondentevianopolino.com.br\/site\/wp-content\/uploads\/2017\/01\/IMG-20170127-WA0015.jpg 640w, https:\/\/www.correspondentevianopolino.com.br\/site\/wp-content\/uploads\/2017\/01\/IMG-20170127-WA0015-300x169.jpg 300w\" sizes=\"(max-width: 640px) 100vw, 640px\" \/><\/p>\n<p><strong>Na foto, da esquerda para \u00e0 direita, est\u00e3o: Sidney Costa e Souza (Superintendente de Reintegra\u00e7\u00e3o Social); Giovane Rosa da Silva (Tenente-Coronel); Jo\u00e3o Batista de Brito (Diretor da Unidade Prisional de Vian\u00f3polis) e Eduardo Augusto dos Santos (Chefe do Cart\u00f3rio Penitenci\u00e1rio da Unidade Prisional de Vian\u00f3polis).<\/strong><\/p>\n","protected":false},"excerpt":{"rendered":"<p>Durante a inaugura\u00e7\u00e3o da Unidade Prisional de Orizona, ocorrida nesta sexta-feira, 27, contando com a presen\u00e7a de diversas autoridades municipais [&hellip;]<\/p>\n","protected":false},"author":2,"featured_media":18373,"comment_status":"open","ping_status":"open","sticky":false,"template":"","format":"standard","meta":{"_uag_custom_page_level_css":"","site-sidebar-layout":"default","site-content-layout":"","ast-site-content-layout":"default","site-content-style":"default","site-sidebar-style":"default","ast-global-header-display":"","ast-banner-title-visibility":"","ast-main-header-display":"","ast-hfb-above-header-display":"","ast-hfb-below-header-display":"","ast-hfb-mobile-header-display":"","site-post-title":"","ast-breadcrumbs-content":"","ast-featured-img":"","footer-sml-layout":"","ast-disable-related-posts":"","theme-transparent-header-meta":"","adv-header-id-meta":"","stick-header-meta":"","header-above-stick-meta":"","header-main-stick-meta":"","header-below-stick-meta":"","astra-migrate-meta-layouts":"default","ast-page-background-enabled":"default","ast-page-background-meta":{"desktop":{"background-color":"var(--ast-global-color-4)","background-image":"","background-repeat":"repeat","background-position":"center center","background-size":"auto","background-attachment":"scroll","background-type":"","background-media":"","overlay-type":"","overlay-color":"","overlay-opacity":"","overlay-gradient":""},"tablet":{"background-color":"","background-image":"","background-repeat":"repeat","background-position":"center center","background-size":"auto","background-attachment":"scroll","background-type":"","background-media":"","overlay-type":"","overlay-color":"","overlay-opacity":"","overlay-gradient":""},"mobile":{"background-color":"","background-image":"","background-repeat":"repeat","background-position":"center center","background-size":"auto","background-attachment":"scroll","background-type":"","background-media":"","overlay-type":"","overlay-color":"","overlay-opacity":"","overlay-gradient":""}},"ast-content-background-meta":{"desktop":{"background-color":"var(--ast-global-color-5)","background-image":"","background-repeat":"repeat","background-position":"center center","background-size":"auto","background-attachment":"scroll","background-type":"","background-media":"","overlay-type":"","overlay-color":"","overlay-opacity":"","overlay-gradient":""},"tablet":{"background-color":"var(--ast-global-color-5)","background-image":"","background-repeat":"repeat","background-position":"center center","background-size":"auto","background-attachment":"scroll","background-type":"","background-media":"","overlay-type":"","overlay-color":"","overlay-opacity":"","overlay-gradient":""},"mobile":{"background-color":"var(--ast-global-color-5)","background-image":"","background-repeat":"repeat","background-position":"center center","background-size":"auto","background-attachment":"scroll","background-type":"","background-media":"","overlay-type":"","overlay-color":"","overlay-opacity":"","overlay-gradient":""}},"footnotes":""},"categories":[1],"tags":[],"class_list":["post-18372","post","type-post","status-publish","format-standard","has-post-thumbnail","hentry","category-ultimas"],"uagb_featured_image_src":{"full":["https:\/\/www.correspondentevianopolino.com.br\/site\/wp-content\/uploads\/2017\/01\/IMG-20170127-WA0015.jpg",640,360,false],"thumbnail":["https:\/\/www.correspondentevianopolino.com.br\/site\/wp-content\/uploads\/2017\/01\/IMG-20170127-WA0015-150x150.jpg",150,150,true],"medium":["https:\/\/www.correspondentevianopolino.com.br\/site\/wp-content\/uploads\/2017\/01\/IMG-20170127-WA0015-300x169.jpg",300,169,true],"medium_large":["https:\/\/www.correspondentevianopolino.com.br\/site\/wp-content\/uploads\/2017\/01\/IMG-20170127-WA0015.jpg",640,360,false],"large":["https:\/\/www.correspondentevianopolino.com.br\/site\/wp-content\/uploads\/2017\/01\/IMG-20170127-WA0015.jpg",640,360,false],"1536x1536":["https:\/\/www.correspondentevianopolino.com.br\/site\/wp-content\/uploads\/2017\/01\/IMG-20170127-WA0015.jpg",640,360,false],"2048x2048":["https:\/\/www.correspondentevianopolino.com.br\/site\/wp-content\/uploads\/2017\/01\/IMG-20170127-WA0015.jpg",640,360,false]},"uagb_author_info":{"display_name":"Ol\u00edvio Lemos","author_link":"https:\/\/www.correspondentevianopolino.com.br\/site\/author\/olivio\/"},"uagb_comment_info":0,"uagb_excerpt":"Durante a inaugura\u00e7\u00e3o da Unidade Prisional de Orizona, ocorrida nesta sexta-feira, 27, contando com a presen\u00e7a de diversas autoridades municipais [&hellip;]","_links":{"self":[{"href":"https:\/\/www.correspondentevianopolino.com.br\/site\/wp-json\/wp\/v2\/posts\/18372","targetHints":{"allow":["GET"]}}],"collection":[{"href":"https:\/\/www.correspondentevianopolino.com.br\/site\/wp-json\/wp\/v2\/posts"}],"about":[{"href":"https:\/\/www.correspondentevianopolino.com.br\/site\/wp-json\/wp\/v2\/types\/post"}],"author":[{"embeddable":true,"href":"https:\/\/www.correspondentevianopolino.com.br\/site\/wp-json\/wp\/v2\/users\/2"}],"replies":[{"embeddable":true,"href":"https:\/\/www.correspondentevianopolino.com.br\/site\/wp-json\/wp\/v2\/comments?post=18372"}],"version-history":[{"count":0,"href":"https:\/\/www.correspondentevianopolino.com.br\/site\/wp-json\/wp\/v2\/posts\/18372\/revisions"}],"wp:featuredmedia":[{"embeddable":true,"href":"https:\/\/www.correspondentevianopolino.com.br\/site\/wp-json\/wp\/v2\/media\/18373"}],"wp:attachment":[{"href":"https:\/\/www.correspondentevianopolino.com.br\/site\/wp-json\/wp\/v2\/media?parent=18372"}],"wp:term":[{"taxonomy":"category","embeddable":true,"href":"https:\/\/www.correspondentevianopolino.com.br\/site\/wp-json\/wp\/v2\/categories?post=18372"},{"taxonomy":"post_tag","embeddable":true,"href":"https:\/\/www.correspondentevianopolino.com.br\/site\/wp-json\/wp\/v2\/tags?post=18372"}],"curies":[{"name":"wp","href":"https:\/\/api.w.org\/{rel}","templated":true}]}}