{"id":18443,"date":"2017-01-31T06:43:08","date_gmt":"2017-01-31T08:43:08","guid":{"rendered":"http:\/\/www.correspondentevianopolino.com.br\/site\/?p=18443"},"modified":"2017-02-01T11:12:44","modified_gmt":"2017-02-01T13:12:44","slug":"crise-atinge-mercado-imobiliario-e-oferta-de-venda-ou-aluguel-aumenta-em-vianopolis","status":"publish","type":"post","link":"https:\/\/www.correspondentevianopolino.com.br\/site\/crise-atinge-mercado-imobiliario-e-oferta-de-venda-ou-aluguel-aumenta-em-vianopolis\/","title":{"rendered":"Crise atinge mercado imobili\u00e1rio e ofertas de venda ou aluguel aumentam em Vian\u00f3polis"},"content":{"rendered":"<p>Com o setor imobili\u00e1rio debilitado por conta da crise pela qual passa o pa\u00eds, aumenta a oferta de venda ou mesmo aluguel de im\u00f3veis em Vian\u00f3polis.<br \/>\nQuem anda pelas ruas da cidade, encontra dezenas de placas de &#8220;vende-se&#8221; ou &#8220;aluga-se&#8221;. \u00c9 sinal de que vender ou alugar nos tempos atuais n\u00e3o est\u00e1 f\u00e1cil.<br \/>\nO setor imobili\u00e1rio foi afetado pela alta de juros, desemprego e queda da renda real do trabalhador.<br \/>\nPara especialistas, pelo menos atualmente, n\u00e3o existem perspectivas de rea\u00e7\u00e3o do mercado imobili\u00e1rio.<br \/>\nNossa reportagem, num giro que fez pela cidade, deparou-se com um n\u00famero grande de placas de im\u00f3veis \u00e0 venda ou para alugar. No centro de Vian\u00f3polis, existem muitas salas fechadas e que est\u00e3o para alugar.<br \/>\nA crise contribuiu tamb\u00e9m para o fechamento de pequenos estabelecimentos comerciais em nossa cidade, visto que muitas salas comerciais est\u00e3o fechadas, \u00e0 espera de algu\u00e9m para alug\u00e1-las.<br \/>\nDevido \u00e0 crise no mercado imobili\u00e1rio, ficou mais f\u00e1cil comprar ou alugar. Como as ofertas s\u00e3o maiores do que a procura, os pre\u00e7os n\u00e3o sofreram altera\u00e7\u00f5es e, em alguns casos, os pre\u00e7os de aluguel de im\u00f3veis tiveram que ser reduzidos pelos propriet\u00e1rios, buscando com isso alug\u00e1-los o mais r\u00e1pido poss\u00edvel.<br \/>\nJ\u00e1 a venda de im\u00f3veis est\u00e1 estagnada. Com as institui\u00e7\u00f5es banc\u00e1rias mais exigentes na hora de aprovar um cr\u00e9dito imobili\u00e1rio, al\u00e9m da alta nos juros, os financiamentos ficaram mais dif\u00edceis de ser conseguidos.<br \/>\nO propriet\u00e1rio de uma casa em um bairro de Vian\u00f3polis, cujo nome n\u00e3o iremos divulgar, em contato com a nossa reportagem, disse que est\u00e1 com uma casa para vender h\u00e1 mais de 10 meses. E o im\u00f3vel, segundo ele, n\u00e3o \u00e9 de alto valor. Mesmo sendo uma casa em torno de R$ 180.000,00, ele n\u00e3o recebeu nenhuma oferta pelo im\u00f3vel durante o per\u00edodo que de an\u00fancio da venda.<br \/>\nSinal que a crise que assola o pa\u00eds atinge o mercado imobili\u00e1rio.<\/p>\n","protected":false},"excerpt":{"rendered":"<p>Com o setor imobili\u00e1rio debilitado por conta da crise pela qual passa o pa\u00eds, aumenta a oferta de venda ou [&hellip;]<\/p>\n","protected":false},"author":2,"featured_media":18448,"comment_status":"open","ping_status":"open","sticky":false,"template":"","format":"standard","meta":{"_uag_custom_page_level_css":"","site-sidebar-layout":"default","site-content-layout":"","ast-site-content-layout":"default","site-content-style":"default","site-sidebar-style":"default","ast-global-header-display":"","ast-banner-title-visibility":"","ast-main-header-display":"","ast-hfb-above-header-display":"","ast-hfb-below-header-display":"","ast-hfb-mobile-header-display":"","site-post-title":"","ast-breadcrumbs-content":"","ast-featured-img":"","footer-sml-layout":"","ast-disable-related-posts":"","theme-transparent-header-meta":"","adv-header-id-meta":"","stick-header-meta":"","header-above-stick-meta":"","header-main-stick-meta":"","header-below-stick-meta":"","astra-migrate-meta-layouts":"default","ast-page-background-enabled":"default","ast-page-background-meta":{"desktop":{"background-color":"var(--ast-global-color-4)","background-image":"","background-repeat":"repeat","background-position":"center center","background-size":"auto","background-attachment":"scroll","background-type":"","background-media":"","overlay-type":"","overlay-color":"","overlay-opacity":"","overlay-gradient":""},"tablet":{"background-color":"","background-image":"","background-repeat":"repeat","background-position":"center center","background-size":"auto","background-attachment":"scroll","background-type":"","background-media":"","overlay-type":"","overlay-color":"","overlay-opacity":"","overlay-gradient":""},"mobile":{"background-color":"","background-image":"","background-repeat":"repeat","background-position":"center center","background-size":"auto","background-attachment":"scroll","background-type":"","background-media":"","overlay-type":"","overlay-color":"","overlay-opacity":"","overlay-gradient":""}},"ast-content-background-meta":{"desktop":{"background-color":"var(--ast-global-color-5)","background-image":"","background-repeat":"repeat","background-position":"center center","background-size":"auto","background-attachment":"scroll","background-type":"","background-media":"","overlay-type":"","overlay-color":"","overlay-opacity":"","overlay-gradient":""},"tablet":{"background-color":"var(--ast-global-color-5)","background-image":"","background-repeat":"repeat","background-position":"center center","background-size":"auto","background-attachment":"scroll","background-type":"","background-media":"","overlay-type":"","overlay-color":"","overlay-opacity":"","overlay-gradient":""},"mobile":{"background-color":"var(--ast-global-color-5)","background-image":"","background-repeat":"repeat","background-position":"center center","background-size":"auto","background-attachment":"scroll","background-type":"","background-media":"","overlay-type":"","overlay-color":"","overlay-opacity":"","overlay-gradient":""}},"footnotes":""},"categories":[1],"tags":[],"class_list":["post-18443","post","type-post","status-publish","format-standard","has-post-thumbnail","hentry","category-ultimas"],"uagb_featured_image_src":{"full":["https:\/\/www.correspondentevianopolino.com.br\/site\/wp-content\/uploads\/2017\/01\/vende-se-ou-aluga-se-600x600-2.jpg",160,115,false],"thumbnail":["https:\/\/www.correspondentevianopolino.com.br\/site\/wp-content\/uploads\/2017\/01\/vende-se-ou-aluga-se-600x600-2-150x115.jpg",150,115,true],"medium":["https:\/\/www.correspondentevianopolino.com.br\/site\/wp-content\/uploads\/2017\/01\/vende-se-ou-aluga-se-600x600-2.jpg",160,115,false],"medium_large":["https:\/\/www.correspondentevianopolino.com.br\/site\/wp-content\/uploads\/2017\/01\/vende-se-ou-aluga-se-600x600-2.jpg",160,115,false],"large":["https:\/\/www.correspondentevianopolino.com.br\/site\/wp-content\/uploads\/2017\/01\/vende-se-ou-aluga-se-600x600-2.jpg",160,115,false],"1536x1536":["https:\/\/www.correspondentevianopolino.com.br\/site\/wp-content\/uploads\/2017\/01\/vende-se-ou-aluga-se-600x600-2.jpg",160,115,false],"2048x2048":["https:\/\/www.correspondentevianopolino.com.br\/site\/wp-content\/uploads\/2017\/01\/vende-se-ou-aluga-se-600x600-2.jpg",160,115,false]},"uagb_author_info":{"display_name":"Ol\u00edvio Lemos","author_link":"https:\/\/www.correspondentevianopolino.com.br\/site\/author\/olivio\/"},"uagb_comment_info":0,"uagb_excerpt":"Com o setor imobili\u00e1rio debilitado por conta da crise pela qual passa o pa\u00eds, aumenta a oferta de venda ou [&hellip;]","_links":{"self":[{"href":"https:\/\/www.correspondentevianopolino.com.br\/site\/wp-json\/wp\/v2\/posts\/18443","targetHints":{"allow":["GET"]}}],"collection":[{"href":"https:\/\/www.correspondentevianopolino.com.br\/site\/wp-json\/wp\/v2\/posts"}],"about":[{"href":"https:\/\/www.correspondentevianopolino.com.br\/site\/wp-json\/wp\/v2\/types\/post"}],"author":[{"embeddable":true,"href":"https:\/\/www.correspondentevianopolino.com.br\/site\/wp-json\/wp\/v2\/users\/2"}],"replies":[{"embeddable":true,"href":"https:\/\/www.correspondentevianopolino.com.br\/site\/wp-json\/wp\/v2\/comments?post=18443"}],"version-history":[{"count":0,"href":"https:\/\/www.correspondentevianopolino.com.br\/site\/wp-json\/wp\/v2\/posts\/18443\/revisions"}],"wp:featuredmedia":[{"embeddable":true,"href":"https:\/\/www.correspondentevianopolino.com.br\/site\/wp-json\/wp\/v2\/media\/18448"}],"wp:attachment":[{"href":"https:\/\/www.correspondentevianopolino.com.br\/site\/wp-json\/wp\/v2\/media?parent=18443"}],"wp:term":[{"taxonomy":"category","embeddable":true,"href":"https:\/\/www.correspondentevianopolino.com.br\/site\/wp-json\/wp\/v2\/categories?post=18443"},{"taxonomy":"post_tag","embeddable":true,"href":"https:\/\/www.correspondentevianopolino.com.br\/site\/wp-json\/wp\/v2\/tags?post=18443"}],"curies":[{"name":"wp","href":"https:\/\/api.w.org\/{rel}","templated":true}]}}