{"id":18537,"date":"2017-02-03T05:49:13","date_gmt":"2017-02-03T07:49:13","guid":{"rendered":"http:\/\/www.correspondentevianopolino.com.br\/site\/?p=18537"},"modified":"2017-02-03T13:55:39","modified_gmt":"2017-02-03T15:55:39","slug":"selecao-de-vianopolis-inicia-treinamentos-para-participar-do-campeonato-da-regiao-da-estrada-de-ferro","status":"publish","type":"post","link":"https:\/\/www.correspondentevianopolino.com.br\/site\/selecao-de-vianopolis-inicia-treinamentos-para-participar-do-campeonato-da-regiao-da-estrada-de-ferro\/","title":{"rendered":"Sele\u00e7\u00e3o de Vian\u00f3polis inicia treinamentos para participar do Campeonato da Regi\u00e3o da Estrada de Ferro"},"content":{"rendered":"<p>A sele\u00e7\u00e3o de futebol principal de Vian\u00f3polis inicia hoje, 03, a prepara\u00e7\u00e3o nas partes t\u00e9cnica e f\u00edsica para participar do Campeonato de Sele\u00e7\u00f5es da Estrada de Ferro, que come\u00e7ar\u00e1 no final de mar\u00e7o ou in\u00edcio de abril.<\/p>\n<p>Como o Est\u00e1dio P\u00e9 de Ouro est\u00e1 passando por reforma, os treinos v\u00e3o acontecer no campo gramado do Bairro Michelli.<\/p>\n<p>Os desportistas Rog\u00e9rio Parab\u00f3lica e Jhonne C\u00e9sar\u00a0 (foto abaixo) v\u00e3o coordenar a prepara\u00e7\u00e3o dos jogadores vianopolinos a partir de hoje.<\/p>\n<p>Dentre os jogadores que integrar\u00e3o a sele\u00e7\u00e3o de Vian\u00f3polis citamos: Samuel Guimar\u00e3es, Bruno, Anselmo, Chevim, Rafael, Leonardo Guimar\u00e3es, Andinho, Anderson, Neto, Keiram, Serginho e outros.<\/p>\n<p>\u00c9 prov\u00e1vel que al\u00e9m da equipe principal, Vian\u00f3polis tamb\u00e9m inscreva uma sele\u00e7\u00e3o sub-17 na competi\u00e7\u00e3o.<\/p>\n<p>O trof\u00e9u deste ano do Campeonato da Estrada de Ferro levar\u00e1 o nome do saudoso e querido radialista silvaniense Ant\u00f4nio Campos (Mestre Ant\u00f4nio Campos).<\/p>\n<figure id=\"attachment_18539\" aria-describedby=\"caption-attachment-18539\" style=\"width: 640px\" class=\"wp-caption alignnone\"><img decoding=\"async\" class=\"size-full wp-image-18539\" src=\"https:\/\/www.correspondentevianopolino.com.br\/site\/wp-content\/uploads\/2017\/02\/993514_553518294741987_1292598360_n.jpg\" alt=\"?\" width=\"640\" height=\"429\" srcset=\"https:\/\/www.correspondentevianopolino.com.br\/site\/wp-content\/uploads\/2017\/02\/993514_553518294741987_1292598360_n.jpg 640w, https:\/\/www.correspondentevianopolino.com.br\/site\/wp-content\/uploads\/2017\/02\/993514_553518294741987_1292598360_n-300x201.jpg 300w\" sizes=\"(max-width: 640px) 100vw, 640px\" \/><figcaption id=\"caption-attachment-18539\" class=\"wp-caption-text\">?<\/figcaption><\/figure>\n","protected":false},"excerpt":{"rendered":"<p>A sele\u00e7\u00e3o de futebol principal de Vian\u00f3polis inicia hoje, 03, a prepara\u00e7\u00e3o nas partes t\u00e9cnica e f\u00edsica para participar do [&hellip;]<\/p>\n","protected":false},"author":2,"featured_media":18538,"comment_status":"open","ping_status":"open","sticky":false,"template":"","format":"standard","meta":{"_uag_custom_page_level_css":"","site-sidebar-layout":"default","site-content-layout":"","ast-site-content-layout":"default","site-content-style":"default","site-sidebar-style":"default","ast-global-header-display":"","ast-banner-title-visibility":"","ast-main-header-display":"","ast-hfb-above-header-display":"","ast-hfb-below-header-display":"","ast-hfb-mobile-header-display":"","site-post-title":"","ast-breadcrumbs-content":"","ast-featured-img":"","footer-sml-layout":"","ast-disable-related-posts":"","theme-transparent-header-meta":"","adv-header-id-meta":"","stick-header-meta":"","header-above-stick-meta":"","header-main-stick-meta":"","header-below-stick-meta":"","astra-migrate-meta-layouts":"default","ast-page-background-enabled":"default","ast-page-background-meta":{"desktop":{"background-color":"var(--ast-global-color-4)","background-image":"","background-repeat":"repeat","background-position":"center center","background-size":"auto","background-attachment":"scroll","background-type":"","background-media":"","overlay-type":"","overlay-color":"","overlay-opacity":"","overlay-gradient":""},"tablet":{"background-color":"","background-image":"","background-repeat":"repeat","background-position":"center center","background-size":"auto","background-attachment":"scroll","background-type":"","background-media":"","overlay-type":"","overlay-color":"","overlay-opacity":"","overlay-gradient":""},"mobile":{"background-color":"","background-image":"","background-repeat":"repeat","background-position":"center center","background-size":"auto","background-attachment":"scroll","background-type":"","background-media":"","overlay-type":"","overlay-color":"","overlay-opacity":"","overlay-gradient":""}},"ast-content-background-meta":{"desktop":{"background-color":"var(--ast-global-color-5)","background-image":"","background-repeat":"repeat","background-position":"center center","background-size":"auto","background-attachment":"scroll","background-type":"","background-media":"","overlay-type":"","overlay-color":"","overlay-opacity":"","overlay-gradient":""},"tablet":{"background-color":"var(--ast-global-color-5)","background-image":"","background-repeat":"repeat","background-position":"center center","background-size":"auto","background-attachment":"scroll","background-type":"","background-media":"","overlay-type":"","overlay-color":"","overlay-opacity":"","overlay-gradient":""},"mobile":{"background-color":"var(--ast-global-color-5)","background-image":"","background-repeat":"repeat","background-position":"center center","background-size":"auto","background-attachment":"scroll","background-type":"","background-media":"","overlay-type":"","overlay-color":"","overlay-opacity":"","overlay-gradient":""}},"footnotes":""},"categories":[1],"tags":[],"class_list":["post-18537","post","type-post","status-publish","format-standard","has-post-thumbnail","hentry","category-ultimas"],"uagb_featured_image_src":{"full":["https:\/\/www.correspondentevianopolino.com.br\/site\/wp-content\/uploads\/2017\/02\/10154212_974192102672949_2495544515411250315_n.jpg",448,336,false],"thumbnail":["https:\/\/www.correspondentevianopolino.com.br\/site\/wp-content\/uploads\/2017\/02\/10154212_974192102672949_2495544515411250315_n-150x150.jpg",150,150,true],"medium":["https:\/\/www.correspondentevianopolino.com.br\/site\/wp-content\/uploads\/2017\/02\/10154212_974192102672949_2495544515411250315_n-300x225.jpg",300,225,true],"medium_large":["https:\/\/www.correspondentevianopolino.com.br\/site\/wp-content\/uploads\/2017\/02\/10154212_974192102672949_2495544515411250315_n.jpg",448,336,false],"large":["https:\/\/www.correspondentevianopolino.com.br\/site\/wp-content\/uploads\/2017\/02\/10154212_974192102672949_2495544515411250315_n.jpg",448,336,false],"1536x1536":["https:\/\/www.correspondentevianopolino.com.br\/site\/wp-content\/uploads\/2017\/02\/10154212_974192102672949_2495544515411250315_n.jpg",448,336,false],"2048x2048":["https:\/\/www.correspondentevianopolino.com.br\/site\/wp-content\/uploads\/2017\/02\/10154212_974192102672949_2495544515411250315_n.jpg",448,336,false]},"uagb_author_info":{"display_name":"Ol\u00edvio Lemos","author_link":"https:\/\/www.correspondentevianopolino.com.br\/site\/author\/olivio\/"},"uagb_comment_info":0,"uagb_excerpt":"A sele\u00e7\u00e3o de futebol principal de Vian\u00f3polis inicia hoje, 03, a prepara\u00e7\u00e3o nas partes t\u00e9cnica e f\u00edsica para participar do [&hellip;]","_links":{"self":[{"href":"https:\/\/www.correspondentevianopolino.com.br\/site\/wp-json\/wp\/v2\/posts\/18537","targetHints":{"allow":["GET"]}}],"collection":[{"href":"https:\/\/www.correspondentevianopolino.com.br\/site\/wp-json\/wp\/v2\/posts"}],"about":[{"href":"https:\/\/www.correspondentevianopolino.com.br\/site\/wp-json\/wp\/v2\/types\/post"}],"author":[{"embeddable":true,"href":"https:\/\/www.correspondentevianopolino.com.br\/site\/wp-json\/wp\/v2\/users\/2"}],"replies":[{"embeddable":true,"href":"https:\/\/www.correspondentevianopolino.com.br\/site\/wp-json\/wp\/v2\/comments?post=18537"}],"version-history":[{"count":0,"href":"https:\/\/www.correspondentevianopolino.com.br\/site\/wp-json\/wp\/v2\/posts\/18537\/revisions"}],"wp:featuredmedia":[{"embeddable":true,"href":"https:\/\/www.correspondentevianopolino.com.br\/site\/wp-json\/wp\/v2\/media\/18538"}],"wp:attachment":[{"href":"https:\/\/www.correspondentevianopolino.com.br\/site\/wp-json\/wp\/v2\/media?parent=18537"}],"wp:term":[{"taxonomy":"category","embeddable":true,"href":"https:\/\/www.correspondentevianopolino.com.br\/site\/wp-json\/wp\/v2\/categories?post=18537"},{"taxonomy":"post_tag","embeddable":true,"href":"https:\/\/www.correspondentevianopolino.com.br\/site\/wp-json\/wp\/v2\/tags?post=18537"}],"curies":[{"name":"wp","href":"https:\/\/api.w.org\/{rel}","templated":true}]}}