{"id":18541,"date":"2017-02-03T07:36:58","date_gmt":"2017-02-03T09:36:58","guid":{"rendered":"http:\/\/www.correspondentevianopolino.com.br\/site\/?p=18541"},"modified":"2017-02-03T17:54:17","modified_gmt":"2017-02-03T19:54:17","slug":"escola-municipal-de-adelinopolis-podera-ser-fechada","status":"publish","type":"post","link":"https:\/\/www.correspondentevianopolino.com.br\/site\/escola-municipal-de-adelinopolis-podera-ser-fechada\/","title":{"rendered":"Escola Municipal de Adelin\u00f3polis poder\u00e1 ser fechada"},"content":{"rendered":"<p>O n\u00famero reduzido de alunos matriculados na Escola Municipal \u00c2ngelo de Paula Albernaz, na localidade de Adelin\u00f3polis, poder\u00e1 provocar o fechamento daquele estabelecimento de ensino.<br \/>\nNossa reportagem tomou conhecimento de que a Secretaria Municipal de Educa\u00e7\u00e3o realizou levantamento que indicou ser invi\u00e1vel o funcionamento daquela escola, pois o n\u00famero de alunos \u00e9 pequeno(53 matriculados).<br \/>\nNa noite de ontem, 02, uma reuni\u00e3o com o Secret\u00e1rio Municipal de Educa\u00e7\u00e3o, Carlos de Souza Lobo, pais de alunos, professores e funcion\u00e1rios da Escola Municipal de Adelin\u00f3polis foi realizada. No encontro, o Secret\u00e1rio apresentou duas propostas, sendo uma de cria\u00e7\u00e3o de classes multisseriadas, e a outra oferecendo transporte para que os alunos estudem na Escola Municipal Paulo VI, do Bairro S\u00e3o Vicente.<br \/>\nAs classes multisseriadas s\u00e3o salas onde um professor trabalha com v\u00e1rias s\u00e9ries simultaneamente, tendo que atender alunos com idades e n\u00edveis de conhecimento diferentes.<br \/>\nOs pais n\u00e3o concordam com o fechamento da escola e informaram ao Secret\u00e1rio que tudo far\u00e3o para que isso n\u00e3o aconte\u00e7a. Eles deram a sugest\u00e3o de que os 1\u00ba e 2\u00ba anos sejam multiseriados, enquanto que os 3\u00ba, 4\u00ba e 5\u00ba anos continuem com professores para cada sala.<br \/>\nA proposta dos pais ser\u00e1 levada ao conhecimento do prefeito Issy Quinan J\u00fanior e tamb\u00e9m aos membros do Conselho Municipal de Educa\u00e7\u00e3o.<br \/>\nFato igual a este que ocorre na Escola de Adelin\u00f3polis j\u00e1 aconteceu em nosso munic\u00edpio. H\u00e1 anos atr\u00e1s, a Escola\u00a0 Municipal da Santa Rita foi fechada devido ao n\u00famero reduzido de alunos.<\/p>\n","protected":false},"excerpt":{"rendered":"<p>O n\u00famero reduzido de alunos matriculados na Escola Municipal \u00c2ngelo de Paula Albernaz, na localidade de Adelin\u00f3polis, poder\u00e1 provocar o [&hellip;]<\/p>\n","protected":false},"author":2,"featured_media":18546,"comment_status":"open","ping_status":"open","sticky":false,"template":"","format":"standard","meta":{"_uag_custom_page_level_css":"","site-sidebar-layout":"default","site-content-layout":"","ast-site-content-layout":"default","site-content-style":"default","site-sidebar-style":"default","ast-global-header-display":"","ast-banner-title-visibility":"","ast-main-header-display":"","ast-hfb-above-header-display":"","ast-hfb-below-header-display":"","ast-hfb-mobile-header-display":"","site-post-title":"","ast-breadcrumbs-content":"","ast-featured-img":"","footer-sml-layout":"","ast-disable-related-posts":"","theme-transparent-header-meta":"","adv-header-id-meta":"","stick-header-meta":"","header-above-stick-meta":"","header-main-stick-meta":"","header-below-stick-meta":"","astra-migrate-meta-layouts":"default","ast-page-background-enabled":"default","ast-page-background-meta":{"desktop":{"background-color":"var(--ast-global-color-4)","background-image":"","background-repeat":"repeat","background-position":"center center","background-size":"auto","background-attachment":"scroll","background-type":"","background-media":"","overlay-type":"","overlay-color":"","overlay-opacity":"","overlay-gradient":""},"tablet":{"background-color":"","background-image":"","background-repeat":"repeat","background-position":"center center","background-size":"auto","background-attachment":"scroll","background-type":"","background-media":"","overlay-type":"","overlay-color":"","overlay-opacity":"","overlay-gradient":""},"mobile":{"background-color":"","background-image":"","background-repeat":"repeat","background-position":"center center","background-size":"auto","background-attachment":"scroll","background-type":"","background-media":"","overlay-type":"","overlay-color":"","overlay-opacity":"","overlay-gradient":""}},"ast-content-background-meta":{"desktop":{"background-color":"var(--ast-global-color-5)","background-image":"","background-repeat":"repeat","background-position":"center center","background-size":"auto","background-attachment":"scroll","background-type":"","background-media":"","overlay-type":"","overlay-color":"","overlay-opacity":"","overlay-gradient":""},"tablet":{"background-color":"var(--ast-global-color-5)","background-image":"","background-repeat":"repeat","background-position":"center center","background-size":"auto","background-attachment":"scroll","background-type":"","background-media":"","overlay-type":"","overlay-color":"","overlay-opacity":"","overlay-gradient":""},"mobile":{"background-color":"var(--ast-global-color-5)","background-image":"","background-repeat":"repeat","background-position":"center center","background-size":"auto","background-attachment":"scroll","background-type":"","background-media":"","overlay-type":"","overlay-color":"","overlay-opacity":"","overlay-gradient":""}},"footnotes":""},"categories":[1],"tags":[],"class_list":["post-18541","post","type-post","status-publish","format-standard","has-post-thumbnail","hentry","category-ultimas"],"uagb_featured_image_src":{"full":["https:\/\/www.correspondentevianopolino.com.br\/site\/wp-content\/uploads\/2017\/02\/IMG-20170203-WA0003.jpg",640,360,false],"thumbnail":["https:\/\/www.correspondentevianopolino.com.br\/site\/wp-content\/uploads\/2017\/02\/IMG-20170203-WA0003-150x150.jpg",150,150,true],"medium":["https:\/\/www.correspondentevianopolino.com.br\/site\/wp-content\/uploads\/2017\/02\/IMG-20170203-WA0003-300x169.jpg",300,169,true],"medium_large":["https:\/\/www.correspondentevianopolino.com.br\/site\/wp-content\/uploads\/2017\/02\/IMG-20170203-WA0003.jpg",640,360,false],"large":["https:\/\/www.correspondentevianopolino.com.br\/site\/wp-content\/uploads\/2017\/02\/IMG-20170203-WA0003.jpg",640,360,false],"1536x1536":["https:\/\/www.correspondentevianopolino.com.br\/site\/wp-content\/uploads\/2017\/02\/IMG-20170203-WA0003.jpg",640,360,false],"2048x2048":["https:\/\/www.correspondentevianopolino.com.br\/site\/wp-content\/uploads\/2017\/02\/IMG-20170203-WA0003.jpg",640,360,false]},"uagb_author_info":{"display_name":"Ol\u00edvio Lemos","author_link":"https:\/\/www.correspondentevianopolino.com.br\/site\/author\/olivio\/"},"uagb_comment_info":10,"uagb_excerpt":"O n\u00famero reduzido de alunos matriculados na Escola Municipal \u00c2ngelo de Paula Albernaz, na localidade de Adelin\u00f3polis, poder\u00e1 provocar o [&hellip;]","_links":{"self":[{"href":"https:\/\/www.correspondentevianopolino.com.br\/site\/wp-json\/wp\/v2\/posts\/18541","targetHints":{"allow":["GET"]}}],"collection":[{"href":"https:\/\/www.correspondentevianopolino.com.br\/site\/wp-json\/wp\/v2\/posts"}],"about":[{"href":"https:\/\/www.correspondentevianopolino.com.br\/site\/wp-json\/wp\/v2\/types\/post"}],"author":[{"embeddable":true,"href":"https:\/\/www.correspondentevianopolino.com.br\/site\/wp-json\/wp\/v2\/users\/2"}],"replies":[{"embeddable":true,"href":"https:\/\/www.correspondentevianopolino.com.br\/site\/wp-json\/wp\/v2\/comments?post=18541"}],"version-history":[{"count":0,"href":"https:\/\/www.correspondentevianopolino.com.br\/site\/wp-json\/wp\/v2\/posts\/18541\/revisions"}],"wp:featuredmedia":[{"embeddable":true,"href":"https:\/\/www.correspondentevianopolino.com.br\/site\/wp-json\/wp\/v2\/media\/18546"}],"wp:attachment":[{"href":"https:\/\/www.correspondentevianopolino.com.br\/site\/wp-json\/wp\/v2\/media?parent=18541"}],"wp:term":[{"taxonomy":"category","embeddable":true,"href":"https:\/\/www.correspondentevianopolino.com.br\/site\/wp-json\/wp\/v2\/categories?post=18541"},{"taxonomy":"post_tag","embeddable":true,"href":"https:\/\/www.correspondentevianopolino.com.br\/site\/wp-json\/wp\/v2\/tags?post=18541"}],"curies":[{"name":"wp","href":"https:\/\/api.w.org\/{rel}","templated":true}]}}