{"id":18569,"date":"2017-02-03T20:25:10","date_gmt":"2017-02-03T22:25:10","guid":{"rendered":"http:\/\/www.correspondentevianopolino.com.br\/site\/?p=18569"},"modified":"2017-02-06T13:47:47","modified_gmt":"2017-02-06T15:47:47","slug":"promotor-de-justica-de-vianopolis-emite-nota-sobre-soltura-de-diego-lima","status":"publish","type":"post","link":"https:\/\/www.correspondentevianopolino.com.br\/site\/promotor-de-justica-de-vianopolis-emite-nota-sobre-soltura-de-diego-lima\/","title":{"rendered":"Promotor de Justi\u00e7a de Vian\u00f3polis emite nota sobre soltura de Diego Lima"},"content":{"rendered":"<p style=\"text-align: left;\">Na tarde desta sexta-feira, via e-mail, recebemos nota enviada pelo Promotor de Justi\u00e7a de Vian\u00f3polis, Lucas C\u00e9sar Costa Ferreira, que segue publicada abaixo, na \u00edntegra.<\/p>\n<p style=\"text-align: left;\">\n<p style=\"text-align: center;\"><strong>NOTA DE NOTA DE ESCLARECIMENTO \u00c0 IMPRENSA<\/strong><\/p>\n<p>&nbsp;<\/p>\n<p>Hoje tomei conhecimento de decis\u00e3o proferida pela 1\u00aa C\u00e2mara Criminal do Tribunal de Justi\u00e7a do Estado de Goi\u00e1s, nos autos do Habeas Corpus n\u00ba 20179010076, em que foi concedida ordem para revogar a pris\u00e3o preventiva de Diego Henrique Lima, acusado de tirar a vida de sua ex-companheira CAILLANE RAQUEL MARINHO, de modo cruel e se valendo de recurso que dificultou a defesa da v\u00edtima.<\/p>\n<p>Apesar do esfor\u00e7o empreendido pelos representantes deste Minist\u00e9rio P\u00fablico, bem como a tempestiva e imparcial atua\u00e7\u00e3o da MM.\u00aa Ju\u00edza Marli de F\u00e1tima Naves, que, para resguardo da ordem p\u00fablica e garantia da aplica\u00e7\u00e3o da lei penal, decretou a pris\u00e3o cautelar do denunciado, a Corte Estadual entendeu que os fundamentos para a pris\u00e3o j\u00e1 n\u00e3o mais se faziam presentes, determinando sua soltura.<\/p>\n<p>Assim, com amparo no direito constitucional de informa\u00e7\u00e3o, previsto no artigo 5\u00ba, XIV, da Constitui\u00e7\u00e3o Federal, este Promotor de Justi\u00e7a vem \u00a0esclarecer os fatos e, em especial, manifestar solidariedade \u00e0 fam\u00edlia da v\u00edtima Caillane Raquel Marinho, assumindo o compromisso de envidar esfor\u00e7os em prol da tramita\u00e7\u00e3o c\u00e9lere e desfecho justo da a\u00e7\u00e3o penal j\u00e1 ajuizada.<\/p>\n<p>&nbsp;<\/p>\n<p style=\"text-align: center;\"><strong>Vian\u00f3polis\/GO, 3 de fevereiro de 2017.<\/strong><\/p>\n<p style=\"text-align: center;\"><strong>Lucas C\u00e9sar Costa Ferreira<\/strong><\/p>\n","protected":false},"excerpt":{"rendered":"<p>Na tarde desta sexta-feira, via e-mail, recebemos nota enviada pelo Promotor de Justi\u00e7a de Vian\u00f3polis, Lucas C\u00e9sar Costa Ferreira, que [&hellip;]<\/p>\n","protected":false},"author":2,"featured_media":18570,"comment_status":"open","ping_status":"open","sticky":false,"template":"","format":"standard","meta":{"_uag_custom_page_level_css":"","site-sidebar-layout":"default","site-content-layout":"","ast-site-content-layout":"default","site-content-style":"default","site-sidebar-style":"default","ast-global-header-display":"","ast-banner-title-visibility":"","ast-main-header-display":"","ast-hfb-above-header-display":"","ast-hfb-below-header-display":"","ast-hfb-mobile-header-display":"","site-post-title":"","ast-breadcrumbs-content":"","ast-featured-img":"","footer-sml-layout":"","ast-disable-related-posts":"","theme-transparent-header-meta":"","adv-header-id-meta":"","stick-header-meta":"","header-above-stick-meta":"","header-main-stick-meta":"","header-below-stick-meta":"","astra-migrate-meta-layouts":"default","ast-page-background-enabled":"default","ast-page-background-meta":{"desktop":{"background-color":"var(--ast-global-color-4)","background-image":"","background-repeat":"repeat","background-position":"center center","background-size":"auto","background-attachment":"scroll","background-type":"","background-media":"","overlay-type":"","overlay-color":"","overlay-opacity":"","overlay-gradient":""},"tablet":{"background-color":"","background-image":"","background-repeat":"repeat","background-position":"center center","background-size":"auto","background-attachment":"scroll","background-type":"","background-media":"","overlay-type":"","overlay-color":"","overlay-opacity":"","overlay-gradient":""},"mobile":{"background-color":"","background-image":"","background-repeat":"repeat","background-position":"center center","background-size":"auto","background-attachment":"scroll","background-type":"","background-media":"","overlay-type":"","overlay-color":"","overlay-opacity":"","overlay-gradient":""}},"ast-content-background-meta":{"desktop":{"background-color":"var(--ast-global-color-5)","background-image":"","background-repeat":"repeat","background-position":"center center","background-size":"auto","background-attachment":"scroll","background-type":"","background-media":"","overlay-type":"","overlay-color":"","overlay-opacity":"","overlay-gradient":""},"tablet":{"background-color":"var(--ast-global-color-5)","background-image":"","background-repeat":"repeat","background-position":"center center","background-size":"auto","background-attachment":"scroll","background-type":"","background-media":"","overlay-type":"","overlay-color":"","overlay-opacity":"","overlay-gradient":""},"mobile":{"background-color":"var(--ast-global-color-5)","background-image":"","background-repeat":"repeat","background-position":"center center","background-size":"auto","background-attachment":"scroll","background-type":"","background-media":"","overlay-type":"","overlay-color":"","overlay-opacity":"","overlay-gradient":""}},"footnotes":""},"categories":[1],"tags":[],"class_list":["post-18569","post","type-post","status-publish","format-standard","has-post-thumbnail","hentry","category-ultimas"],"uagb_featured_image_src":{"full":["https:\/\/www.correspondentevianopolino.com.br\/site\/wp-content\/uploads\/2017\/02\/DSC0077.jpg",480,536,false],"thumbnail":["https:\/\/www.correspondentevianopolino.com.br\/site\/wp-content\/uploads\/2017\/02\/DSC0077-150x150.jpg",150,150,true],"medium":["https:\/\/www.correspondentevianopolino.com.br\/site\/wp-content\/uploads\/2017\/02\/DSC0077-269x300.jpg",269,300,true],"medium_large":["https:\/\/www.correspondentevianopolino.com.br\/site\/wp-content\/uploads\/2017\/02\/DSC0077.jpg",480,536,false],"large":["https:\/\/www.correspondentevianopolino.com.br\/site\/wp-content\/uploads\/2017\/02\/DSC0077.jpg",480,536,false],"1536x1536":["https:\/\/www.correspondentevianopolino.com.br\/site\/wp-content\/uploads\/2017\/02\/DSC0077.jpg",480,536,false],"2048x2048":["https:\/\/www.correspondentevianopolino.com.br\/site\/wp-content\/uploads\/2017\/02\/DSC0077.jpg",480,536,false]},"uagb_author_info":{"display_name":"Ol\u00edvio Lemos","author_link":"https:\/\/www.correspondentevianopolino.com.br\/site\/author\/olivio\/"},"uagb_comment_info":4,"uagb_excerpt":"Na tarde desta sexta-feira, via e-mail, recebemos nota enviada pelo Promotor de Justi\u00e7a de Vian\u00f3polis, Lucas C\u00e9sar Costa Ferreira, que [&hellip;]","_links":{"self":[{"href":"https:\/\/www.correspondentevianopolino.com.br\/site\/wp-json\/wp\/v2\/posts\/18569","targetHints":{"allow":["GET"]}}],"collection":[{"href":"https:\/\/www.correspondentevianopolino.com.br\/site\/wp-json\/wp\/v2\/posts"}],"about":[{"href":"https:\/\/www.correspondentevianopolino.com.br\/site\/wp-json\/wp\/v2\/types\/post"}],"author":[{"embeddable":true,"href":"https:\/\/www.correspondentevianopolino.com.br\/site\/wp-json\/wp\/v2\/users\/2"}],"replies":[{"embeddable":true,"href":"https:\/\/www.correspondentevianopolino.com.br\/site\/wp-json\/wp\/v2\/comments?post=18569"}],"version-history":[{"count":0,"href":"https:\/\/www.correspondentevianopolino.com.br\/site\/wp-json\/wp\/v2\/posts\/18569\/revisions"}],"wp:featuredmedia":[{"embeddable":true,"href":"https:\/\/www.correspondentevianopolino.com.br\/site\/wp-json\/wp\/v2\/media\/18570"}],"wp:attachment":[{"href":"https:\/\/www.correspondentevianopolino.com.br\/site\/wp-json\/wp\/v2\/media?parent=18569"}],"wp:term":[{"taxonomy":"category","embeddable":true,"href":"https:\/\/www.correspondentevianopolino.com.br\/site\/wp-json\/wp\/v2\/categories?post=18569"},{"taxonomy":"post_tag","embeddable":true,"href":"https:\/\/www.correspondentevianopolino.com.br\/site\/wp-json\/wp\/v2\/tags?post=18569"}],"curies":[{"name":"wp","href":"https:\/\/api.w.org\/{rel}","templated":true}]}}