{"id":18617,"date":"2017-02-07T08:15:26","date_gmt":"2017-02-07T10:15:26","guid":{"rendered":"http:\/\/www.correspondentevianopolino.com.br\/site\/?p=18617"},"modified":"2017-02-07T10:57:33","modified_gmt":"2017-02-07T12:57:33","slug":"endurecimento-do-combate-a-criminalidade-em-luziania-pode-provocar-migracao-de-bandidos-para-vianopolis","status":"publish","type":"post","link":"https:\/\/www.correspondentevianopolino.com.br\/site\/endurecimento-do-combate-a-criminalidade-em-luziania-pode-provocar-migracao-de-bandidos-para-vianopolis\/","title":{"rendered":"Endurecimento do combate \u00e0 criminalidade em Luzi\u00e2nia pode provocar migra\u00e7\u00e3o de bandidos para Vian\u00f3polis"},"content":{"rendered":"<p>Com altos \u00edndices de criminalidade, Luzi\u00e2nia, atrav\u00e9s do prefeito Cristov\u00e3o Tormin, solicitou ao Governador Marconi Perillo envio de for\u00e7as especiais da Pol\u00edcia Militar do Estado de Goi\u00e1s para auxiliar no combate aos fora da lei que est\u00e3o agindo na cidade e zona rural.<br \/>\nHomens do Comando de Miss\u00f5es Especiais, formado pelo Grupo de Radiopatrulha A\u00e9rea (GRAER), Batalh\u00e3o de Opera\u00e7\u00f5es Especiais (BOPE), Regimento de Pol\u00edcia Montada (RPMont), Grupo de Interven\u00e7\u00e3o R\u00e1pida Ostensiva (GIRO) e Batalh\u00e3o de Choque atuar\u00e3o em Luzi\u00e2nia para atender as demandas de alta complexidade. Al\u00e9m disso, a\u00e7\u00f5es ostensivas e preventivas ser\u00e3o tomadas pela Pol\u00edcia Militar, visando garantir a tranquilidade da popula\u00e7\u00e3o de Luzi\u00e2nia.<br \/>\nO endurecimento das for\u00e7as de seguran\u00e7a na cidade vizinha de Luzi\u00e2nia pode provocar a migra\u00e7\u00e3o de bandidos para Vian\u00f3polis e regi\u00e3o. Desta maneira, os moradores devem refor\u00e7ar sua seguran\u00e7a tanto em casa quanto na rua e em seus ve\u00edculos.<br \/>\nInfelizmente, pela proximidade com Luzi\u00e2nia, a popula\u00e7\u00e3o de Vian\u00f3polis corre esse risco.<\/p>\n","protected":false},"excerpt":{"rendered":"<p>Com altos \u00edndices de criminalidade, Luzi\u00e2nia, atrav\u00e9s do prefeito Cristov\u00e3o Tormin, solicitou ao Governador Marconi Perillo envio de for\u00e7as especiais [&hellip;]<\/p>\n","protected":false},"author":2,"featured_media":18618,"comment_status":"open","ping_status":"open","sticky":false,"template":"","format":"standard","meta":{"_uag_custom_page_level_css":"","site-sidebar-layout":"default","site-content-layout":"","ast-site-content-layout":"default","site-content-style":"default","site-sidebar-style":"default","ast-global-header-display":"","ast-banner-title-visibility":"","ast-main-header-display":"","ast-hfb-above-header-display":"","ast-hfb-below-header-display":"","ast-hfb-mobile-header-display":"","site-post-title":"","ast-breadcrumbs-content":"","ast-featured-img":"","footer-sml-layout":"","ast-disable-related-posts":"","theme-transparent-header-meta":"","adv-header-id-meta":"","stick-header-meta":"","header-above-stick-meta":"","header-main-stick-meta":"","header-below-stick-meta":"","astra-migrate-meta-layouts":"default","ast-page-background-enabled":"default","ast-page-background-meta":{"desktop":{"background-color":"var(--ast-global-color-4)","background-image":"","background-repeat":"repeat","background-position":"center center","background-size":"auto","background-attachment":"scroll","background-type":"","background-media":"","overlay-type":"","overlay-color":"","overlay-opacity":"","overlay-gradient":""},"tablet":{"background-color":"","background-image":"","background-repeat":"repeat","background-position":"center center","background-size":"auto","background-attachment":"scroll","background-type":"","background-media":"","overlay-type":"","overlay-color":"","overlay-opacity":"","overlay-gradient":""},"mobile":{"background-color":"","background-image":"","background-repeat":"repeat","background-position":"center center","background-size":"auto","background-attachment":"scroll","background-type":"","background-media":"","overlay-type":"","overlay-color":"","overlay-opacity":"","overlay-gradient":""}},"ast-content-background-meta":{"desktop":{"background-color":"var(--ast-global-color-5)","background-image":"","background-repeat":"repeat","background-position":"center center","background-size":"auto","background-attachment":"scroll","background-type":"","background-media":"","overlay-type":"","overlay-color":"","overlay-opacity":"","overlay-gradient":""},"tablet":{"background-color":"var(--ast-global-color-5)","background-image":"","background-repeat":"repeat","background-position":"center center","background-size":"auto","background-attachment":"scroll","background-type":"","background-media":"","overlay-type":"","overlay-color":"","overlay-opacity":"","overlay-gradient":""},"mobile":{"background-color":"var(--ast-global-color-5)","background-image":"","background-repeat":"repeat","background-position":"center center","background-size":"auto","background-attachment":"scroll","background-type":"","background-media":"","overlay-type":"","overlay-color":"","overlay-opacity":"","overlay-gradient":""}},"footnotes":""},"categories":[1],"tags":[],"class_list":["post-18617","post","type-post","status-publish","format-standard","has-post-thumbnail","hentry","category-ultimas"],"uagb_featured_image_src":{"full":["https:\/\/www.correspondentevianopolino.com.br\/site\/wp-content\/uploads\/2017\/02\/pm-04.jpg",320,180,false],"thumbnail":["https:\/\/www.correspondentevianopolino.com.br\/site\/wp-content\/uploads\/2017\/02\/pm-04-150x150.jpg",150,150,true],"medium":["https:\/\/www.correspondentevianopolino.com.br\/site\/wp-content\/uploads\/2017\/02\/pm-04-300x169.jpg",300,169,true],"medium_large":["https:\/\/www.correspondentevianopolino.com.br\/site\/wp-content\/uploads\/2017\/02\/pm-04.jpg",320,180,false],"large":["https:\/\/www.correspondentevianopolino.com.br\/site\/wp-content\/uploads\/2017\/02\/pm-04.jpg",320,180,false],"1536x1536":["https:\/\/www.correspondentevianopolino.com.br\/site\/wp-content\/uploads\/2017\/02\/pm-04.jpg",320,180,false],"2048x2048":["https:\/\/www.correspondentevianopolino.com.br\/site\/wp-content\/uploads\/2017\/02\/pm-04.jpg",320,180,false]},"uagb_author_info":{"display_name":"Ol\u00edvio Lemos","author_link":"https:\/\/www.correspondentevianopolino.com.br\/site\/author\/olivio\/"},"uagb_comment_info":0,"uagb_excerpt":"Com altos \u00edndices de criminalidade, Luzi\u00e2nia, atrav\u00e9s do prefeito Cristov\u00e3o Tormin, solicitou ao Governador Marconi Perillo envio de for\u00e7as especiais [&hellip;]","_links":{"self":[{"href":"https:\/\/www.correspondentevianopolino.com.br\/site\/wp-json\/wp\/v2\/posts\/18617","targetHints":{"allow":["GET"]}}],"collection":[{"href":"https:\/\/www.correspondentevianopolino.com.br\/site\/wp-json\/wp\/v2\/posts"}],"about":[{"href":"https:\/\/www.correspondentevianopolino.com.br\/site\/wp-json\/wp\/v2\/types\/post"}],"author":[{"embeddable":true,"href":"https:\/\/www.correspondentevianopolino.com.br\/site\/wp-json\/wp\/v2\/users\/2"}],"replies":[{"embeddable":true,"href":"https:\/\/www.correspondentevianopolino.com.br\/site\/wp-json\/wp\/v2\/comments?post=18617"}],"version-history":[{"count":0,"href":"https:\/\/www.correspondentevianopolino.com.br\/site\/wp-json\/wp\/v2\/posts\/18617\/revisions"}],"wp:featuredmedia":[{"embeddable":true,"href":"https:\/\/www.correspondentevianopolino.com.br\/site\/wp-json\/wp\/v2\/media\/18618"}],"wp:attachment":[{"href":"https:\/\/www.correspondentevianopolino.com.br\/site\/wp-json\/wp\/v2\/media?parent=18617"}],"wp:term":[{"taxonomy":"category","embeddable":true,"href":"https:\/\/www.correspondentevianopolino.com.br\/site\/wp-json\/wp\/v2\/categories?post=18617"},{"taxonomy":"post_tag","embeddable":true,"href":"https:\/\/www.correspondentevianopolino.com.br\/site\/wp-json\/wp\/v2\/tags?post=18617"}],"curies":[{"name":"wp","href":"https:\/\/api.w.org\/{rel}","templated":true}]}}